{"id":6534,"date":"2025-04-17T12:58:54","date_gmt":"2025-04-17T10:58:54","guid":{"rendered":"https:\/\/monde25.info\/index.php\/2025\/04\/17\/le-president-trump-nationalisme-contre-mondialisme\/"},"modified":"2025-04-17T12:58:54","modified_gmt":"2025-04-17T10:58:54","slug":"le-president-trump-nationalisme-contre-mondialisme","status":"publish","type":"post","link":"https:\/\/monde25.info\/index.php\/2025\/04\/17\/le-president-trump-nationalisme-contre-mondialisme\/","title":{"rendered":"Le pr\u00e9sident Trump : nationalisme contre mondialisme."},"content":{"rendered":"<p> <br \/>\n<\/p>\n<div id=\"\">\n<p>Il s\u2019agit maintenant, dans cet article, d\u2019examiner  les cons\u00e9quences sociales, aux Etats-Unis et en Europe, de la mondialisation, telle qu\u2019elle a \u00e9t\u00e9 induite  par les forces de la Finance. Le pr\u00e9sident Trump reproche \u00e0 ses pr\u00e9d\u00e9cesseurs, et aux forces du libre-\u00e9change et du mondialisme, d\u2019avoir affaibli la  puissance des Etats-Unis, notamment par leur politique de d\u00e9localisation industrielle.<\/p>\n<p><strong>Les transformations sociologiques<\/strong><\/p>\n<p>Au fur et \u00e0 mesure que les Etats-Unis se d\u00e9sindustrialisaient, le capital financier et le secteur des services prenaient une importance de plus en plus grande jusqu\u2019\u00e0 dominer de fa\u00e7on \u00e9crasante l\u2019\u00e9conomie et la soci\u00e9t\u00e9\u00a0: capital boursier, capital bancaire, capital commercial de la grande distribution.<\/p>\n<p>La population employ\u00e9e  dans les activit\u00e9s productives a d\u00e9clin\u00e9 et, avec elle, son poids social et politique en m\u00eame temps qu\u2019augmentaient ces sentiments de frustration et de laiss\u00e9s-pour-compte si caract\u00e9ristiques de la base sociale du trumpisme. Le d\u00e9clin s\u2019est fait notamment dans les activit\u00e9s qui \u00e9taient auparavant \u00e0 l\u2019avant-garde technologique\u00a0:\u00a0industrie automobile, industries \u00e9lectriques, industrie t\u00e9l\u00e9phonique supplant\u00e9e par l\u2019Internet. Le d\u00e9classement \u00e9conomique s\u2019est donc accompagn\u00e9  aussi d\u2019un sentiment de d\u00e9classement intellectuel. Les \u00e9pisodes, comme celui de  l\u2019\u2019\u00e9pid\u00e9mie de suicides dans les services t\u00e9l\u00e9phoniques traditionnels, d\u00e9class\u00e9s par l\u2019Internet, sont bien connus.<\/p>\n<p>Les  hauts salaires et revenus distribu\u00e9s dans la foule des activit\u00e9s tournant autour du capital financier, traders, cabinets d\u2019affaires et d\u2019\u00e9tudes de tous genres, services de contentieux, de comptabilit\u00e9, informatique bancaire, m\u00e9dias de gestion de l\u2019opinion de plus en plus n\u00e9cessaires au fonctionnement global du syst\u00e8me,  ont attir\u00e9 une population sans cesse croissante de dipl\u00f4m\u00e9s sup\u00e9rieurs. Les \u00e9tudes commerciales et financi\u00e8res, le droit des affaires, les m\u00e9tiers du haut de la superstructure l\u2019ont emport\u00e9 sociologiquement sur les m\u00e9tiers directement productifs. Les Etats-Unis, et les  pays europ\u00e9ens ont de moins en moins d\u2019ing\u00e9nieurs, de techniciens et m\u00eame de m\u00e9decins. Ils sont remplac\u00e9s par des migrants. La Chine forme cinq  fois plus d\u2019ing\u00e9nieurs que les EU.<\/p>\n<p><strong>Les \u00e9lites de la mondialisation<\/strong><\/p>\n<p>Il en a r\u00e9sult\u00e9 de nouvelles \u00e9lites, d\u2019autant plus arrogantes et m\u00eame m\u00e9prisantes envers  les travailleurs du secteur de la production mat\u00e9rielle, industrielle ou agricole, qu\u2019elles sont loin de l\u2019\u00e9conomie r\u00e9elle, au contraire des ing\u00e9nieurs et m\u00eames des  patrons engag\u00e9s dans l\u2019industrie productive.<\/p>\n<p>On a alors, sur le plan  politique, l\u2019explication du  ressentiment qui s\u2019est accumul\u00e9 contre les \u00ab\u00a0d\u00e9mocrates\u00a0\u00bb aux Etats-Unis mais aussi contre d\u2019autres forces politiques semblables en Europe\u00a0:\u00a0macronistes, socio-d\u00e9mocrates, travaillistes, d\u00e9mocrates-chr\u00e9tiens, partis de la droite. Il s\u2019est exprim\u00e9 dans  des mouvements populaires comme celui des \u00ab\u00a0Gilets jaunes en France\u00a0\u00bb, ou celui qui s\u2019est amplifi\u00e9 dans le soutien \u00e0 Trump dans l\u2019 \u00ab\u00a0Am\u00e9rique profonde\u00a0\u00bb et les r\u00e9gions d\u00e9sindustrialis\u00e9es. Le mot d\u2019ailleurs qui revient souvent dans la bouche de ces  mouvements populaires de r\u00e9volte contre le syst\u00e8me est celui de \u00ab\u00a0m\u00e9pris\u00a0\u00bb, celui \u00e0 leur \u00e9gard de la nouvelle \u00e9lite.<br class=\"autobr\"\/><br \/>\nLes \u00e9lites mondialis\u00e9es, d\u00e9barrass\u00e9es des soucis de revenus et de \u00ab\u00a0pouvoir d\u2019achat\u00a0\u00bb, \u00e9voluant dans le monde abstrait de la finance et des services, ont \u00e9t\u00e9  alors plus pr\u00e9occup\u00e9es par les questions soci\u00e9tales que sociales. La cristallisation des d\u00e9bats sur des th\u00e8mes telles que les questions sexuelles, la th\u00e9orie du genre, le wokisme, avec les passions qu\u2019ils  introduisent depuis la nuit des temps d\u00e8s qu\u2019il s\u2019agit de questions  anthropologiques, et de leurs cons\u00e9quences morales et civilisationnelles, expliquent le caract\u00e8re extr\u00eame et passionnel des tensions actuelles. Ces tensions  ne sont pas seulement \u00e9conomiques mais culturelles et morales.<\/p>\n<p>La d\u00e9gradation extr\u00eame des valeurs proclam\u00e9es occidentales a atteint son paroxysme \u00e0 Gaza, \u00e0 travers une inhumanit\u00e9 totale. Ne pourrait-elle pas s\u2019expliquer, sans trop forcer la note, par cette \u00e9volution mondiale d\u2019\u00e9lites d\u00e9sormais sans rep\u00e8res, sans empathie,  \u00e9voluant dans une sorte de vide identitaire, qu\u2019il soit anthropologique ou national.<\/p>\n<p>I<strong>nternationalisme mondialiste contre nationalisme<\/strong><\/p>\n<p>Le mondialisme occidental a des faux airs d\u2019internationalisme. Il a ambitionn\u00e9 de constituer une bourgeoisie internationale, une classe supranationale, l\u2019oligarchie financi\u00e8re, l\u2019union des bourses et des banques, qui d\u00e9passe les conflits nationalistes. Cela s\u2019est exprim\u00e9 entre autres  dans le projet  de construire une Union europ\u00e9enne.<\/p>\n<p>De la m\u00eame mani\u00e8re,  les \u00e9lites nourries par l\u2019\u00e9conomie financi\u00e8re, ont \u00e9t\u00e9 enclines naturellement \u00e0 des id\u00e9ologies politiques supranationales, puisque b\u00e9n\u00e9ficiaires d\u2019une \u00ab\u00a0mondialisation heureuse\u00a0\u00bb. L\u2019internationalisme, si cher au mouvement ouvrier, a pris l\u2019aspect d\u2019un autre internationalisme, moderniste, apparemment ouvert au monde, mais reposant sur une accentuation des in\u00e9galit\u00e9s sociales. On a vu alors s\u2019opposer  \u00e0 ces  \u00e9lites dirigeantes les partisans d\u2019un  nationalisme d\u2019autant plus exacerb\u00e9 qu\u2019il s\u2019identifiait aux ravages caus\u00e9s ou suppos\u00e9s de cette mondialisation. Le nationalisme des milieux populaires s\u2019est alors oppos\u00e9 \u00e0 l\u2019internationalisme moderniste des cat\u00e9gories sociales qui ont b\u00e9n\u00e9fici\u00e9 de la mondialisation. Il a trouv\u00e9 son expression dans des partis qu\u2019on d\u00e9signe en gros d\u2019extr\u00eame droite, faute encore d\u2019autres mots. Mais il s\u2019exprime aussi dans  le nationalisme d\u2019une gauche radicale. On en reparlera.<\/p>\n<p>Le 2 avril 2025, le pr\u00e9sident Trump annonce ses taxes douani\u00e8res protectionnistes, \u00ab\u00a0nationalistes\u00a0\u00bb. Dans les trois jours qui suivent 17\u00a0000 milliards  de dollars de valeurs boursi\u00e8res partent en fum\u00e9e \u00e0 Wall Street. L\u2019\u00e9conomie r\u00e9elle, elle, \u00e9videmment, n\u2019avait pas boug\u00e9. Mais cela donne une id\u00e9e du poids de l\u2019\u00e9conomie immat\u00e9rielle sur l\u2019\u00e9conomie r\u00e9elle, et des cons\u00e9quences d\u00e9sastreuses que fait peser chacune de ces crises sur le travail productif.<\/p>\n<p>En se cristallisant sur les taxes douani\u00e8res, en prenant comme mod\u00e8le le protectionnisme, le pr\u00e9sident Trump s\u2019est attaqu\u00e9 au c\u0153ur m\u00eame du mondialisme\u00a0:\u00a0le libre-\u00e9change. On comprend d\u00e8s lors que c\u2019est le capital financier, le capital bancaire, la bourse qui vont se mobiliser contre Trump, \u00e0 travers leurs partis et leurs m\u00e9dias\u00a0:\u00a0le parti d\u00e9mocrate, CNN, le <i>New  York Times<\/i>, le <i>Washington Post<\/i>  aux Etats-Unis, et leurs \u00e9quivalents politiques et m\u00e9diatiques dans les pays de l\u2019Europe occidentale.<\/p>\n<p>On peut m\u00eame se risquer \u00e0 un peu de complotisme en soup\u00e7onnant le capital financier et boursier, les mondialistes, de jouer un  r\u00f4le dans la panique boursi\u00e8re, qui s\u2019est d\u00e9clench\u00e9e, sur les principales places financi\u00e8res, notamment en  diffusant la peur dans la masse des petits \u00e9pargnants. Le but est d\u2019\u00e9vidence de stopper Trump en attendant de le faire chuter.<\/p>\n<p><strong>Sur les deux rives de l\u2019Atlantique<\/strong><\/p>\n<p>Les liens entre les \u00e9lites mondialistes occidentales des deux rives de l\u2019Atlantique sont flagrants. On a pu observer que la plupart des m\u00e9dias europ\u00e9ens  ont fait contre Donald Trump la m\u00eame campagne, presque mot pour mot, image par image, que celle engag\u00e9e par les m\u00e9dias proches des d\u00e9mocrates aux Etats-Unis. Il en est de m\u00eame, derni\u00e8rement, concernant  l\u2019accusation de \u00ab\u00a0d\u00e9lit d\u2019initi\u00e9\u00a0\u00bb  formul\u00e9e contre le pr\u00e9sident Trump et son entourage suite \u00e0 la brusque mont\u00e9e des actions en bourse apr\u00e8s l\u2019annonce par le pr\u00e9sident des EU du gel de la hausses des taxes de douanes pour  90 jours.<\/p>\n<p>Les \u00e9lites mondialistes, \u00e0 mesure qu\u2019elles se d\u00e9couplent de la r\u00e9alit\u00e9, qu\u2019elles \u00e9voluent dans le monde abstrait de la finance, ou dans le monde m\u00e9diatico-politique, ou qu\u2019elles se bureaucratisent, perdent de leur cr\u00e9dibilit\u00e9 aupr\u00e8s de l\u2019opinion. Trump l\u2019avait bien senti qui avait d\u00e9sign\u00e9, d\u00e8s sa premi\u00e8re campagne, \u00e0 la vindicte  publique les \u00e9lites de la c\u00f4te Est et de Washington. On a le m\u00eame discours anti-\u00e9litaire dans l\u2019extr\u00eame droite nationaliste fran\u00e7aise.<\/p>\n<p>Donald Trump avait montr\u00e9 aussi du doigt, d\u00e8s sa premi\u00e8re campagne, le complexe m\u00e9diatico-politique des oligarchies financi\u00e8res, et notamment son r\u00e9seau de grands m\u00e9dias dont on a parl\u00e9 plus haut. Le mouvement contre les m\u00e9dias <i>mainstream<\/i>, s\u2019est ensuite amplifi\u00e9. Ces m\u00e9dias, et leurs  journalistes, se sont retrouv\u00e9s souvent accus\u00e9s et m\u00eame chass\u00e9s par la foule dans les rassemblements populaires aux Etats-Unis et en Europe. C\u2019est un ph\u00e9nom\u00e8ne qui a pris de l\u2019ampleur. <br class=\"autobr\"\/><br \/>\nLes  r\u00e9seaux sociaux d\u00e9noncent \u00ab\u00a0l\u2019empire du mensonge m\u00e9diatique\u00a0\u00bb.  L\u2019Union europ\u00e9enne veut \u00ab\u00a0r\u00e9guler\u00a0\u00bb, comme elle le dit, les r\u00e9seaux sociaux.  Les trumpistes, aux Etats Unis et en Europe, mais aussi d\u2019autres courants d\u2019opinion, la soup\u00e7onnent de vouloir emp\u00eacher l\u2019expression alternative aux m\u00e9dias dominants. La question de la libert\u00e9 d\u2019expression m\u00e9diatique est donc devenue, r\u00e9cemment,  un enjeu entre le trumpisme et les mondialistes. La d\u00e9nonciation vigoureuse et inattendue faite par le vice-pr\u00e9sident des Etats-Unis, David Vance, le 14 f\u00e9vrier 2025 \u00e0 Munich, des atteintes europ\u00e9ennes \u00e0 la libert\u00e9 d\u2019expression sur Internet en est un moment significatif.<\/p>\n<p>En Europe, les \u00e9lites politiques ne font plus recette. Les partis traditionnels, cr\u00e9\u00e9s ou entretenus par le syst\u00e8me oligarchique financier  s\u2019\u00e9tiolent, s\u2019affaiblissent ou m\u00eame s\u2019effondrent devant la pouss\u00e9e de forces radicales,  e droite ou de gauche. Le syst\u00e8me politique en place dit, de ces forces, et avec quelque m\u00e9pris, qu\u2019elles  sont \u00ab\u00a0populistes\u00a0\u00bb mais il n\u2019explique  pas ou il ne comprend  pas leur succ\u00e8s de plus en plus grand, le plus souvent sur les th\u00e8mes antimondialistes. Ou alors, les partis du syst\u00e8me essaient de r\u00e9cup\u00e9rer les th\u00e8mes dits \u00ab\u00a0populistes\u00a0\u00bb, pour retrouver une influence. Un  exemple r\u00e9cent en a \u00e9t\u00e9 l\u2019exploitation du th\u00e8me de l\u2019immigration dans la crise alg\u00e9ro-fran\u00e7aise actuelle.<\/p>\n<p><strong>Dans le bureau ovale<\/strong><\/p>\n<p>Dans le bureau ovale, lieu sacrosaint, mythique  du pouvoir aux Etats-Unis, c\u2019est une joyeuse cohue. Des journalistes, des conseillers, l\u2019envahissent allant jusqu\u2019\u00e0 toucher le bureau en ch\u00eane,  si c\u00e9l\u00e8bre,  et si souvent vu dans les films hollywoodiens, o\u00f9 est assis, impavide, le pr\u00e9sident. Il y a m\u00eame X, le fils d\u2019Elon Musk,  juch\u00e9 sur les \u00e9paules de son p\u00e8re. Donald Trump regarde tout cela avec un sourire \u00e9nigmatique. Le pr\u00e9sident Trump, \u00ab\u00a0populiste\u00a0\u00bb, s\u2019il en est, casse tous les protocoles. Ce n\u2019est plus le pr\u00e9sident am\u00e9ricain, si lointain, enferm\u00e9 dans les myst\u00e8res de la Maison blanche, comme l\u2019\u00e9taient ses pr\u00e9d\u00e9cesseurs. C\u2019est un vrai coup d\u2019Etat contre tout l\u2019apparat et la solennit\u00e9 des institutions. Le coup d\u2019Etat n\u2019avait-il pas d\u2019ailleurs commenc\u00e9 le jour de l\u2019attaque du Capitole.<\/p>\n<p>Trump signe les d\u00e9crets et g\u00e8re en direct les Etats-Unis devant les cam\u00e9ras de la t\u00e9l\u00e9vision, devant les \u00e9tatsuniens, devant  le monde. Il dit lui-m\u00eame que c\u2019est de \u00ab\u00a0la transparence\u00a0\u00bb. On pourrait m\u00eame parler de m\u00e9thode r\u00e9volutionnaire,  du  moins dans la forme, car le fond c\u2019est \u00e9videmment une autre histoire. Les r\u00e9volutionnaires  en r\u00eavaient, une d\u00e9mocratie directe, et c\u2019est un milliardaire qui la pratique.<\/p>\n<p><strong>Mais il y a toujours et encore le bon vieil \u00ab\u00a0imp\u00e9rialisme US\u00a0\u00bb<\/strong><\/p>\n<p>Le Pr\u00e9sident Trump serait-il un r\u00e9volutionnaire\u00a0? Serait-il  en train de changer le monde\u00a0? Peut-\u00eatre  mais ind\u00e9pendamment  de sa volont\u00e9, par la logique implacable des contradictions qu\u2019il approfondit entre sa volont\u00e9 de maintenir la domination des Etats Unis et le nouveau monde \u00e9mergent qui s\u2019impose chaque jour plus. Le monde serait-il en train de  devenir  meilleur comme l\u2019assure ses partisans aux Etats-Unis et en Occident\u00a0? Ce serait bien aventureux de le penser.<\/p>\n<p>Pour qui aurait d\u00e9j\u00e0 oubli\u00e9 les ravages caus\u00e9s au monde par l\u2019occidentalisme, la nouvelle crise qui se noue actuellement autour de l\u2019Iran lui ferait imm\u00e9diatement changer d\u2019avis.<\/p>\n<p>Chassez le naturel il revient au galop. Le temps d\u2019une tr\u00eave dans l\u2019application des nouveaux tarifs douaniers, la solidarit\u00e9, la complicit\u00e9 occidentale se sont  reform\u00e9es. Il y avait longtemps qu\u2019on n\u2019avait pas entendu une certaine terminologie\u00a0:\u00a0\u00ab\u00a0communaut\u00e9 internationale\u00a0\u00bb, \u00ab\u00a0l\u2019axe de mal\u00a0\u00bb. Trump retrouve la faveur des m\u00e9dias de la Finance pour sa \u00ab\u00a0d\u00e9termination\u00a0\u00bb vis-\u00e0-vis de l\u2019Iran. C\u2019est que l\u2019Iran coche toutes les cases des th\u00e8mes traditionnels de la propagande guerri\u00e8re occidentaliste\u00a0: \u00ab\u00a0condition  des femmes, l\u2019Islam, les ressources p\u00e9troli\u00e8res, l\u2019hostilit\u00e9 \u00e0 Isra\u00ebl\u00a0\u00bb. La loi du plus fort, le diktat, le deux poids deux mesures reviennent brusquement, comme \u00ab\u00a0au bon vieux temps\u00a0\u00bb. L\u2019arrogance d\u2019un  discours m\u00e9diatique occidental qui redevient consensuel est stup\u00e9fiante. Isra\u00ebl a la bombe atomique, elle en a des dizaines, mais on veut interdire \u00e0 l\u2019Iran d\u2019en poss\u00e9der. O\u00f9 est la logique\u00a0? Il suffirait que chacun, Isra\u00ebl et l\u2019Iran s\u2019accordent pour renoncer \u00e0 l\u2019arme nucl\u00e9aire. Mais ce serait trop demander \u00e0 Isra\u00ebl. Les Etats-Unis et Isra\u00ebl n\u2019y songent m\u00eame pas. N\u2019est-ce pas une immense injustice\u00a0?  Ils veulent interdire \u00e0 l\u2019Iran de fabriquer m\u00eame des missiles. Ils veulent tout simplement d\u00e9sarmer l\u2019Iran comme les EU l\u2019avaient fait pour les Indiens avant de les faire disparaitre.<\/p>\n<p>C\u2019est d\u2019ailleurs leur projet \u00e0 Gaza. Les Palestiniens sont les indiens d\u2019Isra\u00ebl. Le carnage des Palestiniens se  poursuit m\u00e9thodiquement. Trump vient d\u2019autoriser la livraison de 12 milliards de dollars d\u2019armes et d\u2019aides diverses \u00e0 Isra\u00ebl. Et en prime, il a supprim\u00e9 la subvention f\u00e9d\u00e9rale \u00e0 l\u2019Universit\u00e9 d\u2019Harvard, pour \u00ab\u00a0antis\u00e9mitisme\u00a0\u00bb, c\u2019est-\u00e0-dire pour avoir manifest\u00e9 contre le sionisme et le g\u00e9nocide des palestiniens.<\/p>\n<p>Tout ceci devrait servir de le\u00e7on permanente. L\u2019humanit\u00e9 a encore beaucoup \u00e0 faire.<\/p>\n<p><i> <strong>Prochain article\u00a0:\u00a0\u00bble trumpisme r\u00e9v\u00e8le un monde in\u00e9dit\u00a0\u00bb<\/strong><br class=\"autobr\"\/><br \/>\n__<\/i><\/p>\n<p>(1)\t[<a target=\"_blank\" href=\"https:\/\/www.legrandsoir.info\/le-president-trump-ou-le-retour-vers-le-futur.html-&gt;https:\/\/www.legrandsoir.info\/le-president-trump-ou-le-retour-vers-le-futur.html\">https:\/\/www.legrandsoir.info\/le-president-trump-ou-le-retour-vers-le-futur.html<\/a>]<\/p>\n<\/div>\n<p><script async defer>(function(d, s, id) {\nvar js, fjs = d.getElementsByTagName(s)[0];\nif (d.getElementById(id)) return;\njs = d.createElement(s); js.id = id;\njs.src=\"https:\/\/connect.facebook.net\/fr_FR\/sdk.js#xfbml=1&version=v3.0\";\nfjs.parentNode.insertBefore(js, fjs);\n}(document, 'script', 'facebook-jssdk'));<\/script><br \/>\n<br \/><br \/>\n<br \/><a href=\"https:\/\/www.legrandsoir.info\/le-president-trump-nationalisme-contre-mondialisme.html\" target=\"_blank\"\">Source link <\/a><\/p>\n","protected":false},"excerpt":{"rendered":"<p>Il s\u2019agit maintenant, dans cet article, d\u2019examiner les cons\u00e9quences sociales, aux Etats-Unis et en Europe, de la mondialisation, telle qu\u2019elle a \u00e9t\u00e9 induite par les forces de la Finance. Le&hellip; <\/p>\n","protected":false},"author":1,"featured_media":6535,"comment_status":"open","ping_status":"open","sticky":false,"template":"","format":"standard","meta":{"footnotes":""},"categories":[1],"tags":[],"class_list":["post-6534","post","type-post","status-publish","format-standard","has-post-thumbnail","hentry","category-non-classe"],"_links":{"self":[{"href":"https:\/\/monde25.info\/index.php\/wp-json\/wp\/v2\/posts\/6534","targetHints":{"allow":["GET"]}}],"collection":[{"href":"https:\/\/monde25.info\/index.php\/wp-json\/wp\/v2\/posts"}],"about":[{"href":"https:\/\/monde25.info\/index.php\/wp-json\/wp\/v2\/types\/post"}],"author":[{"embeddable":true,"href":"https:\/\/monde25.info\/index.php\/wp-json\/wp\/v2\/users\/1"}],"replies":[{"embeddable":true,"href":"https:\/\/monde25.info\/index.php\/wp-json\/wp\/v2\/comments?post=6534"}],"version-history":[{"count":0,"href":"https:\/\/monde25.info\/index.php\/wp-json\/wp\/v2\/posts\/6534\/revisions"}],"wp:featuredmedia":[{"embeddable":true,"href":"https:\/\/monde25.info\/index.php\/wp-json\/wp\/v2\/media\/6535"}],"wp:attachment":[{"href":"https:\/\/monde25.info\/index.php\/wp-json\/wp\/v2\/media?parent=6534"}],"wp:term":[{"taxonomy":"category","embeddable":true,"href":"https:\/\/monde25.info\/index.php\/wp-json\/wp\/v2\/categories?post=6534"},{"taxonomy":"post_tag","embeddable":true,"href":"https:\/\/monde25.info\/index.php\/wp-json\/wp\/v2\/tags?post=6534"}],"curies":[{"name":"wp","href":"https:\/\/api.w.org\/{rel}","templated":true}]}}