{"id":6549,"date":"2025-04-17T17:22:59","date_gmt":"2025-04-17T15:22:59","guid":{"rendered":"https:\/\/monde25.info\/index.php\/2025\/04\/17\/geraldine-woessner-du-point-continue-de-se-ridiculiser-concernant-la-sante-malgre-les-preuves\/"},"modified":"2025-04-17T17:22:59","modified_gmt":"2025-04-17T15:22:59","slug":"geraldine-woessner-du-point-continue-de-se-ridiculiser-concernant-la-sante-malgre-les-preuves","status":"publish","type":"post","link":"https:\/\/monde25.info\/index.php\/2025\/04\/17\/geraldine-woessner-du-point-continue-de-se-ridiculiser-concernant-la-sante-malgre-les-preuves\/","title":{"rendered":"G\u00e9raldine Woessner du &lsquo;Point&rsquo; continue de se ridiculiser concernant la sant\u00e9 malgr\u00e9 les preuves&#8230;"},"content":{"rendered":"<p> <br \/>\n<\/p>\n<div>\n<p><a target=\"_blank\" href=\"https:\/\/www.lepoint.fr\/sante\/ces-chiffres-qui-invalident-les-discours-antivax-16-04-2025-2587451_40.php\"><em><span class=\"dropcap \" style=\"background-color: #ffffff; color: #000000; border-color: #ffffff;\"><strong>L<\/strong><\/span>e Point<\/em><\/a> a publi\u00e9 hier un papier concernant la vaccination qui a sauv\u00e9 154 millions de personnes dans le monde depuis 50 ans, depuis la mise en place du Programme \u00e9largi de l\u2019OMS sur la vaccination en 1974 ! D\u00e9j\u00e0 le chiffre est tr\u00e8s faible si on le divise par 50 puisqu\u2019il s\u2019agit de la plan\u00e8te enti\u00e8re. Ensuite, le papier s\u2019appuie sur un article du <a target=\"_blank\" href=\"https:\/\/www.thelancet.com\/journals\/lancet\/article\/PIIS0140-6736(24)00850-X\/fulltext#au140\">Lancet<\/a> qui n\u2019est rien d\u2019autre qu\u2019une mod\u00e9lisation math\u00e9matique qui ne repose sur rien de concret. On connait d\u00e9j\u00e0 les mod\u00e9lisations math\u00e9matiques du covid-19 ou de la grippe aviaire qui pr\u00e9disaient des centaines de millions de morts\u2026<\/p>\n<\/div>\n<div>\n<p>On se souvient tous de la propagande folle autour du Covid-19 et la complicit\u00e9 du Point dans la diffusion de fake news et surtout la diabolisation de toute id\u00e9e inverse \u00e0 la Doxa. Comme vous pouvez le constater dans la capture \u00e9cran ci-dessus, <em>Le Point<\/em> affirmait \u00e0 l\u2019\u00e9poque que la th\u00e9orie du virus \u00e9chapp\u00e9 du labo P4 de Wuhan \u00e9tait une affreuse th\u00e9orie du complot ! 5 ans plus tard le m\u00eame <em>Point<\/em> affirme l\u2019inverse sans\u00a0 jamais s\u2019excuser. Ce qui d\u00e9montre qu\u2019il n\u2019en a rien \u00e0 faire de la v\u00e9rit\u00e9 ou de l\u2019information, le seul objectif de ce torchon est la propagande.<\/p>\n<p>Pire encore, quand la tr\u00e8s mauvaise G\u00e9raldine Woessner reprend le papier pour attaquer toute r\u00e9flexion sur l\u2019int\u00e9r\u00eat de la vaccination elle rate encore sa cible. C\u2019est fou \u00e0 quel point elle est \u00e0 c\u00f4t\u00e9 de la plaque car la mortalit\u00e9 infantile augmente en France et \u00e7a n\u2019a rien \u00e0 voir avec les vaccins ! <span class=\"css-1jxf684 r-bcqeeo r-1ttztb7 r-qvutc0 r-poiln3 r-a8ghvy\"><span class=\"css-1jxf684 r-bcqeeo r-1ttztb7 r-qvutc0 r-poiln3\">En 2024, le taux \u00e9tait de <\/span><\/span><span class=\"css-1jxf684 r-bcqeeo r-1ttztb7 r-qvutc0 r-poiln3 r-b88u0q r-a8ghvy\"><span class=\"css-1jxf684 r-bcqeeo r-1ttztb7 r-qvutc0 r-poiln3\"><span class=\"css-1jxf684 r-bcqeeo r-1ttztb7 r-qvutc0 r-poiln3 r-a8ghvy\">4,1 d\u00e9c\u00e8s pour 1 000 naissances vivantes<\/span><\/span><\/span><span class=\"css-1jxf684 r-bcqeeo r-1ttztb7 r-qvutc0 r-poiln3 r-a8ghvy\"><span class=\"css-1jxf684 r-bcqeeo r-1ttztb7 r-qvutc0 r-poiln3\">, contre <\/span><\/span><span class=\"css-1jxf684 r-bcqeeo r-1ttztb7 r-qvutc0 r-poiln3 r-b88u0q r-a8ghvy\"><span class=\"css-1jxf684 r-bcqeeo r-1ttztb7 r-qvutc0 r-poiln3\"><span class=\"css-1jxf684 r-bcqeeo r-1ttztb7 r-qvutc0 r-poiln3 r-a8ghvy\">3,5 \u2030<\/span><\/span><\/span><span class=\"css-1jxf684 r-bcqeeo r-1ttztb7 r-qvutc0 r-poiln3 r-a8ghvy\"><span class=\"css-1jxf684 r-bcqeeo r-1ttztb7 r-qvutc0 r-poiln3\"> en 2011, selon l\u2019Insee.<\/span><\/span><\/p>\n<p>Qu\u2019en est-il de la mortalit\u00e9 infantile caus\u00e9e par la faim et du refus de l\u2019Occident de nourrir des millions d\u2019enfants ; pr\u00e9f\u00e9rant jeter des cargaisons de c\u00e9r\u00e9ales dans les oc\u00e9ans pour contr\u00f4ler le prix mondial ? Pendant cette m\u00eame p\u00e9riode de 50 ans 365 000 000 de personnes sont mortes de faim dans le monde ! Et ce n\u2019est pas une mod\u00e9lisation math\u00e9matique mais la r\u00e9alit\u00e9. On fait quoi maintenant ! Si on veut sauver des vies et leur permettre un syst\u00e8me immunitaire efficace il faut d\u2019abord nourrir correctement les humains. Ensuite avoir de l\u2019eau courante et des \u00e9gouts efficaces. Le reste n\u2019est que bla bla et business\u2026<\/p>\n<hr\/>\n<p><a target=\"_blank\" href=\"https:\/\/i0.wp.com\/www.lelibrepenseur.org\/wp-content\/uploads\/2025\/04\/Faim-dans-le-monde-genocide.jpg?ssl=1\"><img data-recalc-dims=\"1\" loading=\"lazy\" decoding=\"async\" data-attachment-id=\"6054513\" data-permalink=\"https:\/\/www.lelibrepenseur.org\/geraldine-woessner-du-point-continue-de-se-ridiculiser-concernant-la-sante-malgre-les-preuves\/faim-dans-le-monde-genocide\/\" data-orig-file=\"https:\/\/i0.wp.com\/www.lelibrepenseur.org\/wp-content\/uploads\/2025\/04\/Faim-dans-le-monde-genocide.jpg?fit=1080%2C1453&amp;ssl=1\" data-orig-size=\"1080,1453\" data-comments-opened=\"1\" data-image-meta=\"{&quot;aperture&quot;:&quot;0&quot;,&quot;credit&quot;:&quot;&quot;,&quot;camera&quot;:&quot;&quot;,&quot;caption&quot;:&quot;&quot;,&quot;created_timestamp&quot;:&quot;0&quot;,&quot;copyright&quot;:&quot;&quot;,&quot;focal_length&quot;:&quot;0&quot;,&quot;iso&quot;:&quot;0&quot;,&quot;shutter_speed&quot;:&quot;0&quot;,&quot;title&quot;:&quot;&quot;,&quot;orientation&quot;:&quot;0&quot;}\" data-image-title=\"Faim dans le monde \u2013 g\u00e9nocide\" data-image-description=\"\" data-image-caption=\"\" data-medium-file=\"https:\/\/i0.wp.com\/www.lelibrepenseur.org\/wp-content\/uploads\/2025\/04\/Faim-dans-le-monde-genocide.jpg?fit=223%2C300&amp;ssl=1\" data-large-file=\"https:\/\/i0.wp.com\/www.lelibrepenseur.org\/wp-content\/uploads\/2025\/04\/Faim-dans-le-monde-genocide.jpg?fit=761%2C1024&amp;ssl=1\" class=\"wp-image-6054513 aligncenter\" data-pagespeed-lazy-src=\"https:\/\/i0.wp.com\/www.lelibrepenseur.org\/wp-content\/uploads\/2025\/04\/Faim-dans-le-monde-genocide.jpg?resize=616%2C829&amp;ssl=1\" alt=\"\" width=\"616\" height=\"829\" data-pagespeed-lazy-srcset=\"https:\/\/i0.wp.com\/www.lelibrepenseur.org\/wp-content\/uploads\/2025\/04\/Faim-dans-le-monde-genocide.jpg?w=1080&amp;ssl=1 1080w, https:\/\/i0.wp.com\/www.lelibrepenseur.org\/wp-content\/uploads\/2025\/04\/Faim-dans-le-monde-genocide.jpg?resize=223%2C300&amp;ssl=1 223w, https:\/\/i0.wp.com\/www.lelibrepenseur.org\/wp-content\/uploads\/2025\/04\/Faim-dans-le-monde-genocide.jpg?resize=761%2C1024&amp;ssl=1 761w, https:\/\/i0.wp.com\/www.lelibrepenseur.org\/wp-content\/uploads\/2025\/04\/Faim-dans-le-monde-genocide.jpg?resize=768%2C1033&amp;ssl=1 768w, https:\/\/i0.wp.com\/www.lelibrepenseur.org\/wp-content\/uploads\/2025\/04\/Faim-dans-le-monde-genocide.jpg?resize=18%2C24&amp;ssl=1 18w, https:\/\/i0.wp.com\/www.lelibrepenseur.org\/wp-content\/uploads\/2025\/04\/Faim-dans-le-monde-genocide.jpg?resize=27%2C36&amp;ssl=1 27w, https:\/\/i0.wp.com\/www.lelibrepenseur.org\/wp-content\/uploads\/2025\/04\/Faim-dans-le-monde-genocide.jpg?resize=36%2C48&amp;ssl=1 36w, https:\/\/i0.wp.com\/www.lelibrepenseur.org\/wp-content\/uploads\/2025\/04\/Faim-dans-le-monde-genocide.jpg?resize=600%2C807&amp;ssl=1 600w, https:\/\/i0.wp.com\/www.lelibrepenseur.org\/wp-content\/uploads\/2025\/04\/Faim-dans-le-monde-genocide.jpg?resize=750%2C1009&amp;ssl=1 750w\" sizes=\"auto, (max-width: 616px) 100vw, 616px\" src=\"\/pagespeed_static\/1.JiBnMqyl6S.gif\" onload=\"pagespeed.lazyLoadImages.loadIfVisibleAndMaybeBeacon(this);\" onerror=\"this.onerror=null;pagespeed.lazyLoadImages.loadIfVisibleAndMaybeBeacon(this);\"\/><\/a><\/p>\n<\/div>\n<p><br \/>\n<br \/><a href=\"https:\/\/www.lelibrepenseur.org\/geraldine-woessner-du-point-continue-de-se-ridiculiser-concernant-la-sante-malgre-les-preuves\/\" target=\"_blank\"\">Source link <\/a><\/p>\n","protected":false},"excerpt":{"rendered":"<p>Le Point a publi\u00e9 hier un papier concernant la vaccination qui a sauv\u00e9 154 millions de personnes dans le monde depuis 50 ans, depuis la mise en place du Programme&hellip; <\/p>\n","protected":false},"author":1,"featured_media":0,"comment_status":"open","ping_status":"open","sticky":false,"template":"","format":"standard","meta":{"footnotes":""},"categories":[1],"tags":[],"class_list":["post-6549","post","type-post","status-publish","format-standard","hentry","category-non-classe"],"_links":{"self":[{"href":"https:\/\/monde25.info\/index.php\/wp-json\/wp\/v2\/posts\/6549","targetHints":{"allow":["GET"]}}],"collection":[{"href":"https:\/\/monde25.info\/index.php\/wp-json\/wp\/v2\/posts"}],"about":[{"href":"https:\/\/monde25.info\/index.php\/wp-json\/wp\/v2\/types\/post"}],"author":[{"embeddable":true,"href":"https:\/\/monde25.info\/index.php\/wp-json\/wp\/v2\/users\/1"}],"replies":[{"embeddable":true,"href":"https:\/\/monde25.info\/index.php\/wp-json\/wp\/v2\/comments?post=6549"}],"version-history":[{"count":0,"href":"https:\/\/monde25.info\/index.php\/wp-json\/wp\/v2\/posts\/6549\/revisions"}],"wp:attachment":[{"href":"https:\/\/monde25.info\/index.php\/wp-json\/wp\/v2\/media?parent=6549"}],"wp:term":[{"taxonomy":"category","embeddable":true,"href":"https:\/\/monde25.info\/index.php\/wp-json\/wp\/v2\/categories?post=6549"},{"taxonomy":"post_tag","embeddable":true,"href":"https:\/\/monde25.info\/index.php\/wp-json\/wp\/v2\/tags?post=6549"}],"curies":[{"name":"wp","href":"https:\/\/api.w.org\/{rel}","templated":true}]}}