{"id":655,"date":"2024-11-22T07:37:52","date_gmt":"2024-11-22T06:37:52","guid":{"rendered":"https:\/\/monde25.info\/index.php\/2024\/11\/22\/ecologistes-ressortons-nos-gilets-jaunes\/"},"modified":"2024-11-22T07:37:52","modified_gmt":"2024-11-22T06:37:52","slug":"ecologistes-ressortons-nos-gilets-jaunes","status":"publish","type":"post","link":"https:\/\/monde25.info\/index.php\/2024\/11\/22\/ecologistes-ressortons-nos-gilets-jaunes\/","title":{"rendered":"\u00ab\u00a0\u00c9cologistes, ressortons nos gilets jaunes\u00a0!\u00a0\u00bb"},"content":{"rendered":"<p> <br \/>\n<\/p>\n<div>\n        <svg class=\"grosse_icone cache_1023\">\n  <use xlink:href=\"#megaphone\"\/>\n<\/svg><\/p>\n<p>    <span class=\"date\">21 novembre 2024  \u00e0 16h48<\/span><\/p>\n<p class=\"duree_lecture\">\n        Dur\u00e9e de lecture : 4 minutes\n      <\/p>\n<\/p><\/div>\n<div>\n<p>O\u00f9 \u00eates-vous<small class=\"fine d-inline\">\u00a0<\/small>? O\u00f9 sont pass\u00e9s nos cris et nos col\u00e8res, jet\u00e9s \u00e0 la gueule des puissants<small class=\"fine d-inline\">\u00a0<\/small>? Dans quelle anfractuosit\u00e9 se sont-ils cach\u00e9s<small class=\"fine d-inline\">\u00a0<\/small>? Dans quel oc\u00e9an de ranc\u0153ur se sont-ils dilu\u00e9s<small class=\"fine d-inline\">\u00a0<\/small>? Pourquoi avons-nous rang\u00e9 nos gilets<small class=\"fine d-inline\">\u00a0<\/small>?<\/p>\n<p>Partout, les prix augmentent, les in\u00e9galit\u00e9s explosent, la catastrophe nous assaille. Mille raisons nous oppressent. Et vous n\u2019\u00eates plus l\u00e0. Nous devons apprendre \u00e0 vivre dans les restes d\u2019un r\u00eave, \u00e0 habiter le manque, \u00e0 lui survivre, \u00e0 honorer nos m\u00e9moires. Il est rare de voir ceux d\u2019en face trembler et de sentir en nous la force de tout renverser.<\/p>\n<h2 class=\"spip\">Mettre le capitalisme vert en \u00e9chec<\/h2>\n<p>Les samedis enfi\u00e9vr\u00e9s sur les Champs-\u00c9lys\u00e9es, les assembl\u00e9es communes, les cabanes sur les ronds-points, la solidarit\u00e9 par le bas, le d\u00e9bordement des cadres institu\u00e9s\u2026 Six ans sont pass\u00e9s, mais les le\u00e7ons politiques des Gilets jaunes nous hantent encore. L\u2019irruption de la r\u00e9volte a pos\u00e9 les bases d\u2019<a target=\"_blank\" href=\"https:\/\/reporterre.net\/Les-Gilets-jaunes-ont-force-la-mue-sociale-du-mouvement-ecologiste\">une mue<\/a>. Elle a pris de court les garants de l\u2019ordre existant et embras\u00e9 le pays. Son incandescence a fait voler en \u00e9clat les mythes d\u2019une transition \u00e9cologique impos\u00e9e par le haut. Elle a mis le capitalisme vert en \u00e9chec, avec ses taxes pour les uns et ses dorures pour les autres.<\/p>\n<p>Pendant des mois, les mobilisations populaires ont dict\u00e9 l\u2019agenda. La rue a impos\u00e9 son tempo. L\u2019horizontalit\u00e9 du mouvement le rendait insaisissable. Nous \u00e9tions ingouvernables.<\/p>\n<p>On sait ce qui s\u2019est jou\u00e9 ensuite. Le retour de b\u00e2ton. La r\u00e9pression. La violence. Le pouvoir qui s\u2019arc-boute et se d\u00e9fend comme un enrag\u00e9, qui invente des artefacts et des d\u00e9bats bidons pour d\u00e9tourner la col\u00e8re ou la neutraliser. Dans les milieux militants, nous avons connu l\u2019\u00e9chec et le deuil, l\u2019absence et le vide. Les rues qui retournent \u00e0 l\u2019ordre marchand, les centres-villes quadrill\u00e9s par la police et la pand\u00e9mie qui nous confine.<\/p>\n<p>Nous n\u2019avons pas encore dig\u00e9r\u00e9 ce qui s\u2019est pass\u00e9. Nous n\u2019avons pas encore mesur\u00e9 la teneur r\u00e9volutionnaire du moment. Mais nos soci\u00e9t\u00e9s auraient pu prendre un autre chemin. Quelque chose de d\u00e9cisif s\u2019est jou\u00e9 cet hiver-l\u00e0. Une br\u00e8che qui s\u2019est si vite referm\u00e9e.<\/p>\n<h2 class=\"spip\">Inventer une \u00e9cologie populaire <\/h2>\n<p>Au creux de ces semaines de bataille s\u2019est esquiss\u00e9e une autre \u00e9cologie que celle que nous vantait le pouvoir, avec ses plans de d\u00e9carbonation pour 2050 et sa gestion toute triomphante. Une autre \u00e9cologie que celle d\u2019un Nicolas Hulot tout juste sorti du minist\u00e8re, mais aussi une autre \u00e9cologie que celle des <span class=\"caps\">ONG<\/span>.<\/p>\n<p>Les Gilets jaunes ont invent\u00e9 une \u00e9cologie du quotidien, r\u00e9solument politique et situ\u00e9e, faite de d\u00e9brouille et de bricolage. Une \u00e9cologie sociale qui part des besoins, <a target=\"_blank\" href=\"https:\/\/reporterre.net\/Les-Gilets-jaunes-sont-le-premier-mouvement-social-ecologiste-de-masse\">une \u00e9cologie populaire<\/a> qui exigeait que tout le monde se regarde bien en face. Depuis ses privil\u00e8ges et son ancrage.<\/p>\n<p>Ind\u00e9niablement, au vu de la situation actuelle, nous, les \u00e9cologistes, avons rat\u00e9 quelque chose. L\u2019alliance de la fin du mois et de la fin du monde n\u2019a pas r\u00e9ussi \u00e0 prendre forme, r\u00e9ellement. Elle est rest\u00e9e un slogan, frein\u00e9 et bloqu\u00e9 par les petites bureaucraties bien install\u00e9es, les frileux du d\u00e9bordement, les puristes de l\u2019identit\u00e9.<\/p>\n<div class=\"spip_document_86449 spip_document spip_documents spip_document_image spip_documents_center spip_document_center spip_document_avec_legende\" data-legende-len=\"141\" data-legende-lenx=\"xxx\">\n<figure class=\"spip_doc_inner\">\n      <picture><source type=\"image\/webp\" srcset=\"https:\/\/reporterre.net\/local\/cache-vignettes\/L1050xH700\/ada_gilets_jaunes_060419_3415-2-0a6b4.jpg@.webp?1732192343\"><img decoding=\"async\" src=\"https:\/\/reporterre.net\/IMG\/jpg\/ada_gilets_jaunes_060419_3415-2.jpg\" width=\"1200\" height=\"800\" loading=\"lazy\" alt=\"\"\/><br \/>\n    <\/source><\/picture><figcaption class=\"spip_doc_legende\">\n<p>\u00ab<small class=\"fine d-inline\">\u00a0<\/small><small class=\"fine d-inline\">\u00a0<\/small>C\u2019est dans les Assembl\u00e9es des assembl\u00e9es que nous avons renou\u00e9 avec la d\u00e9mocratie directe et l\u2019autogestion.<small class=\"fine d-inline\">\u00a0<\/small><small class=\"fine d-inline\">\u00a0<\/small>\u00bb<br \/>\n<i>\u00a9 Yves Monteil \/ Reporterre<br \/>\n<\/i><\/p>\n<\/figcaption><\/figure>\n<\/p><\/div>\n<p>On n\u2019aime pas se m\u00ealer \u00e0 la pl\u00e8be. Certains pr\u00e9f\u00e8rent les experts ou le show-biz. Mais, voil\u00e0 o\u00f9 nous en sommes aujourd\u2019hui, \u00e0 crier dans le d\u00e9sert, \u00e0 \u00eatre une minorit\u00e9 marginale, coup\u00e9e du dehors, alors que partout les forces r\u00e9actionnaires gagnent du terrain et surfent sur le ressentiment.<\/p>\n<blockquote class=\"spip\">\n<p>\u00ab<small class=\"fine d-inline\">\u00a0<\/small>Descendre dans la m\u00eal\u00e9e avec humilit\u00e9<small class=\"fine d-inline\">\u00a0<\/small>\u00bb<\/p>\n<\/blockquote>\n<p>Si nous devons retenir une le\u00e7on de cet \u00e9pisode, c\u2019est bien de devoir apprendre \u00e0 <i>\u00ab<small class=\"fine d-inline\">\u00a0<\/small>descendre dans la m\u00eal\u00e9e <a target=\"_blank\" href=\"https:\/\/reporterre.net\/Nous-aussi-engages-dans-les-luttes-sociales-et-ecologiques-enfilerons-des\">avec humilit\u00e9<\/a><small class=\"fine d-inline\">\u00a0<\/small>\u00bb<\/i>, de refuser l\u2019entre-soi. Alors que la col\u00e8re agricole se r\u00e9veille, nous devons retrouver la m\u00eame curiosit\u00e9 pour l\u2019alt\u00e9rit\u00e9, la m\u00eame empathie et ne pas laisser des institutions ennemies diriger la col\u00e8re contre des <a target=\"_blank\" href=\"https:\/\/reporterre.net\/Ecologistes-menaces-par-des-agriculteurs-Le-silence-de-l-Etat-est-assourdissant\">boucs \u00e9missaires<\/a> faciles, en imposant leur r\u00e9cit conservateur.<\/p>\n<p>L\u2019histoire est une longue r\u00e9p\u00e9tition. Ce que nous avons v\u00e9cu en 2018-2019, sous les gaz lacrymog\u00e8nes, m\u00e9rite d\u2019\u00eatre c\u00e9l\u00e9br\u00e9. C\u2019est dans le nuage toxique que nous nous sommes rencontr\u00e9s. C\u2019est dans cette asphyxie que l\u2019<i>\u00ab<small class=\"fine d-inline\">\u00a0<\/small>\u00e9cologie populaire<small class=\"fine d-inline\">\u00a0<\/small>\u00bb<\/i> est n\u00e9e, dans les blocages des flux et des commerces que la d\u00e9croissance a pris tout son sens, c\u2019est dans <a target=\"_blank\" href=\"https:\/\/reporterre.net\/Pres-de-Commercy-l-assemblee-des-Gilets-jaunes-refonde-la-democratie\">les Assembl\u00e9es des assembl\u00e9es<\/a> que nous avons renou\u00e9 avec la d\u00e9mocratie directe et l\u2019autogestion. C\u2019est dans la lutte que l\u2019imagination est revenue au pouvoir. Et c\u2019est par elle que nous retrouverons pied. <br class=\"autobr\"\/><br \/>\n<br class=\"autobr\"\/><br \/>\n<i>En 2019, Gaspard D\u2019Allens avait pleinement pris part \u00e0 la lutte des Gilets jaunes, avant de rejoindre la r\u00e9daction de Reporterre.<\/i><\/p>\n<aside class=\"boite_encarts\">\n<div class=\"encart encart_vert noprint montre_1023\">\n<div class=\"infolettre-form-container noprint\">\n<p>Abonnez-vous \u00e0 la lettre d\u2019info de Reporterre<\/p>\n<\/div><\/div>\n<\/aside>\n<aside class=\"boite_apresarticle encart_note\">\n<h4>Apr\u00e8s cet article<\/h4>\n<p>      <a target=\"_blank\" href=\"https:\/\/reporterre.net\/Les-Gilets-jaunes-ont-force-la-mue-sociale-du-mouvement-ecologiste\" class=\"lien_article\">\n      <picture class=\"vignette_gauche\"><source type=\"image\/webp\" srcset=\"https:\/\/reporterre.net\/local\/cache-gd2\/c9\/a7abc88f145b10a903d0d627de7793.jpg@.webp?1730139838\"><img decoding=\"async\" src=\"https:\/\/reporterre.net\/local\/cache-gd2\/c9\/a7abc88f145b10a903d0d627de7793.jpg?1730139838\" width=\"450\" height=\"300\" alt=\"\" class=\"marge12\" loading=\"lazy\"\/><br \/>\n<\/source><\/picture>\n<p class=\"libelle\">\n<p>          Enqu\u00eate \u2014<\/p>\n<p>      Climat\n    <\/p>\n<p class=\"titre pol20\">Les Gilets jaunes ont forc\u00e9 la mue sociale du mouvement \u00e9cologiste<\/p>\n<p>      <\/a><br \/>\n    <\/aside>\n<aside class=\"boite_complement texte\">\n<p>      <!-- zone_forum --><br \/>\n          <\/aside>\n<aside class=\"boite_lireaussi noprint\">\n<\/aside>\n<aside class=\"colonne\">\n<div class=\"article_info cache_1023 noprint\">\n        <svg class=\"grosse_icone cache_1023\">\n  <use xlink:href=\"#megaphone\"\/>\n<\/svg><\/p>\n<p>    <span class=\"date\">21 novembre 2024  \u00e0 16h48<\/span><\/p>\n<p class=\"duree_lecture\">\n        Dur\u00e9e de lecture : 4 minutes\n      <\/p>\n<\/p><\/div>\n<div class=\"bloc_infolettre\">\n<div class=\"infolettre-form-container noprint\">\n<p>Abonnez-vous \u00e0 la lettre d\u2019info de Reporterre<\/p>\n<\/div><\/div>\n<\/aside>\n<div id=\"galerie\">\n  <img decoding=\"async\" src=\"\" class=\"principale\" id=\"principale\"\/><\/p>\n<p id=\"legende\">legende<\/p>\n<\/div>\n<footer class=\"noprint\">\n<\/footer>\n<\/div>\n<p><br \/>\n<br \/><a href=\"https:\/\/reporterre.net\/Ecologistes-ressortons-nos-gilets-jaunes\" target=\"_blank\"\">Source link <\/a><\/p>\n","protected":false},"excerpt":{"rendered":"<p>21 novembre 2024 \u00e0 16h48 Dur\u00e9e de lecture : 4 minutes O\u00f9 \u00eates-vous\u00a0? O\u00f9 sont pass\u00e9s nos cris et nos col\u00e8res, jet\u00e9s \u00e0 la gueule des puissants\u00a0? Dans quelle anfractuosit\u00e9&hellip; <\/p>\n","protected":false},"author":1,"featured_media":656,"comment_status":"open","ping_status":"open","sticky":false,"template":"","format":"standard","meta":{"footnotes":""},"categories":[1],"tags":[],"class_list":["post-655","post","type-post","status-publish","format-standard","has-post-thumbnail","hentry","category-non-classe"],"_links":{"self":[{"href":"https:\/\/monde25.info\/index.php\/wp-json\/wp\/v2\/posts\/655","targetHints":{"allow":["GET"]}}],"collection":[{"href":"https:\/\/monde25.info\/index.php\/wp-json\/wp\/v2\/posts"}],"about":[{"href":"https:\/\/monde25.info\/index.php\/wp-json\/wp\/v2\/types\/post"}],"author":[{"embeddable":true,"href":"https:\/\/monde25.info\/index.php\/wp-json\/wp\/v2\/users\/1"}],"replies":[{"embeddable":true,"href":"https:\/\/monde25.info\/index.php\/wp-json\/wp\/v2\/comments?post=655"}],"version-history":[{"count":0,"href":"https:\/\/monde25.info\/index.php\/wp-json\/wp\/v2\/posts\/655\/revisions"}],"wp:featuredmedia":[{"embeddable":true,"href":"https:\/\/monde25.info\/index.php\/wp-json\/wp\/v2\/media\/656"}],"wp:attachment":[{"href":"https:\/\/monde25.info\/index.php\/wp-json\/wp\/v2\/media?parent=655"}],"wp:term":[{"taxonomy":"category","embeddable":true,"href":"https:\/\/monde25.info\/index.php\/wp-json\/wp\/v2\/categories?post=655"},{"taxonomy":"post_tag","embeddable":true,"href":"https:\/\/monde25.info\/index.php\/wp-json\/wp\/v2\/tags?post=655"}],"curies":[{"name":"wp","href":"https:\/\/api.w.org\/{rel}","templated":true}]}}