{"id":6568,"date":"2025-04-17T23:58:39","date_gmt":"2025-04-17T21:58:39","guid":{"rendered":"https:\/\/monde25.info\/index.php\/2025\/04\/17\/le-calvaire-dun-eleveur-lache-par-letat-apres-une-erreur-de-diagnostic\/"},"modified":"2025-04-17T23:58:39","modified_gmt":"2025-04-17T21:58:39","slug":"le-calvaire-dun-eleveur-lache-par-letat-apres-une-erreur-de-diagnostic","status":"publish","type":"post","link":"https:\/\/monde25.info\/index.php\/2025\/04\/17\/le-calvaire-dun-eleveur-lache-par-letat-apres-une-erreur-de-diagnostic\/","title":{"rendered":"Le calvaire d&#039;un \u00e9leveur l\u00e2ch\u00e9 par l&#039;\u00c9tat apr\u00e8s une erreur de diagnostic"},"content":{"rendered":"<p> <br \/>\n<br \/><img loading=\"lazy\" decoding=\"async\" src=\"https:\/\/reporterre.net\/local\/cache-vignettes\/L700xH466\/gaec-maris-2-1024x682_1_-98b2e.jpg?1744900227\" class=\"spip_logo\" width=\"700\" height=\"466\" alt=\"\" \/><\/p>\n<p>Une erreur de diagnostic de tuberculose bovine a conduit un agriculteur \u00e0 subir un pr\u00e9judice \u00e9valu\u00e9 \u00e0 236\u00a0000 euros. Malgr\u00e9 la promesse d&rsquo;indemnisation du pr\u00e9fet, le minist\u00e8re de l&rsquo;Agriculture refuse toute compensation. <br class=\"autobr\" \/> \u00ab<small class=\"fine d-inline\">\u00a0<\/small>J&rsquo;ai accept\u00e9 de tuer mon cheptel pour sauver mon entreprise. Et on s&rsquo;est fait m\u00e9priser du d\u00e9but \u00e0 la fin. Je n&rsquo;en peux plus.<small class=\"fine d-inline\">\u00a0<\/small>\u00bb Pascal Maris a la voix serr\u00e9e par l&rsquo;injustice. Au t\u00e9l\u00e9phone, l&rsquo;agriculteur limousin de 36\u00a0ans retrace les \u00e9tapes d&rsquo;une erreur de l&rsquo;\u00c9tat qui a\u00a0(\u2026)<\/p>\n<p>                    <a target=\"_blank\" href=\"https:\/\/reporterre.net\/Un-eleveur-lache-par-l-Etat-apres-un-mauvais-diagnostic-sur-son-troupeau?utm_source=RSS&amp;utm_medium=RSS\">Lire la suite<\/a><\/p>\n<p>                    &#8211;<br \/>\n                        <a target=\"_blank\" href=\"https:\/\/reporterre.net\/Enquete\" rel=\"directory\">Enqu\u00eate<\/a><\/p>\n<p>                    \/<br \/>\n                        <a target=\"_blank\" href=\"https:\/\/reporterre.net\/Agriculture\" rel=\"tag\">Agriculture<\/a><br \/>\n<br \/><br \/>\n<br \/><a href=\"https:\/\/reporterre.net\/Un-eleveur-lache-par-l-Etat-apres-un-mauvais-diagnostic-sur-son-troupeau\" target=\"_blank\"\">Source link <\/a><\/p>\n","protected":false},"excerpt":{"rendered":"<p>Une erreur de diagnostic de tuberculose bovine a conduit un agriculteur \u00e0 subir un pr\u00e9judice \u00e9valu\u00e9 \u00e0 236\u00a0000 euros. Malgr\u00e9 la promesse d&rsquo;indemnisation du pr\u00e9fet, le minist\u00e8re de l&rsquo;Agriculture refuse&hellip; <\/p>\n","protected":false},"author":1,"featured_media":0,"comment_status":"open","ping_status":"open","sticky":false,"template":"","format":"standard","meta":{"footnotes":""},"categories":[1],"tags":[],"class_list":["post-6568","post","type-post","status-publish","format-standard","hentry","category-non-classe"],"_links":{"self":[{"href":"https:\/\/monde25.info\/index.php\/wp-json\/wp\/v2\/posts\/6568","targetHints":{"allow":["GET"]}}],"collection":[{"href":"https:\/\/monde25.info\/index.php\/wp-json\/wp\/v2\/posts"}],"about":[{"href":"https:\/\/monde25.info\/index.php\/wp-json\/wp\/v2\/types\/post"}],"author":[{"embeddable":true,"href":"https:\/\/monde25.info\/index.php\/wp-json\/wp\/v2\/users\/1"}],"replies":[{"embeddable":true,"href":"https:\/\/monde25.info\/index.php\/wp-json\/wp\/v2\/comments?post=6568"}],"version-history":[{"count":0,"href":"https:\/\/monde25.info\/index.php\/wp-json\/wp\/v2\/posts\/6568\/revisions"}],"wp:attachment":[{"href":"https:\/\/monde25.info\/index.php\/wp-json\/wp\/v2\/media?parent=6568"}],"wp:term":[{"taxonomy":"category","embeddable":true,"href":"https:\/\/monde25.info\/index.php\/wp-json\/wp\/v2\/categories?post=6568"},{"taxonomy":"post_tag","embeddable":true,"href":"https:\/\/monde25.info\/index.php\/wp-json\/wp\/v2\/tags?post=6568"}],"curies":[{"name":"wp","href":"https:\/\/api.w.org\/{rel}","templated":true}]}}