{"id":6578,"date":"2025-04-18T03:16:39","date_gmt":"2025-04-18T01:16:39","guid":{"rendered":"https:\/\/monde25.info\/index.php\/2025\/04\/18\/la-russie-et-la-bielorussie-exclues-de-la-ceremonie-au-bundestag-rt-en-francais\/"},"modified":"2025-04-18T03:16:39","modified_gmt":"2025-04-18T01:16:39","slug":"la-russie-et-la-bielorussie-exclues-de-la-ceremonie-au-bundestag-rt-en-francais","status":"publish","type":"post","link":"https:\/\/monde25.info\/index.php\/2025\/04\/18\/la-russie-et-la-bielorussie-exclues-de-la-ceremonie-au-bundestag-rt-en-francais\/","title":{"rendered":"la Russie et la Bi\u00e9lorussie exclues de la c\u00e9r\u00e9monie au Bundestag \u2014 RT en fran\u00e7ais"},"content":{"rendered":"<p> <br \/>\n<br \/><img decoding=\"async\" src=\"https:\/\/mf.b37mrtl.ru\/french\/images\/2025.04\/thumbnail\/680166b96f7ccc2ab96cbb6c.jpg\" \/><\/p>\n<div>\n<p class=\"text__summary\">\n                                        Le parlement allemand a exclu les ambassadeurs de Russie et de Bi\u00e9lorussie de la liste des invit\u00e9s \u00e0 sa c\u00e9r\u00e9monie c\u00e9l\u00e9brant le 80e anniversaire de la fin de la Seconde Guerre mondiale, pr\u00e9vue le 8 mai. Selon le service de presse du parlement allemand, la d\u00e9cision aurait \u00e9t\u00e9 motiv\u00e9e par une \u00ab\u00e9valuation\u00bb du minist\u00e8re des Affaires \u00e9trang\u00e8res.\n                                    <\/p>\n<p>L\u2019ensemble des ambassadeurs accr\u00e9dit\u00e9s \u00e0 Berlin\u00a0est convi\u00e9 le 8 mai au Bundestag pour la c\u00e9r\u00e9monie comm\u00e9morative du 80e anniversaire de la victoire sur l\u2019Allemagne nazie, \u00e0 l\u2019exception des ambassadeurs de Russie et de Bi\u00e9lorussie, a fait savoir ce 17 avril aupr\u00e8s de la Deutsche Presse-Agentur (DPA) le service de presse du parlement allemand.<\/p>\n<p>Ce dernier a pr\u00e9cis\u00e9 que cette d\u00e9cision aurait \u00e9t\u00e9 motiv\u00e9e par des recommandations du minist\u00e8re des Affaires \u00e9trang\u00e8res. \u00ab\u00a0L\u2019\u00e9valuation du gouvernement f\u00e9d\u00e9ral concernant l\u2019invitation des repr\u00e9sentants\u00a0\u00bb a \u00e9t\u00e9 prise en compte, s\u2019est-il d\u00e9fendu aupr\u00e8s de l\u2019agence de presse. \u00ab\u00a0Cette \u00e9valuation a conduit \u00e0 ce que les ambassadeurs de la F\u00e9d\u00e9ration de Russie et de la Bi\u00e9lorussie, entre autres, ne soient pas invit\u00e9s\u00a0\u00bb, a-t-il poursuivi.<\/p>\n<p>D\u00e9but avril, la presse allemande avait r\u00e9v\u00e9l\u00e9 qu&rsquo;au pr\u00e9texte que la Russie puisse \u00ab\u00a0instrumentaliser ces \u00e9v\u00e9nements\u00a0\u00bb dans le contexte du conflit ukrainien, le minist\u00e8re f\u00e9d\u00e9ral des Affaires \u00e9trang\u00e8res avait recommand\u00e9 dans <a target=\"_blank\" href=\"https:\/\/www.berliner-zeitung.de\/politik-gesellschaft\/geopolitik\/80-jahre-kriegsende-auswaertiges-amt-will-keine-vertreter-aus-russland-bei-gedenkfeier-li.2313544\">un communiqu\u00e9<\/a> aux Landers, aux municipalit\u00e9s mais \u00e9galement aux sites comm\u00e9moratifs, de ne pas autoriser les repr\u00e9sentants de la Russie et de la Bi\u00e9lorussie \u00e0 participer aux \u00e9v\u00e9nements comm\u00e9moratifs marquant la fin de la Seconde Guerre mondiale.<\/p>\n<h2>L\u2019ambassadeur de Russie \u00ab\u00a0chaleureusement accueilli\u00a0\u00bb \u00e0 Seelow<\/h2>\n<p>Toujours aupr\u00e8s de la DPA, l&rsquo;ambassadeur\u00a0de l&rsquo;Ukraine \u00e0 Berlin, Oleksy Makeiev, a salu\u00e9 une d\u00e9cision, qui selon lui \u00ab\u00a0souligne la position constante du Bundestag et du gouvernement f\u00e9d\u00e9ral \u00e0 l\u2019\u00e9gard des repr\u00e9sentants des r\u00e9gimes criminels\u00a0\u00bb. \u00ab\u00a0C&rsquo;\u00e9tait la seule d\u00e9cision correcte\u00a0\u00bb, <a target=\"_blank\" href=\"https:\/\/www.reuters.com\/world\/europe\/russian-belarusian-ambassadors-not-invited-german-parliaments-wwii-memorial-2025-04-17\/\">a \u00e9crit<\/a> \u00e0 Reuters un porte-parole de l\u2019ambassade de l&rsquo;Ukraine.<\/p>\n<p>La veille de cette annonce, l&rsquo;ambassadeur\u00a0de Russie Sergue\u00ef Netcha\u00efev\u00a0avait pris part \u00e0 une c\u00e9r\u00e9monie comm\u00e9morative sur les hauteurs de Seelow, \u00e0 une cinquantaine de kilom\u00e8tres \u00e0 l&rsquo;est de Berlin, o\u00f9 s\u2019est d\u00e9roul\u00e9e la plus grande bataille de la Seconde Guerre mondiale sur le sol allemand. \u00ab\u00a0Bien que Netcha\u00efev n&rsquo;ait pas \u00e9t\u00e9 activement invit\u00e9 par les organisateurs, il n&rsquo;a pas \u00e9t\u00e9 emp\u00each\u00e9 de participer et a \u00e9t\u00e9 chaleureusement accueilli\u00a0\u00bb, <a target=\"_blank\" href=\"https:\/\/www.welt.de\/politik\/deutschland\/article255958270\/Seelower-Hoehen-Bundestag-schliesst-Russland-von-Weltkriegs-Gedenken-aus.html\">a rapport\u00e9<\/a> le quotidien <em>Die Welt<\/em>.<\/p>\n<\/div>\n<p><br \/>\n<br \/><a href=\"https:\/\/francais.rt.com\/international\/119591-commemorations-victoire-russie-bielorussie-exclusion\" target=\"_blank\"\">Source link <\/a><\/p>\n","protected":false},"excerpt":{"rendered":"<p>Le parlement allemand a exclu les ambassadeurs de Russie et de Bi\u00e9lorussie de la liste des invit\u00e9s \u00e0 sa c\u00e9r\u00e9monie c\u00e9l\u00e9brant le 80e anniversaire de la fin de la Seconde&hellip; <\/p>\n","protected":false},"author":1,"featured_media":6579,"comment_status":"open","ping_status":"open","sticky":false,"template":"","format":"standard","meta":{"footnotes":""},"categories":[1],"tags":[],"class_list":["post-6578","post","type-post","status-publish","format-standard","has-post-thumbnail","hentry","category-non-classe"],"_links":{"self":[{"href":"https:\/\/monde25.info\/index.php\/wp-json\/wp\/v2\/posts\/6578","targetHints":{"allow":["GET"]}}],"collection":[{"href":"https:\/\/monde25.info\/index.php\/wp-json\/wp\/v2\/posts"}],"about":[{"href":"https:\/\/monde25.info\/index.php\/wp-json\/wp\/v2\/types\/post"}],"author":[{"embeddable":true,"href":"https:\/\/monde25.info\/index.php\/wp-json\/wp\/v2\/users\/1"}],"replies":[{"embeddable":true,"href":"https:\/\/monde25.info\/index.php\/wp-json\/wp\/v2\/comments?post=6578"}],"version-history":[{"count":0,"href":"https:\/\/monde25.info\/index.php\/wp-json\/wp\/v2\/posts\/6578\/revisions"}],"wp:featuredmedia":[{"embeddable":true,"href":"https:\/\/monde25.info\/index.php\/wp-json\/wp\/v2\/media\/6579"}],"wp:attachment":[{"href":"https:\/\/monde25.info\/index.php\/wp-json\/wp\/v2\/media?parent=6578"}],"wp:term":[{"taxonomy":"category","embeddable":true,"href":"https:\/\/monde25.info\/index.php\/wp-json\/wp\/v2\/categories?post=6578"},{"taxonomy":"post_tag","embeddable":true,"href":"https:\/\/monde25.info\/index.php\/wp-json\/wp\/v2\/tags?post=6578"}],"curies":[{"name":"wp","href":"https:\/\/api.w.org\/{rel}","templated":true}]}}