{"id":6582,"date":"2025-04-18T04:55:48","date_gmt":"2025-04-18T02:55:48","guid":{"rendered":"https:\/\/monde25.info\/index.php\/2025\/04\/18\/en-occident-il-est-devenu-heroique-de-dire-la-verite-les-moutons-enrages\/"},"modified":"2025-04-18T04:55:48","modified_gmt":"2025-04-18T02:55:48","slug":"en-occident-il-est-devenu-heroique-de-dire-la-verite-les-moutons-enrages","status":"publish","type":"post","link":"https:\/\/monde25.info\/index.php\/2025\/04\/18\/en-occident-il-est-devenu-heroique-de-dire-la-verite-les-moutons-enrages\/","title":{"rendered":"En Occident, il est devenu h\u00e9ro\u00efque de dire la v\u00e9rit\u00e9 \u2013 Les moutons enrag\u00e9s"},"content":{"rendered":"<p> <br \/>\n<\/p>\n<div>\n<p>Par <a target=\"_blank\" href=\"https:\/\/www.mondialisation.ca\/author\/dominique-muselet\">Dominique Muselet<\/a> pour <a target=\"_blank\" href=\"https:\/\/www.mondialisation.ca\/en-occident-il-est-devenu-heroique-de-dire-la-verite\/5697701?doing_wp_cron=1744811513.4181709289550781250000\" data-type=\"link\" data-id=\"https:\/\/www.mondialisation.ca\/en-occident-il-est-devenu-heroique-de-dire-la-verite\/5697701?doing_wp_cron=1744811513.4181709289550781250000\">Mondialisation.ca<\/a><\/p>\n<div class=\"wp-block-image\">\n<figure class=\"alignleft size-large is-resized\"><img fetchpriority=\"high\" decoding=\"async\" width=\"421\" height=\"330\" src=\"https:\/\/lesmoutonsenrages.fr\/wp-content\/uploads\/2025\/04\/image-51-421x330.png\" alt=\"\" class=\"wp-image-166312\" style=\"width:259px;height:auto\" srcset=\"https:\/\/lesmoutonsenrages.fr\/wp-content\/uploads\/2025\/04\/image-51-421x330.png 421w, https:\/\/lesmoutonsenrages.fr\/wp-content\/uploads\/2025\/04\/image-51-250x196.png 250w, https:\/\/lesmoutonsenrages.fr\/wp-content\/uploads\/2025\/04\/image-51-150x118.png 150w, https:\/\/lesmoutonsenrages.fr\/wp-content\/uploads\/2025\/04\/image-51.png 768w\" sizes=\"(max-width: 421px) 100vw, 421px\"\/><\/figure>\n<\/div>\n<p><strong>\u00ab\u00a0Celui qui ne gueule pas la v\u00e9rit\u00e9, quand il sait la v\u00e9rit\u00e9, se fait le complice des faussaires et des voleurs\u00a0\u00bb Charles P\u00e9guy<\/strong><\/p>\n<h3 class=\"wp-block-heading\"><strong>Convoqu\u00e9 devant le Conseil de l\u2019Ordre, le Dr Loridan \u00ab\u00a0gueule la v\u00e9rit\u00e9\u00a0\u00bb<\/strong><\/h3>\n<p>Le <strong>Dr Loridan,<\/strong> suspendu, en 2023, pour ses positions critiques notamment sur la gestion du Covid<strong>, <\/strong>s\u2019exprime \u00e0 sa sortie de l\u2019audience\u00a0: \u00ab\u00a0Je n\u2019\u00e9tais pas trop stress\u00e9 parce que la salle \u00e9tait pleine de personnes venues me soutenir.<\/p>\n<p>Quand on accepte des actions aussi liberticides que celles qui a \u00e9t\u00e9 faites sur le port du masque confinement, l\u2019obligation vaccinal, la suspension des soignants, le chantage \u00e0 l\u2019emploi, si personne, en 2025 n\u2019a compris \u00e0 quel point on \u00e9tait entr\u00e9 dans un totalitarisme qui a pris la m\u00e9decine en otage, si vous n\u2019avez pas compris \u00e7a, je ne peux plus rien pour vous\u00a0!<\/p>\n<p>J\u2019ai rappel\u00e9 au Conseil de l\u2019ordre que leur r\u00f4le n\u2019est pas de taper sur les m\u00e9decins qui sortent du rang mais au contraire de garantir aux soignants une parole libre vis-\u00e0-vis de la soci\u00e9t\u00e9 et aussi de nos dirigeants politiques qui ne veulent pas forc\u00e9ment notre bien, leurs int\u00e9r\u00eats ne sont pas les n\u00f4tres, et notamment notre pr\u00e9sident dont le profil psychologique est inqui\u00e9tant. Les psychopathes, si on ne les arr\u00eate pas, ils continuent.<\/p>\n<p><span id=\"more-166311\"\/><\/p>\n<p>Dupond-Moretti, quand il \u00e9tait Garde des Sceaux a dit \u00ab\u00a0les d\u00e9tenus ne sont pas des cobayes, concernant la vaccination, et ils ont droit \u00e0 la dignit\u00e9\u00a0\u00bb. Par contre la population g\u00e9n\u00e9rale, elle, peut servir de cobaye et le personnel suspendu sans salaire n\u2019a pas droit \u00e0 la dignit\u00e9.\u00a0\u00bb<\/p>\n<p><a target=\"_blank\" href=\"https:\/\/lemediaen442.fr\/conseil-de-lordre-vs-liberte-dexpression-le-dr-loridan-denonce-le-totalitarisme-medical\">https:\/\/lemediaen442.fr\/conseil-de-lordre-vs-liberte-dexpression-le-dr-loridan-denonce-le-totalitarisme-medical<\/a><\/p>\n<h3 class=\"wp-block-heading\"><strong>\u00c9tats-Unis : Expulsions d\u2019\u00e9tudiants \u00e9trangers pour soutien \u00e0 la Palestine<\/strong><\/h3>\n<p>Suite \u00e0 la signature d\u2019un d\u00e9cret par le pr\u00e9sident am\u00e9ricain Donald Trump, portant sur l\u2019expulsion d\u2019\u00e9tudiants \u00e9trangers impliqu\u00e9s dans des manifestations pro-Palestine, de nombreux visas ont \u00e9t\u00e9 annul\u00e9s \u00e0 travers les \u00c9tats-Unis. Selon des m\u00e9dias am\u00e9ricains, cette mesure a touch\u00e9 des centaines d\u2019\u00e9tudiants fr\u00e9quentant les plus prestigieuses universit\u00e9s du pays.<\/p>\n<p><a target=\"_blank\" href=\"https:\/\/senego.com\/etats-unis-expulsions-detudiants-etrangers-pour-soutien-a-la-palestine_1823537.html\">https:\/\/senego.com\/etats-unis-expulsions-detudiants-etrangers-pour-soutien-a-la-palestine_1823537.html<\/a><\/p>\n<h3 class=\"wp-block-heading\"><strong>Philippe Murer \u2013 L\u2019Etat fran\u00e7ais balance 240 milliards de plus dans les \u00e9nergies renouvelables !<\/strong><\/h3>\n<p>Macron balance des milliards par les fen\u00eatres, tout en faisant les poche des Fran\u00e7ais (r\u00e9forme retraite, augmentation des taxes, du reste \u00e0 charge de la s\u00e9curit\u00e9 sociale, inflation, etc. etc.) qui, pour beaucoup d\u2019entre eux, ne mangent d\u00e9j\u00e0 plus \u00e0 leur faim, comme le montre un documentaire de Public S\u00e9nat <em><a target=\"_blank\" href=\"https:\/\/www.publicsenat.fr\/emission\/documentaire\/le-debut-de-la-faim-e0?at_source=newsletter&amp;at_medium=ownpage&amp;at_campaign=InstantReplay&amp;_ope=eyJndWlkIjoiNTUwZDY5NTQxZmM2NDA1MDM4MDk5MDY2NzJkZjM4NDgifQ%3D%3D\">Le d\u00e9but de la faim<\/a>.<\/em><\/p>\n<p>Apr\u00e8s le quoiqu\u2019il en co\u00fbte de 300 milliards pour contrer les effets n\u00e9gatifs du confinement stupide et meurtrier de l\u2019arnaque Covid, apr\u00e8s les ch\u00e8ques \u00e9nergie pour contrer l\u2019effet d\u00e9sastreux des ridicules sanctions contre la Russie, apr\u00e8s le milliards d\u00e9vers\u00e9s sur une Ukraine hyper-corrompue pour \u00ab\u00a0affaiblir la Russie\u00a0\u00bb,, apr\u00e8s les 109 milliards d\u2019euros promis pour d\u00e9velopper l\u2019intelligence artificielle pour faire comme Trump, les 800 milliards pour l\u2019Europe de la D\u00e9fense, les <a target=\"_blank\" href=\"https:\/\/qactus.fr\/2025\/04\/09\/egypte-la-verite-cachee-du-spectacle-enchanteur-de-e-macron-en-egypte-qui-semeut-sur-les-enfants-a-gaza-pendant-que-lafd-depense-3-milliards-pour-le-metro-du-caire-alors-que-la-sncf-c\/\">3 milliards pour le nouveau m\u00e9tro du Caire<\/a> pendant que le n\u00f4tre est \u00e0 l\u2019abandon, et j\u2019en passe, Macron veut augmenter encore dilapider 240 milliards (+ 100 milliards pour adapter le r\u00e9seau \u00e9lectrique) pour ob\u00e9ir \u00e0 l\u2019UE, c\u2019est-\u00e0-dire, \u00e0 l\u2019Allemagne, qui exige 42% d\u2019\u00e9nergie renouvelable dans la production \u00e9lectrique, sous peine de payer des amendes.<\/p>\n<p>Il s\u2019agit d\u2019un d\u00e9cret du gouvernement\u00a0pour les dix ans \u00e0 venir : triplement des \u00e9oliennes et quadruplement des panneaux solaires. D\u00e9j, la France n\u2019en a pas besoin car elle exporte 20 % de sa production \u00e9lectrique d\u00e9carbon\u00e9e, sans compter que la consommation d\u2019\u00e9lectricit\u00e9 a baiss\u00e9 de 10% car la France s\u2019appauvrit.<\/p>\n<p>Par ailleurs ces \u00e9nergies renouvelables sont loin d\u2019avoir fait leurs preuves, m\u00eame \u00e9cologiques, et elles ont des effets pervers. Par exemple, comme la production des \u00e9oliennes et des panneaux solaires est prioritaire, quand il y a du vent et du soleil, on est oblig\u00e9 de baisser la production des centrales nucl\u00e9aires ce qui use pr\u00e9matur\u00e9ment les centrales, sans m\u00eame faire d\u2019\u00e9conomie sur l\u2019\u00e9nergie nucl\u00e9aire.<\/p>\n<p>En 2012 on produisait \u00e0 6 centimes d\u2019\u20ac du kilowatt\/h et on la vendait Fran\u00e7ais et ailleurs 12 centimes d\u2019\u20ac mais avec le march\u00e9 europ\u00e9en de l\u2019\u00e9nergie, le prix de l\u2019\u00e9nergie a doubl\u00e9, et cela ruine l\u2019agriculture et l\u2019industrie fran\u00e7ais. C\u2019est pareil pour les DPE (Diagnostic de performance \u00e9nerg\u00e9tique)\u00a0qui font faire dispara\u00eetre 40% des logements, les ZFE (Zones \u00e0 faible \u00e9mission) qui interdisent les centres-villes aux gueux, et l\u2019interdiction des chaudi\u00e8res fuel, gaz et m\u00eame bois.<\/p>\n<p>Tout cela est en train de ruiner la France et les Fran\u00e7ais. Il faut se battre, car tous les politiciens sont compl\u00e8tement d\u00e9connect\u00e9s de la r\u00e9alit\u00e9 et sont favorables \u00e0 ces politiques suicidaires.<\/p>\n<p><iframe loading=\"lazy\" title=\"Scandale : l&#039;Etat veut tripler le nombre d&#039;\u00e9oliennes d&#039;ici 2030 ! - Philippe Murer\" width=\"1110\" height=\"624\" src=\"https:\/\/www.youtube.com\/embed\/QWiumYjSURE?feature=oembed\" frameborder=\"0\" allow=\"accelerometer; autoplay; clipboard-write; encrypted-media; gyroscope; picture-in-picture; web-share\" referrerpolicy=\"strict-origin-when-cross-origin\" allowfullscreen><\/iframe><\/p>\n<h3 class=\"wp-block-heading\"><strong>Ursula von der Leyen : \u00ab L\u2019Europe, ce sont les valeurs du Talmud \u00bb<\/strong><\/h3>\n<p>Et nous qui pensions que l\u2019Europe avait des racines chr\u00e9tiennes\u2026 C\u2019est fou comme on peut se tromper\u00a0!<\/p>\n<p>Ursula von der Leyen est all\u00e9e en Isra\u00ebl, le 14 juin 2022, faire all\u00e9geance \u00e0 l\u2019Etat h\u00e9breu, sans doute pour que cet Etat influent soutienne s sa reconduction \u00e0 la t\u00eate de la Commission europ\u00e9enne. Elle \u00e9tait fragilis\u00e9e par la d\u00e9couverte, en avril 2021, par le New York Times, de ses petites tractations secr\u00e8tes avec le patron de Pfizer, Albert Bourla, un juif s\u00e9farade grec dont les parents ont surv\u00e9cu \u00e0 l\u2019holocauste. Elle lui a achet\u00e9, avec notre argent et sans appel d\u2019offre, 1,8 milliard de doses d\u2019injection Covid co\u00fbteuses et inutiles. Dieu sait combien \u00e7a leur a rapport\u00e9 \u00e0 tous les deux\u2026<\/p>\n<p>En tout cas, elle devait vraiment avoir peur de ne pas \u00eatre renomm\u00e9e, car elle a tout simplement offert l\u2019Europe (pass\u00e9, pr\u00e9sent et avenir) \u00e0 Isra\u00ebl\u2026 C\u2019est typique de ces gens-l\u00e0 d\u2019offrir ce qui ne leur appartient pas\u2026 Voyez Macron\u00a0!<\/p>\n<p>\u00ab\u00a0<em>L\u2019Europe, ce sont les valeurs du Talmud, le sens juif de la responsabilit\u00e9 personnelle, de la justice et de la solidarit\u00e9. Au fil des si\u00e8cles, le peuple juif a \u00e9t\u00e9 \u00ab une lumi\u00e8re pour les nations \u00bb. Et il sera une lumi\u00e8re pour l\u2019Europe pendant de nombreux si\u00e8cles \u00e0 venir<\/em> \u00bb. Elle a encens\u00e9 Ben Gourion, pass\u00e9 sous silence les crimes historiques du sionisme, et n\u2019a jamais mentionn\u00e9 les droits du peuple palestinien. Cette <a target=\"_blank\" href=\"https:\/\/lemediaen442.fr\/ursula-von-der-leyen-efface-les-racines-chretiennes-leurope-ce-sont-les-valeurs-du-talmud-am-israel-chai\/\">r\u00e9\u00e9criture historique<\/a>, combin\u00e9e \u00e0 la gestion opaque de milliards d\u2019euros pour des vaccins peu efficaces, signe une d\u00e9rive grave de la Commission europ\u00e9enne.<\/p>\n<p>Marine le Pen a r\u00e9cemment elle aussi envoy\u00e9 son beau-fils faire all\u00e9geance \u00e0 l\u2019Etat g\u00e9nocidaire, pour obtenir le soutien isra\u00e9lien \u00e0 sa candidature aux \u00e9lections pr\u00e9sidentielles. Mais cela ne semble pas lui avoir aussi bien r\u00e9ussi si l\u2019on en juge par l\u2019in\u00e9ligibilit\u00e9 qui lui est tomb\u00e9e dessus juste apr\u00e8s. Peut-\u00eatre qu\u2019elle aurait d\u00fb y aller elle-m\u00eame\u00a0!<\/p>\n<p><a target=\"_blank\" href=\"https:\/\/twitter.com\/camille_moscow-am-israel-chai%E2%80%A6\">https:\/\/twitter.com\/camille_moscow-am-israel-chai%E2%80%A6<\/a> (lien mort!)<\/p>\n<p>(Voir article en compl\u00e9ment \u00e0 la fin)<\/p>\n<h3 class=\"wp-block-heading\"><strong>Gilles Casanova \u2013 Ukraine, corruption, r\u00e9voltes populaires : l\u2019Europe \u00e0 la d\u00e9rive ?<\/strong><\/h3>\n<p>Macron fait n\u2019importe quoi, sans se pr\u00e9occuper des cons\u00e9quences parce qu\u2019il est uniquement pr\u00e9occup\u00e9 de lui-m\u00eame. Pour lui, tout ce qui compte, c\u2019est de se mettre en sc\u00e8ne.<\/p>\n<p>Tout ce qui se passe en France (et en Europe) a un double but\u00a0:<\/p>\n<ul class=\"wp-block-list\">\n<li>La <strong>f\u00e9d\u00e9ralisation de l\u2019Europe<\/strong> sous la houlette de l\u2019UE au pr\u00e9texte de la d\u00e9fense contre la menace russe qui n\u2019existe pas<\/li>\n<li>La <strong>destruction des syst\u00e8mes sociaux<\/strong>, au profit des milliardaires dont Macron est la marionnette.<\/li>\n<\/ul>\n<p>A mon avis, la menace russe marchera moins bien que le Covid, o\u00f9 on r\u00e9p\u00e9tait le nombre de morts (de la grippe habituelle ou caus\u00e9s par le refus de soins) tous les jours \u00e0 la TV.\u00a0 En plus, l\u2019arm\u00e9e fran\u00e7aise ne suivra pas Macron. Le Monde des clowns perd du terrain. Les \u00e9lecteurs de Macron vont se rabattre sur les socialistes qui m\u00e8nent la m\u00eame politique.<\/p>\n<p>Aujourd\u2019hui, \u00e0 gauche, cela veut simplement dire, un peu plus agressif contre les cat\u00e9gories populaires qu\u2019\u00e0 droite. La droite ne d\u00e9teste pas autant le peuple que la gauche.<\/p>\n<p>\u00c7a bouge en Europe de l\u2019est, il y a des manifestations de masse, dont on ne parle pas dans les m\u00e9dias subventionn\u00e9s, parce que, d\u2019une part, elle n\u2019a pas absorb\u00e9 la chute de l\u2019URSS et, d\u2019autre part, elle est d\u00e9\u00e7ue de l\u2019UE. Les populations veulent s\u2019\u00e9manciper. Elles sentent que le pouvoir vacille et pourrait changer de nature en Gr\u00e8ce, en Serbie et en Roumanie, gr\u00e2ce \u00e0 la fen\u00eatre ouverte par Trump.<\/p>\n<p>La Roumanie est, de fait, une dictature puisque que le Conseil Constitutionnel vient de d\u00e9cr\u00e9ter qu\u2019aucune personne qui critique l\u2019UE et l\u2019OTAN ne pourra se pr\u00e9senter aux \u00e9lections pr\u00e9sidentielles. C\u2019est la souverainet\u00e9 limit\u00e9e qui s\u2019est appliqu\u00e9e en Roumanie comme elle se serait appliqu\u00e9e \u00e0 l\u2019Allemagne si l\u2019AFD avait fait un meilleur score et en France si la condamnation de Marine le Pen n\u2019est pas confirm\u00e9e avant les \u00e9lections de 2028.<\/p>\n<p>L\u2019Occident est devenu le paradis de la corruption. Il y a une intrication massive entre les mafias et les dirigeants occidentaux. Tout cet argent part dans les paradis fiscaux. L\u2019Ukraine est un des plus gros centres des trafics qui nourrissent l\u2019UE et c\u2019est pour \u00e7a qu\u2019ils ne veulent pas que la guerre s\u2019arr\u00eate.<\/p>\n<p>Les populations occidentales ne se rendent pas compte de l\u2019effondrement de leur civilisation. C\u2019est un suicide collectif couvert par une propagande de plus en plus faussaire. Quand les gens prennent un peu conscience des manipulations et des mensonges, il est trop tard. Voyez l\u2019op\u00e9ration Covid\u00a0! C\u2019est la servitude volontaire dont parlait Etienne de la Bo\u00e9tie.<\/p>\n<p>Tout cela va mal finir, mais pas tout de suite, car le syst\u00e8me est bien verrouill\u00e9\u2026<\/p>\n<p>Quant \u00e0 Trump, il veut faire le m\u00e9nage parce qu\u2019il a compris que la globalisation a favoris\u00e9 le mensonge, la corruption, la mont\u00e9e de la Chine, et que tout cela a d\u00e9truit la force de l\u2019Am\u00e9rique, qui est la coh\u00e9sion de la plus grande partie de son peuple derri\u00e8re ses dirigeants. Mais il y a l\u2019\u00e9p\u00e9e de Damocl\u00e8s des \u00e9lections de mi-mandat et pour durer plus de deux ans, il a besoin de financiers et de nains de jardin (les Europ\u00e9ens), et, pour le moment, il a un alli\u00e9 objectif mais pas tr\u00e8s puissant en Poutine.<\/p>\n<p><a target=\"_blank\" href=\"https:\/\/www.youtube.com\/watch?v=mGchg-6aBVg\" data-type=\"link\" data-id=\"https:\/\/www.youtube.com\/watch?v=mGchg-6aBVg\">Voir la vid\u00e9o<\/a><\/p>\n<h3 class=\"wp-block-heading\"><strong>John Helmer \u2013 Trump bluffe, il n\u2019attaquera pas l\u2019Iran<\/strong><\/h3>\n<p>L\u2019Iran a les moyens militaires non seulement d\u2019encaisser une frappe am\u00e9ricaine, mais d\u2019attaquer sur terre, mer et ciel, des cibles am\u00e9ricaines au Moyen Orient et en Isra\u00ebl, apr\u00e8s avoir \u00e9t\u00e9 frapp\u00e9.<\/p>\n<p>Le recul de Trump sur les droits de douane qu\u2019on vient de voir et l\u2019escalade de la guerre \u00e9conomique contre la Chine, montrent\u00a0que:<\/p>\n<p>1.Trump peut \u00eatre vaincu et a \u00e9t\u00e9 vaincu.<\/p>\n<p>2.Nous, Am\u00e9ricains, ne comprenons pas comment les Russes, les gens du Moyen Orient, les Iraniens, les Juifs, fonctionnent. Pour comprendre ce qui arrive \u00e0 Trump, il faut se r\u00e9f\u00e9rer \u00e0 la chute de l\u2019empire romain, \u00e0 l\u2019aide de deux m\u00e9thodes scientifiques\u00a0:<\/p>\n<p>\u2013 la <a target=\"_blank\" href=\"https:\/\/journals.openedition.org\/siecles\/12002\">prosopographie<\/a>, qui \u00e9tudie le r\u00e9seau qui entoure le dirigeant (le recrutement de ses membres, les interrelations familiales, le d\u00e9roulement des carri\u00e8res), et dont la logique interne est la loyaut\u00e9, pas la comp\u00e9tence, ni l\u2019efficacit\u00e9, la loyaut\u00e9.<\/p>\n<p>\u2013 l\u2019<a target=\"_blank\" href=\"https:\/\/www.universalis.fr\/encyclopedie\/epigraphie\/\">\u00e9pigraphie<\/a>, l\u2019\u00e9tude des inscriptions trouv\u00e9es dans les tombes, les temples, etc. Les inscriptions de l\u2019antiquit\u00e9 sont l\u2019\u00e9quivalent des tweets que Trump envoie toutes les heures. L\u2019organisation de Trump a renonc\u00e9 \u00e0 toute communication rationnelle. Trump fait de la pub et des menaces d\u00e9sordonn\u00e9es. Tout cela d\u00e9note une certaine f\u00e9brilit\u00e9\/fragilit\u00e9.<\/p>\n<p>Les empereurs romains des 3\u00e8\/4\u00e8 s. pensaient que leur volont\u00e9 faisait loi. Quand Trump brandit ses d\u00e9crets, il est clair qu\u2019il pense que sa volont\u00e9 devrait faire loi. Mais quand le rapport de force n\u2019est pas en sa faveur et qu\u2019on lui r\u00e9siste, il recule. C\u2019est ce qu\u2019on a vu avec l\u2019effondrement des march\u00e9s et la hausse des int\u00e9r\u00eats de la dette qui \u00e9taient des r\u00e9actions de d\u00e9fiance contre sa campagne de droits de douane.<\/p>\n<p>Les menaces de Trump contre l\u2019Iran, sont typiques des empereurs romains qui craignaient de perdre leur empire affaibli. Ces menaces n\u2019ont rien de rationnel. C\u2019est du bluff. Mais Trump ne s\u2019en rend pas compte et quand il est oblig\u00e9 de reculer dans un domaine, il attaque dans un autre.<\/p>\n<p>Il y a d\u00e9j\u00e0 \u00e9videmment des pourparlers directs avec l\u2019Iran. Les Iraniens ont mis au point leur strat\u00e9gie avec la Russie et la Chine. Ils ont dit aux Am\u00e9ricains\u00a0quelque chose comme : Samedi prochain (12\/4\/25) transmettez au Sultanat d\u2019Oman, vos demandes \u00e9crites, et nous verrons si cela vaut la peine de vous rencontrer. \u00a0Ils ne veulent pas se retrouver en face de Vitkoff car ils ne veulent pas que ce dernier puisse les intimider ou se vanter de l\u2019avoir fait. Il y a de fortes chances que Trump fera comme pour les n\u00e9gociations de paix en Ukraine, il fera semblant d\u2019avoir obtenu tout ce qu\u2019il voulait, sans rien avoir obtenu.<\/p>\n<p>Pour Trump, le plus grand danger vient de gens comme Vance. Si Vance a l\u2019impression que les bluff\/reculades de Trump risquent de nuire \u00e0 son ambition de lui succ\u00e9der, il essayera de renverser l\u2019empereur. La Russie ne veut pas que l\u2019Etat profond renverse Trump, donc elle joue son jeu pour le moment, mais elle n\u2019a pas l\u2019intention d\u2019accepter le moindre cessez-le-feu, tout se d\u00e9cidera sur le champ de bataille.<\/p>\n<p><a target=\"_blank\" href=\"https:\/\/www.youtube.com\/watch?v=im-l4xRj5Qg\" data-type=\"link\" data-id=\"https:\/\/www.youtube.com\/watch?v=im-l4xRj5Qg\">Vid\u00e9o<\/a><\/p>\n<h3 class=\"wp-block-heading\"><strong>Sylvain Tiger\/Laurent Michelon \u2013 Guerre commerciale entre la Chine et les USA<\/strong><\/h3>\n<p>Trump a mis 106% de droits de douane sur les produits chinois. Ce qui revient \u00e0 un v\u00e9ritable embargo. Mais comme cette guerre commerciale a commenc\u00e9, il y a 5\/6 ans, pendant le premier mandat de Trump, la Chine a eu le temps de se pr\u00e9parer, et il ne reste que 20% de son PIB qui soit d\u00e9pendant des USA. La situation est bien pire pour les Etats-Unis car les produits provenant de Chine sont en fait les produits des marques occidentales, qui ont d\u00e9localis\u00e9 leur production. Mais cela va aussi impacter les petites et moyennes entreprises am\u00e9ricaines qui font tout fabriquer en Chine. Ils ne vont pas pouvoir se passer de ces produits et cela va provoquer une inflation qui va nuire aux consommateurs US.<\/p>\n<p>C\u2019est une forme de tribut ou de droit d\u2019entr\u00e9e pour commercer avec les USA que Trump tente d\u2019imposer au reste du monde. Des pays, comme Taiwan et le Vietnam ont capitul\u00e9 et d\u2019autres, en Europe, se rapprochent de la Chine pour essayer de compenser leurs pertes \u00e0 l\u2019exportation.<\/p>\n<p>En repr\u00e9sailles, la Chine peut se d\u00e9barrasser du dollar (la dette am\u00e9ricaine qu\u2019elle a achet\u00e9 en masse), ce qu\u2019elle fait gr\u00e2ce \u00e0 ses \u00e9changes commerciaux. Elle peut aussi d\u00e9cr\u00e9ter des embargos, notamment sur les terres rares.<\/p>\n<p>Il se pourrait que Trump cherche \u00e0 former une coalition (notamment avec des pays du Moyen Orient et du sud-est) pour faire plier la Chine. S\u2019il obtenait que beaucoup de pays taxent la Chine, en \u00e9change d\u2019un traitement de faveur de la part des USA, l\u00e0, ce serait probl\u00e9matique pour la Chine. Mais ce n\u2019est pas gagn\u00e9\u2026<\/p>\n<p>Les BRICS peuvent jouer les interm\u00e9diaires dans ce conflit, ou l\u2019Arabie saoudite, mais l\u2019Europe, du fait de son attitude hostile, est hors-jeu.<\/p>\n<h3 class=\"wp-block-heading\"><strong>Les films \u00e0 l\u2019arrache<\/strong><\/h3>\n<p><strong><a target=\"_blank\" href=\"https:\/\/www.youtube.com\/watch?v=b-JBdXgJaRc\" data-type=\"link\" data-id=\"https:\/\/www.youtube.com\/watch?v=b-JBdXgJaRc\">La libert\u00e9 d\u2019expression<\/a><\/strong><\/p>\n<p><strong><a target=\"_blank\" href=\"https:\/\/www.youtube.com\/watch?v=b-JBdXgJaRc\" data-type=\"link\" data-id=\"https:\/\/www.youtube.com\/watch?v=b-JBdXgJaRc\">La lutte contre l\u2019ennemi invisible<\/a><\/strong><a target=\"_blank\" href=\"https:\/\/www.youtube.com\/watch?v=b-JBdXgJaRc\"\/><\/p>\n<p>La source originale de cet article est Mondialisation.ca<\/p>\n<p>Copyright \u00a9 <a target=\"_blank\" href=\"https:\/\/www.mondialisation.ca\/author\/dominique-muselet\">Dominique Muselet<\/a>, Mondialisation.ca, 2025<\/p>\n<p class=\"has-text-align-center\"><strong>COMPL\u00c9MENT<\/strong><\/p>\n<p>Voir : <a target=\"_blank\" href=\"https:\/\/www.mondialisation.ca\/ursula-von-der-leyen-efface-les-racines-chretiennes-leurope-ce-sont-les-valeurs-du-talmud-am-israel-chai\/5697713?doing_wp_cron=1744814706.7854619026184082031250\" data-type=\"link\" data-id=\"https:\/\/www.mondialisation.ca\/ursula-von-der-leyen-efface-les-racines-chretiennes-leurope-ce-sont-les-valeurs-du-talmud-am-israel-chai\/5697713?doing_wp_cron=1744814706.7854619026184082031250\"><strong>Ursula von der Leyen efface les racines chr\u00e9tiennes : \u201cL\u2019Europe, ce sont les valeurs du Talmud. Am Israel Chai\u201d<\/strong><\/a><\/p>\n<p>Tous les articles, la tribune libre et commentaires sont sous la responsabilit\u00e9 de leurs auteurs. Les Moutons Enrag\u00e9s ne sauraient \u00eatre tenus responsables de leur contenu ou orientation.<\/p>\n<\/p><\/div>\n<p><script async src=\"\/\/platform.twitter.com\/widgets.js\" charset=\"utf-8\"><\/script><br \/>\n<br \/><br \/>\n<br \/><a href=\"https:\/\/lesmoutonsenrages.fr\/2025\/04\/17\/en-occident-il-est-devenu-heroique-de-dire-la-verite\/\" target=\"_blank\"\">Source link <\/a><\/p>\n","protected":false},"excerpt":{"rendered":"<p>Par Dominique Muselet pour Mondialisation.ca \u00ab\u00a0Celui qui ne gueule pas la v\u00e9rit\u00e9, quand il sait la v\u00e9rit\u00e9, se fait le complice des faussaires et des voleurs\u00a0\u00bb Charles P\u00e9guy Convoqu\u00e9 devant&hellip; <\/p>\n","protected":false},"author":1,"featured_media":6583,"comment_status":"open","ping_status":"open","sticky":false,"template":"","format":"standard","meta":{"footnotes":""},"categories":[1],"tags":[],"class_list":["post-6582","post","type-post","status-publish","format-standard","has-post-thumbnail","hentry","category-non-classe"],"_links":{"self":[{"href":"https:\/\/monde25.info\/index.php\/wp-json\/wp\/v2\/posts\/6582","targetHints":{"allow":["GET"]}}],"collection":[{"href":"https:\/\/monde25.info\/index.php\/wp-json\/wp\/v2\/posts"}],"about":[{"href":"https:\/\/monde25.info\/index.php\/wp-json\/wp\/v2\/types\/post"}],"author":[{"embeddable":true,"href":"https:\/\/monde25.info\/index.php\/wp-json\/wp\/v2\/users\/1"}],"replies":[{"embeddable":true,"href":"https:\/\/monde25.info\/index.php\/wp-json\/wp\/v2\/comments?post=6582"}],"version-history":[{"count":0,"href":"https:\/\/monde25.info\/index.php\/wp-json\/wp\/v2\/posts\/6582\/revisions"}],"wp:featuredmedia":[{"embeddable":true,"href":"https:\/\/monde25.info\/index.php\/wp-json\/wp\/v2\/media\/6583"}],"wp:attachment":[{"href":"https:\/\/monde25.info\/index.php\/wp-json\/wp\/v2\/media?parent=6582"}],"wp:term":[{"taxonomy":"category","embeddable":true,"href":"https:\/\/monde25.info\/index.php\/wp-json\/wp\/v2\/categories?post=6582"},{"taxonomy":"post_tag","embeddable":true,"href":"https:\/\/monde25.info\/index.php\/wp-json\/wp\/v2\/tags?post=6582"}],"curies":[{"name":"wp","href":"https:\/\/api.w.org\/{rel}","templated":true}]}}