{"id":6586,"date":"2025-04-18T07:07:37","date_gmt":"2025-04-18T05:07:37","guid":{"rendered":"https:\/\/monde25.info\/index.php\/2025\/04\/18\/la-region-occitanie-refuse-de-soutenir-un-colloque-sur-lenvironnement\/"},"modified":"2025-04-18T07:07:37","modified_gmt":"2025-04-18T05:07:37","slug":"la-region-occitanie-refuse-de-soutenir-un-colloque-sur-lenvironnement","status":"publish","type":"post","link":"https:\/\/monde25.info\/index.php\/2025\/04\/18\/la-region-occitanie-refuse-de-soutenir-un-colloque-sur-lenvironnement\/","title":{"rendered":"La r\u00e9gion Occitanie refuse de soutenir un colloque sur l&#039;environnement"},"content":{"rendered":"<p> <br \/>\n<br \/><img loading=\"lazy\" decoding=\"async\" src=\"https:\/\/reporterre.net\/local\/cache-vignettes\/L700xH467\/screenshot_2025-04-17_at_11-29-46_afs_toulouse_2025-8d248.jpg?1744894002\" class=\"spip_logo\" width=\"700\" height=\"467\" alt=\"\" \/><\/p>\n<p>La pol\u00e9mique enfle \u00e0 Toulouse, apr\u00e8s le refus de la r\u00e9gion Occitanie d&rsquo;accorder un financement au congr\u00e8s \u00ab<small class=\"fine d-inline\">\u00a0<\/small>Environnement(s) et in\u00e9galit\u00e9s<small class=\"fine d-inline\">\u00a0<\/small>\u00bb, organis\u00e9 en juillet par l&rsquo;Association fran\u00e7aise de sociologie. <br class=\"autobr\" \/><br \/>\nToulouse, correspondance <br class=\"autobr\" \/><br \/>\n\u00ab<small class=\"fine d-inline\">\u00a0<\/small>C&rsquo;est un tr\u00e8s mauvais signal envoy\u00e9 \u00e0 la discipline.<small class=\"fine d-inline\">\u00a0<\/small>\u00bb Marianne Blanchard est perplexe. Pour le onzi\u00e8me congr\u00e8s de l&rsquo;Association fran\u00e7aise de sociologie (<span class=\"caps\">AFS<\/span>), dont elle est \u00e9lue au comit\u00e9 ex\u00e9cutif, organis\u00e9 \u00e0 Toulouse sur le th\u00e8me \u00ab<small class=\"fine d-inline\">\u00a0<\/small>Environnement(s) et\u00a0(\u2026)<\/p>\n<p>                    <a target=\"_blank\" href=\"https:\/\/reporterre.net\/La-region-Occitanie-refuse-de-soutenir-un-colloque-sur-l-environnement?utm_source=RSS&amp;utm_medium=RSS\">Lire la suite<\/a><\/p>\n<p>                    &#8211;<br \/>\n                        <a target=\"_blank\" href=\"https:\/\/reporterre.net\/Autres-infos\" rel=\"directory\">Info<\/a><\/p>\n<p>                    \/<br \/>\n                        <a target=\"_blank\" href=\"https:\/\/reporterre.net\/Politique\" rel=\"tag\">Politique<\/a><br \/>\n<br \/><br \/>\n<br \/><a href=\"https:\/\/reporterre.net\/La-region-Occitanie-refuse-de-soutenir-un-colloque-sur-l-environnement\" target=\"_blank\"\">Source link <\/a><\/p>\n","protected":false},"excerpt":{"rendered":"<p>La pol\u00e9mique enfle \u00e0 Toulouse, apr\u00e8s le refus de la r\u00e9gion Occitanie d&rsquo;accorder un financement au congr\u00e8s \u00ab\u00a0Environnement(s) et in\u00e9galit\u00e9s\u00a0\u00bb, organis\u00e9 en juillet par l&rsquo;Association fran\u00e7aise de sociologie. Toulouse, correspondance&hellip; <\/p>\n","protected":false},"author":1,"featured_media":0,"comment_status":"open","ping_status":"open","sticky":false,"template":"","format":"standard","meta":{"footnotes":""},"categories":[1],"tags":[],"class_list":["post-6586","post","type-post","status-publish","format-standard","hentry","category-non-classe"],"_links":{"self":[{"href":"https:\/\/monde25.info\/index.php\/wp-json\/wp\/v2\/posts\/6586","targetHints":{"allow":["GET"]}}],"collection":[{"href":"https:\/\/monde25.info\/index.php\/wp-json\/wp\/v2\/posts"}],"about":[{"href":"https:\/\/monde25.info\/index.php\/wp-json\/wp\/v2\/types\/post"}],"author":[{"embeddable":true,"href":"https:\/\/monde25.info\/index.php\/wp-json\/wp\/v2\/users\/1"}],"replies":[{"embeddable":true,"href":"https:\/\/monde25.info\/index.php\/wp-json\/wp\/v2\/comments?post=6586"}],"version-history":[{"count":0,"href":"https:\/\/monde25.info\/index.php\/wp-json\/wp\/v2\/posts\/6586\/revisions"}],"wp:attachment":[{"href":"https:\/\/monde25.info\/index.php\/wp-json\/wp\/v2\/media?parent=6586"}],"wp:term":[{"taxonomy":"category","embeddable":true,"href":"https:\/\/monde25.info\/index.php\/wp-json\/wp\/v2\/categories?post=6586"},{"taxonomy":"post_tag","embeddable":true,"href":"https:\/\/monde25.info\/index.php\/wp-json\/wp\/v2\/tags?post=6586"}],"curies":[{"name":"wp","href":"https:\/\/api.w.org\/{rel}","templated":true}]}}