{"id":659,"date":"2024-11-22T08:46:31","date_gmt":"2024-11-22T07:46:31","guid":{"rendered":"https:\/\/monde25.info\/index.php\/2024\/11\/22\/sept-heures-de-travail-sans-remuneration-pour-les-francais-le-senat-vote-une-contribution-pour-financer-la-secu\/"},"modified":"2024-11-22T08:46:31","modified_gmt":"2024-11-22T07:46:31","slug":"sept-heures-de-travail-sans-remuneration-pour-les-francais-le-senat-vote-une-contribution-pour-financer-la-secu","status":"publish","type":"post","link":"https:\/\/monde25.info\/index.php\/2024\/11\/22\/sept-heures-de-travail-sans-remuneration-pour-les-francais-le-senat-vote-une-contribution-pour-financer-la-secu\/","title":{"rendered":"Sept heures de travail sans r\u00e9mun\u00e9ration pour les Fran\u00e7ais : le S\u00e9nat vote une \u00abcontribution\u00bb pour financer la S\u00e9cu"},"content":{"rendered":"<p> <br \/>\n<\/p>\n<div>\n<p>par <strong>Le M\u00e9dia en 4-4-2<\/strong><\/p>\n<p><strong>Le S\u00e9nat a vot\u00e9 une mesure imposant 7 heures de travail gratuit par an pour renflouer la S\u00e9curit\u00e9 sociale. Cette \u00abcontribution de solidarit\u00e9\u00bb vise \u00e0 r\u00e9colter 2,5 milliards d\u2019euros, tout en ajoutant de nouvelles charges pour les apprentis. Une proposition vivement critiqu\u00e9e par l\u2019opposition et d\u00e9battue en pleine crise budg\u00e9taire.<\/strong><\/p>\n<p>Le S\u00e9nat impose 7h de travail gratuit\/an pour financer la S\u00e9cu. Les apprentis, eux, paieront plus de charges. Et les actionnaires ? Rien.<\/p>\n<p>Et si on vous disait que vous allez devoir travailler gratuitement, encore une fois ? Pas de panique, c\u2019est pour la bonne cause : <a target=\"_blank\" href=\"https:\/\/lemediaen442.fr\/debat-sur-la-securite-sociale-la-macronie-veut-nous-supprimer-a-nouveau-un-jour-ferie\/\" target=\"_blank\" rel=\"noopener\" title=\"\">sauver la S\u00e9curit\u00e9 sociale.<\/a> Mercredi, le <a target=\"_blank\" href=\"https:\/\/lemediaen442.fr\/la-video-lunaire-de-yael-braun-pivet-une-nouvelle-preuve-de-la-deconnexion-des-elus\/\" target=\"_blank\" rel=\"noopener\" title=\"\">S\u00e9nat<\/a> a vot\u00e9 une mesure qui, soyons honn\u00eates, risque de ne pas figurer sur votre liste de r\u00e9solutions pour 2025. Le concept ? Une nouvelle <strong>\u00abcontribution de solidarit\u00e9 par le travail\u00bb<\/strong>, qui oblige les actifs \u00e0 offrir sept heures de leur ann\u00e9e, gracieusement, pour renflouer les caisses de la S\u00e9cu. Oui, vous avez bien lu. Gratuit. Nada. Pendant ce temps, nos chers s\u00e9nateurs, bien au chaud sur leurs bancs (ou dans les bras de Morph\u00e9e), empochent des indemnit\u00e9s confortables pour \u00abd\u00e9battre\u00bb sur ce type d\u2019id\u00e9es lumineuses.<\/p>\n<h5 class=\"wp-block-heading\"><strong>Une proposition \u00abpas joyeuse\u00bb mais, para\u00eet-il, n\u00e9cessaire<\/strong><\/h5>\n<p>Selon la s\u00e9natrice \u00c9lisabeth Doineau, <strong>\u00ab<em>ce n\u2019est pas de gaiet\u00e9 de c\u0153ur<\/em>\u00bb<\/strong> qu\u2019ils nous servent cette potion am\u00e8re. Mais que voulez-vous, il faut bien trouver des solutions pour financer \u00able mur du grand \u00e2ge\u00bb, \u00able virage domiciliaire\u00bb et autres grandes causes qui font r\u00eaver. D\u2019apr\u00e8s les calculs des experts, cette g\u00e9n\u00e9rosit\u00e9 forc\u00e9e rapporterait la bagatelle de <strong>2,5 milliards d\u2019euros<\/strong> par an. Une paille, compar\u00e9e aux 60 milliards n\u00e9cessaires pour boucher le trou b\u00e9ant du budget.<\/p>\n<p>Et pour ceux qui r\u00e2leraient \u00e0 l\u2019id\u00e9e de sacrifier une journ\u00e9e enti\u00e8re, les s\u00e9nateurs ont pens\u00e9 \u00e0 tout : ce sera \u00abflexible\u00bb. Dix minutes par semaine, deux minutes par jour\u2026 \u00c0 ce rythme, pourquoi ne pas proposer aux Fran\u00e7ais de r\u00e9fl\u00e9chir \u00e0 ces solutions pendant leur pause d\u00e9jeuner ?<\/p>\n<div class=\"wp-block-image\">\n<figure class=\"aligncenter size-large is-resized\"><a target=\"_blank\" href=\"https:\/\/i0.wp.com\/reseauinternational.net\/wp-content\/uploads\/2024\/11\/image-266.png?ssl=1\"><img data-recalc-dims=\"1\" decoding=\"async\" width=\"1024\" height=\"576\" src=\"https:\/\/i0.wp.com\/reseauinternational.net\/wp-content\/uploads\/2024\/11\/image-266.png?resize=1024%2C576&amp;ssl=1\" alt=\"\" class=\"wp-image-432228\" style=\"width:600px\" loading=\"lazy\" srcset=\"https:\/\/i0.wp.com\/reseauinternational.net\/wp-content\/uploads\/2024\/11\/image-266.png?resize=1024%2C576&amp;ssl=1 1024w, https:\/\/i0.wp.com\/reseauinternational.net\/wp-content\/uploads\/2024\/11\/image-266.png?resize=300%2C169&amp;ssl=1 300w, https:\/\/i0.wp.com\/reseauinternational.net\/wp-content\/uploads\/2024\/11\/image-266.png?resize=768%2C432&amp;ssl=1 768w, https:\/\/i0.wp.com\/reseauinternational.net\/wp-content\/uploads\/2024\/11\/image-266.png?resize=1536%2C864&amp;ssl=1 1536w, https:\/\/i0.wp.com\/reseauinternational.net\/wp-content\/uploads\/2024\/11\/image-266.png?resize=320%2C180&amp;ssl=1 320w, https:\/\/i0.wp.com\/reseauinternational.net\/wp-content\/uploads\/2024\/11\/image-266.png?resize=990%2C557&amp;ssl=1 990w, https:\/\/i0.wp.com\/reseauinternational.net\/wp-content\/uploads\/2024\/11\/image-266.png?w=1920&amp;ssl=1 1920w\" sizes=\"auto, (max-width: 1024px) 100vw, 1024px\"\/><\/a><\/figure>\n<\/div>\n<p class=\"has-text-align-center\"><em>R\u00e9unie le mercredi 13 novembre 2024, la commission a examin\u00e9 le projet de loi de <br \/>financement de la s\u00e9curit\u00e9 sociale (PLFSS) pour 2025<\/em><\/p>\n<h5 class=\"wp-block-heading\"><strong>La gauche ironise, la droite persiste<\/strong><\/h5>\n<p>Sans surprise, la gauche a vu rouge. La s\u00e9natrice communiste Cathy Apourceau-Poly a propos\u00e9, non sans une pointe de sarcasme, une <strong>\u00abjourn\u00e9e de solidarit\u00e9 des dividendes\u00bb<\/strong> pour mettre les actionnaires \u00e0 contribution. Spoiler : la proposition a \u00e9t\u00e9 balay\u00e9e. Car, bien s\u00fbr, pourquoi taxer ceux qui accumulent des fortunes quand on peut ponctionner les travailleurs pour en faire des b\u00e9n\u00e9voles\u2026 malgr\u00e9 eux ?<\/p>\n<p>Pendant ce temps, au gouvernement, c\u2019est le grand \u00e9cart. Le ministre des Comptes publics Laurent Saint-Martin trouve l\u2019id\u00e9e \u00ab<em>perfectible<\/em>\u00bb. Traduction : \u00abOn ne va pas la valider tout de suite, mais on la garde sous le coude\u00bb. Le Premier ministre <a target=\"_blank\" href=\"https:\/\/lemediaen442.fr\/?s=Michel+Barnier+\" target=\"_blank\" rel=\"noopener\" title=\"\">Michel Barnier<\/a> joue les r\u00e9serv\u00e9s, tandis qu\u2019Antoine Armand, le ministre de l\u2019\u00c9conomie, salue une initiative \u00ab<em>int\u00e9ressante<\/em>\u00bb. Comme quoi, l\u2019enthousiasme pour cette mesure est aussi modulable que ses modalit\u00e9s d\u2019application.<\/p>\n<h5 class=\"wp-block-heading\"><strong>Et les apprentis dans tout \u00e7a ?<\/strong><\/h5>\n<p>Parce que pourquoi s\u2019arr\u00eater l\u00e0, le S\u00e9nat a aussi donn\u00e9 son feu vert pour imposer de nouvelles charges sociales aux apprentis d\u00e9j\u00e0 pay\u00e9s au lance-pierre. Ces derniers devront d\u00e9sormais payer la CSG et la CRDS sur leurs revenus, \u00e0 partir de 2025. R\u00e9sultat attendu : un gain de <strong>360 millions d\u2019euros par an<\/strong>. Certes, ce n\u2019est pas grand-chose \u00e0 c\u00f4t\u00e9 des milliards esp\u00e9r\u00e9s, mais, comme dirait l\u2019adage, les petits ruisseaux font les grandes rivi\u00e8res. Ou, dans ce cas pr\u00e9cis, les petites ponctions financent les grandes gabegies.<\/p>\n<h5 class=\"wp-block-heading\"><strong>Le grand 49.3 final<\/strong><\/h5>\n<p>\u00c9videmment, tout ceci n\u2019est qu\u2019un d\u00e9but. La mesure doit encore passer par une commission mixte paritaire, o\u00f9 d\u00e9put\u00e9s et s\u00e9nateurs tenteront de trouver un compromis. Mais rassurez-vous, en bons gestionnaires de crise, le gouvernement a d\u00e9j\u00e0 pr\u00e9vu d\u2019utiliser son joker pr\u00e9f\u00e9r\u00e9 : le fameux <a target=\"_blank\" href=\"https:\/\/lemediaen442.fr\/?s=49.3\" target=\"_blank\" rel=\"noopener\" title=\"\">49.3<\/a>. Car quoi de mieux qu\u2019un passage en force pour ent\u00e9riner une id\u00e9e aussi populaire ?<\/p>\n<h5 class=\"wp-block-heading\"><strong>Des milliards pour des tests et vaccins\u2026 et des effets secondaires ignor\u00e9s<\/strong><\/h5>\n<p>Pendant que le S\u00e9nat vote des heures de travail gratuit pour combler le d\u00e9ficit de la S\u00e9curit\u00e9 sociale, il serait utile de rappeler o\u00f9 partent nos cotisations. Selon la <strong>DREES<\/strong>, entre 2020 et 2022, <strong>7 milliards d\u2019euros<\/strong> ont \u00e9t\u00e9 d\u00e9pens\u00e9s pour des tests et vaccins li\u00e9s \u00e0 la crise sanitaire. Une d\u00e9pense colossale, d\u2019autant plus que les campagnes massives de d\u00e9pistage et de vaccination obligatoire \u00e9taient inutiles.<\/p>\n<p>Et ce n\u2019est pas tout : aux co\u00fbts directs s\u2019ajoutent les <strong>effets secondaires<\/strong>, dont le suivi est pour le moins flou. \u00c0 ce jour, plus de <strong>200 000 cas d\u2019effets secondaires<\/strong> li\u00e9s aux vaccins ont \u00e9t\u00e9 recens\u00e9s. Un chiffre d\u00e9j\u00e0 impressionnant, qui risque d\u2019exploser dans les ann\u00e9es \u00e0 venir. Pourtant, aucun chiffrage clair n\u2019a \u00e9t\u00e9 \u00e9tabli pour estimer les co\u00fbts que cela repr\u00e9sentera pour le syst\u00e8me de sant\u00e9 \u00e0 moyen et long terme. Alors, avant de r\u00e9clamer des heures gratuites aux Fran\u00e7ais, peut-\u00eatre vaudrait-il mieux g\u00e9rer ces d\u00e9penses et anticiper leur impact sur les finances publiques.<\/p>\n<h5 class=\"wp-block-heading\"><strong>Une r\u00e9flexion en guise de conclusion<\/strong><\/h5>\n<p>Alors que les Fran\u00e7ais se l\u00e8vent \u00e0 l\u2019aube pour jongler entre leurs emplois mal pay\u00e9s et des factures qui ne cessent de grimper, il est fascinant de voir nos \u00e9lus inventer des stratag\u00e8mes pour nous faire travailler gratuitement. Pendant ce temps, eux, continuent \u00e0 roupiller sur les bancs, \u00e0 voter des lois qu\u2019ils ne subiront jamais. Mais ne vous inqui\u00e9tez pas : c\u2019est pour la S\u00e9cu, donc pour vous, bien s\u00fbr. C\u2019est beau, la solidarit\u00e9\u2026 surtout quand elle ne touche pas leurs privil\u00e8ges.<\/p>\n<p>source\u00a0: <a target=\"_blank\" href=\"https:\/\/lemediaen442.fr\/sept-heures-de-travail-sans-remuneration-pour-les-francais-le-senat-vote-une-contribution-pour-financer-la-secu\/\" target=\"_blank\" rel=\"noopener\" title=\"\">Le M\u00e9dia en 4-4-2<\/a><\/p>\n<div class=\"sharedaddy sd-block sd-like jetpack-likes-widget-wrapper jetpack-likes-widget-unloaded\" id=\"like-post-wrapper-237719536-432226-674036d816720\" data-src=\"https:\/\/widgets.wp.com\/likes\/?ver=14.0#blog_id=237719536&amp;post_id=432226&amp;origin=reseauinternational.net&amp;obj_id=237719536-432226-674036d816720&amp;n=1\" data-name=\"like-post-frame-237719536-432226-674036d816720\" data-title=\"Aimer ou rebloguer\">\n<h3 class=\"sd-title\">J\u2019aime \u00e7a\u00a0:<\/h3>\n<p><span class=\"button\"><span>J\u2019aime<\/span><\/span> <span class=\"loading\">chargement\u2026<\/span><\/p>\n<p><span class=\"sd-text-color\"\/><a target=\"_blank\" class=\"sd-link-color\"\/><\/div>\n<p><meta itemscope=\"\" itemprop=\"mainEntityOfPage\" itemtype=\"https:\/\/schema.org\/WebPage\" itemid=\"https:\/\/reseauinternational.net\/sept-heures-de-travail-sans-remuneration-pour-les-francais-le-senat-vote-une-contribution-pour-financer-la-secu\/\"\/><meta itemprop=\"headline\" content=\"Sept heures de travail sans r\u00e9mun\u00e9ration pour les Fran\u00e7ais : le S\u00e9nat vote une \u00abcontribution\u00bb pour financer la S\u00e9cu\"\/><span style=\"display: none;\" itemprop=\"author\" itemscope=\"\" itemtype=\"https:\/\/schema.org\/Person\"><meta itemprop=\"name\" content=\"R\u00e9seau International\"\/><\/span><span style=\"display: none;\" itemprop=\"image\" itemscope=\"\" itemtype=\"https:\/\/schema.org\/ImageObject\"><meta itemprop=\"url\" content=\"https:\/\/i0.wp.com\/reseauinternational.net\/wp-content\/uploads\/2024\/11\/Sans-titre-4-13.png?fit=800%2C467&amp;ssl=1\"\/><meta itemprop=\"width\" content=\"800\"\/><meta itemprop=\"height\" content=\"467\"\/><\/span><span style=\"display: none;\" itemprop=\"publisher\" itemscope=\"\" itemtype=\"https:\/\/schema.org\/Organization\"><span style=\"display: none;\" itemprop=\"logo\" itemscope=\"\" itemtype=\"https:\/\/schema.org\/ImageObject\"><meta itemprop=\"url\" content=\"https:\/\/reseauinternational.net\/wp-content\/uploads\/2022\/06\/Capture-de\u0301cran-2022-06-14-a\u0300-16.51.07.png\"\/><\/span><meta itemprop=\"name\" content=\"R\u00e9seau International\"\/><\/span><meta itemprop=\"datePublished\" content=\"2024-11-22T08:41:30+00:00\"\/><meta itemprop=\"dateModified\" content=\"2024-11-22T08:41:43+00:00\"\/><\/div>\n<p><br \/>\n<br \/><a href=\"https:\/\/reseauinternational.net\/sept-heures-de-travail-sans-remuneration-pour-les-francais-le-senat-vote-une-contribution-pour-financer-la-secu\/\" target=\"_blank\"\">Source link <\/a><\/p>\n","protected":false},"excerpt":{"rendered":"<p>par Le M\u00e9dia en 4-4-2 Le S\u00e9nat a vot\u00e9 une mesure imposant 7 heures de travail gratuit par an pour renflouer la S\u00e9curit\u00e9 sociale. Cette \u00abcontribution de solidarit\u00e9\u00bb vise \u00e0&hellip; <\/p>\n","protected":false},"author":1,"featured_media":660,"comment_status":"open","ping_status":"open","sticky":false,"template":"","format":"standard","meta":{"footnotes":""},"categories":[1],"tags":[],"class_list":["post-659","post","type-post","status-publish","format-standard","has-post-thumbnail","hentry","category-non-classe"],"_links":{"self":[{"href":"https:\/\/monde25.info\/index.php\/wp-json\/wp\/v2\/posts\/659","targetHints":{"allow":["GET"]}}],"collection":[{"href":"https:\/\/monde25.info\/index.php\/wp-json\/wp\/v2\/posts"}],"about":[{"href":"https:\/\/monde25.info\/index.php\/wp-json\/wp\/v2\/types\/post"}],"author":[{"embeddable":true,"href":"https:\/\/monde25.info\/index.php\/wp-json\/wp\/v2\/users\/1"}],"replies":[{"embeddable":true,"href":"https:\/\/monde25.info\/index.php\/wp-json\/wp\/v2\/comments?post=659"}],"version-history":[{"count":0,"href":"https:\/\/monde25.info\/index.php\/wp-json\/wp\/v2\/posts\/659\/revisions"}],"wp:featuredmedia":[{"embeddable":true,"href":"https:\/\/monde25.info\/index.php\/wp-json\/wp\/v2\/media\/660"}],"wp:attachment":[{"href":"https:\/\/monde25.info\/index.php\/wp-json\/wp\/v2\/media?parent=659"}],"wp:term":[{"taxonomy":"category","embeddable":true,"href":"https:\/\/monde25.info\/index.php\/wp-json\/wp\/v2\/categories?post=659"},{"taxonomy":"post_tag","embeddable":true,"href":"https:\/\/monde25.info\/index.php\/wp-json\/wp\/v2\/tags?post=659"}],"curies":[{"name":"wp","href":"https:\/\/api.w.org\/{rel}","templated":true}]}}