{"id":6595,"date":"2025-04-18T09:53:13","date_gmt":"2025-04-18T07:53:13","guid":{"rendered":"https:\/\/monde25.info\/index.php\/2025\/04\/18\/ballet-diplomatique-a-paris-rubio-assure-vouloir-mettre-fin-a-un-bain-de-sang-inutile-rt-en-francais\/"},"modified":"2025-04-18T09:53:13","modified_gmt":"2025-04-18T07:53:13","slug":"ballet-diplomatique-a-paris-rubio-assure-vouloir-mettre-fin-a-un-bain-de-sang-inutile-rt-en-francais","status":"publish","type":"post","link":"https:\/\/monde25.info\/index.php\/2025\/04\/18\/ballet-diplomatique-a-paris-rubio-assure-vouloir-mettre-fin-a-un-bain-de-sang-inutile-rt-en-francais\/","title":{"rendered":"ballet diplomatique \u00e0 Paris, Rubio assure vouloir mettre fin \u00e0 un \u00abbain de sang inutile\u00bb \u2014 RT en fran\u00e7ais"},"content":{"rendered":"<p> <br \/>\n<br \/><img decoding=\"async\" src=\"https:\/\/mf.b37mrtl.ru\/french\/images\/2025.04\/thumbnail\/680158fd6f7ccc05686f6c24.jpg\" \/><\/p>\n<div>\n<p class=\"text__summary\">\n                                        Le chef de la diplomatie am\u00e9ricaine Marco Rubio et l\u2019envoy\u00e9 sp\u00e9cial de Donald Trump Steve Witkoff \u00e9taient ce 17 avril \u00e0 Paris pour y rencontrer le pr\u00e9sident fran\u00e7ais Emmanuel Macron.<br \/>\nLe ministre fran\u00e7ais des Affaires \u00e9trang\u00e8res, Jean-No\u00ebl Barrot, une d\u00e9l\u00e9gation ukrainienne et des conseillers britanniques et allemands \u00e9taient \u00e9galement pr\u00e9sents.\n                                    <\/p>\n<p>\u00ab\u00a0Nous avons d\u00e9clench\u00e9 aujourd\u2019hui \u00e0 Paris un processus qui est positif et auquel les Europ\u00e9ens sont associ\u00e9s\u00a0\u00bb, s\u2019est f\u00e9licit\u00e9e ce 17 avril la pr\u00e9sidence fran\u00e7aise \u00e0 l\u2019issue d\u2019une s\u00e9rie de r\u00e9unions \u00e0 l\u2019\u00c9lys\u00e9e, selon des propos rapport\u00e9s par la presse. Toujours selon la m\u00eame source, Paris s\u2019est \u00e9galement f\u00e9licit\u00e9 d\u2019un \u00ab\u00a0excellent \u00e9change\u00a0\u00bb qui a \u00ab\u00a0permis de converger\u00a0\u00bb en faveur d&rsquo;une \u00ab\u00a0paix solide\u00a0\u00bb.<strong\/><\/p>\n<p>\u00c9taient notamment pr\u00e9sents au palace, \u00e0 l\u2019occasion de ce ballet diplomatique, le Secr\u00e9taire d\u2019\u00c9tat am\u00e9ricain Marco Rubio ainsi que l\u2019envoy\u00e9 sp\u00e9cial de Donald Trump Steve Witkoff. \u00ab\u00a0Nous sommes arriv\u00e9s \u00e0 Paris avec un but en t\u00eate : d\u00e9finir des solutions concr\u00e8tes pour terminer la guerre entre la Russie et l&rsquo;Ukraine\u00a0\u00bb et faire cesser \u00ab\u00a0le bain de sang inutile\u00a0\u00bb, <a target=\"_blank\" href=\"https:\/\/x.com\/SecRubio\/status\/1912898136504226012\">avait post\u00e9<\/a> sur X Marco Rubio. Ce dernier, qui effectuait son premier d\u00e9placement en France depuis sa nomination au poste de Secr\u00e9taire d\u2019\u00c9tat, a \u00e9galement annonc\u00e9 la pr\u00e9sence de l&rsquo;envoy\u00e9 sp\u00e9cial du pr\u00e9sident am\u00e9ricain pour la Russie et l&rsquo;Ukraine\u00a0: Keith Kellogg.<\/p>\n<p>Plus t\u00f4t dans la journ\u00e9e, Andri\u00ef Ermak, le chef de l\u2019administration pr\u00e9sidentielle ukrainienne et proche de Volodymyr Zelensky, avait \u00e9galement annonc\u00e9 sur les r\u00e9seaux sociaux <a target=\"_blank\" href=\"https:\/\/x.com\/AndriyYermak\/status\/1912753979332718909\">son arriv\u00e9e \u00e0 Paris<\/a>. Celui-ci \u00e9tait accompagn\u00e9 de deux ministres\u00a0: celui des Affaires \u00e9trang\u00e8res Andri\u00ef Sybiha et son homologue de la D\u00e9fense Roustem Oum\u00e9rov.<\/p>\n<p>Ermak a notamment relat\u00e9 que la d\u00e9l\u00e9gation ukrainienne avait eu des entretiens avec le conseiller diplomatique d\u2019Emmanuel Macron, Emmanuel Bonne, le Conseiller \u00e0 la S\u00e9curit\u00e9 nationale du Royaume-Uni, Jonathan Powell, ainsi que son homologue allemand, Jens Pl\u00f6tner.<\/p>\n<p>Sur des cha\u00eenes fran\u00e7aises et am\u00e9ricaines, les images de rencontres \u00e0 l\u2019\u00c9lys\u00e9e ont circul\u00e9. Tant sur des plateaux, que dans des titres de la presse \u00e9crite, la piste d\u2019une \u00ab\u00a0<a target=\"_blank\" href=\"https:\/\/x.com\/bfmbusiness\/status\/1912930027261342076\">enguelade\u00a0<\/a>\u00bb des Europ\u00e9ens par les Am\u00e9ricains a \u00e9t\u00e9 \u00e9voqu\u00e9. En effet, comme l\u2019a notamment soulign\u00e9 le quotidien suisse <em>Blick<\/em>, qui n\u2019exclut pas cette hypoth\u00e8se, <a target=\"_blank\" href=\"https:\/\/www.blick.ch\/fr\/monde\/france\/france-faire-ceder-macron-le-plan-de-rubio-a-lelysee-id20790736.html\">deux sujets<\/a> f\u00e2chent\u00a0l\u2019administration Trump, \u00e0 savoir la volont\u00e9 de Paris d\u2019envoyer des troupes en Ukraine en cas de cessez-le-feu \u2212 malgr\u00e9 le non cat\u00e9gorique des Russes \u00e0 une telle pr\u00e9sence\u00a0de l&rsquo;OTAN \u2212\u00a0ainsi que l\u2019annonce par Emmanuel Macron d\u2019une possible reconnaissance par Paris d\u2019un \u00c9tat palestinien.<\/p>\n<h3>Zelensky accuse Witkoff d\u2019avoir \u00ab\u00a0adopt\u00e9 la strat\u00e9gie\u00a0\u00bb russe<\/h3>\n<p>D\u2019apr\u00e8s <a target=\"_blank\" href=\"https:\/\/www.elysee.fr\/emmanuel-macron\/2025\/04\/17\/entretien-avec-steve-witkoff-envoye-special-du-president-trump-et-marco-rubio-secretaire-detat-des-etats-unis-damerique\">un communiqu\u00e9<\/a> de l\u2019\u00c9lys\u00e9e rendant compte d\u2019un \u00ab entretien suivi d\u2019un d\u00e9jeuner de travail \u00bb entre Emmanuel Macron et les deux Am\u00e9ricains en \u00ab\u00a0pr\u00e9sence\u00a0\u00bb du chef de la diplomatie fran\u00e7aise Jean-No\u00ebl Barrot et d\u2019Emmanuel Bonne, les discussions ont \u00ab\u00a0principalement port\u00e9 sur les n\u00e9gociations de paix\u00a0\u00bb en Ukraine. Selon la m\u00eame source, \u00ab\u00a0d\u2019autres sujets d\u2019actualit\u00e9\u00a0\u00bb auraient \u00e9t\u00e9 abord\u00e9s, dont les droits de douane entre les deux rives de l\u2019Atlantique nord et \u00ab\u00a0la situation au Proche-Orient\u00a0\u00bb.<\/p>\n<p>Toujours ce 17 avril, depuis Kiev, Volodymyr Zelensky a accus\u00e9 lors d\u2019une conf\u00e9rence de presse l\u2019\u00e9missaire am\u00e9ricain d\u2019avoir \u00ab adopt\u00e9 la strat\u00e9gie de la partie russe \u00bb et de \u00ab diffuse[r] consciemment ou inconsciemment des r\u00e9cits russes \u00bb.<\/p>\n<p>\u00ab\u00a0Malheureusement, nous constatons que l&rsquo;Europe se concentre sur la poursuite de la guerre\u00a0\u00bb, avait pour sa part <a target=\"_blank\" href=\"https:\/\/tass.ru\/politika\/23707907\">regrett\u00e9<\/a>\u00a0plus t\u00f4t Dmitri Peskov. Soulignant que les \u00c9tats-Unis \u00ab\u00a0continuent d\u2019\u0153uvrer dans le sens\u00a0\u00bb d\u2019un r\u00e8glement \u00ab\u00a0avec les Europ\u00e9ens et les Ukrainiens\u00a0\u00bb, le porte-parole du Kremlin avait d\u00e9clar\u00e9 esp\u00e9rer que ces derniers \u00ab\u00a0s\u2019orientent vers la recherche d\u2019une solution pacifique\u00a0\u00bb.<\/p>\n<p>Lors d\u2019une allocution \u00e0 l\u2019issue de cette journ\u00e9e de tractations, Jean-No\u00ebl Barrot a d\u00e9clar\u00e9 qu\u2019Am\u00e9ricains, Europ\u00e9ens et Ukrainiens s\u2019\u00e9taient\u00a0\u00ab\u00a0donn\u00e9 rendez-vous la semaine prochaine \u00e0 Londres pour poursuivre les \u00e9changes\u00a0\u00bb.<\/p>\n<\/div>\n<p><br \/>\n<br \/><a href=\"https:\/\/francais.rt.com\/france\/119590-ukraine-ballet-diplomatique-macron-rubio\" target=\"_blank\"\">Source link <\/a><\/p>\n","protected":false},"excerpt":{"rendered":"<p>Le chef de la diplomatie am\u00e9ricaine Marco Rubio et l\u2019envoy\u00e9 sp\u00e9cial de Donald Trump Steve Witkoff \u00e9taient ce 17 avril \u00e0 Paris pour y rencontrer le pr\u00e9sident fran\u00e7ais Emmanuel Macron.&hellip; <\/p>\n","protected":false},"author":1,"featured_media":6596,"comment_status":"open","ping_status":"open","sticky":false,"template":"","format":"standard","meta":{"footnotes":""},"categories":[1],"tags":[],"class_list":["post-6595","post","type-post","status-publish","format-standard","has-post-thumbnail","hentry","category-non-classe"],"_links":{"self":[{"href":"https:\/\/monde25.info\/index.php\/wp-json\/wp\/v2\/posts\/6595","targetHints":{"allow":["GET"]}}],"collection":[{"href":"https:\/\/monde25.info\/index.php\/wp-json\/wp\/v2\/posts"}],"about":[{"href":"https:\/\/monde25.info\/index.php\/wp-json\/wp\/v2\/types\/post"}],"author":[{"embeddable":true,"href":"https:\/\/monde25.info\/index.php\/wp-json\/wp\/v2\/users\/1"}],"replies":[{"embeddable":true,"href":"https:\/\/monde25.info\/index.php\/wp-json\/wp\/v2\/comments?post=6595"}],"version-history":[{"count":0,"href":"https:\/\/monde25.info\/index.php\/wp-json\/wp\/v2\/posts\/6595\/revisions"}],"wp:featuredmedia":[{"embeddable":true,"href":"https:\/\/monde25.info\/index.php\/wp-json\/wp\/v2\/media\/6596"}],"wp:attachment":[{"href":"https:\/\/monde25.info\/index.php\/wp-json\/wp\/v2\/media?parent=6595"}],"wp:term":[{"taxonomy":"category","embeddable":true,"href":"https:\/\/monde25.info\/index.php\/wp-json\/wp\/v2\/categories?post=6595"},{"taxonomy":"post_tag","embeddable":true,"href":"https:\/\/monde25.info\/index.php\/wp-json\/wp\/v2\/tags?post=6595"}],"curies":[{"name":"wp","href":"https:\/\/api.w.org\/{rel}","templated":true}]}}