{"id":6600,"date":"2025-04-18T13:10:35","date_gmt":"2025-04-18T11:10:35","guid":{"rendered":"https:\/\/monde25.info\/index.php\/2025\/04\/18\/lyon-turin-un-opposant-poursuivi-pour-avoir-parle-de-sabotage\/"},"modified":"2025-04-18T13:10:35","modified_gmt":"2025-04-18T11:10:35","slug":"lyon-turin-un-opposant-poursuivi-pour-avoir-parle-de-sabotage","status":"publish","type":"post","link":"https:\/\/monde25.info\/index.php\/2025\/04\/18\/lyon-turin-un-opposant-poursuivi-pour-avoir-parle-de-sabotage\/","title":{"rendered":"Lyon-Turin\u00a0: un opposant poursuivi pour avoir parl\u00e9 de sabotage"},"content":{"rendered":"<p> <br \/>\n<br \/><img loading=\"lazy\" decoding=\"async\" src=\"https:\/\/reporterre.net\/local\/cache-vignettes\/L700xH466\/afp__20250412__hl_bpavan_2729852__v1__highres__franceguidedtouroftheenvironmentaldam_1_-36264.jpg?1744963254\" class=\"spip_logo\" width=\"700\" height=\"466\" alt=\"\" \/><\/p>\n<p>Philippe Delhomme, militant contre le projet de <span class=\"caps\">LGV<\/span> Lyon-Turin, compara\u00eet devant la justice. D\u00e9j\u00e0 relax\u00e9 pour d&rsquo;autres faits, il est cette fois-ci accus\u00e9 d&rsquo;avoir \u00ab<small class=\"fine d-inline\">\u00a0<\/small>provoqu\u00e9 \u00e0 la commission de destructions<small class=\"fine d-inline\">\u00a0<\/small>\u00bb. <br class=\"autobr\" \/> Un proc\u00e8s qui rel\u00e8ve \u00ab<small class=\"fine d-inline\">\u00a0<\/small>de la science-fiction<small class=\"fine d-inline\">\u00a0<\/small>\u00bb, selon son avocate, Delphine Combes. Philippe Delhomme, 60\u00a0ans, professeur de coll\u00e8ge et opposant au chantier de la nouvelle ligne ferroviaire Lyon-Turin, doit compara\u00eetre vendredi 18\u00a0avril devant le tribunal d&rsquo;Albertville (Savoie). C&rsquo;est\u00a0(\u2026)<\/p>\n<p>                    <a target=\"_blank\" href=\"https:\/\/reporterre.net\/Un-opposant-au-Lyon-Turin-harcele-par-la-justice?utm_source=RSS&amp;utm_medium=RSS\">Lire la suite<\/a><\/p>\n<p>                    &#8211;<br \/>\n                        <a target=\"_blank\" href=\"https:\/\/reporterre.net\/Autres-infos\" rel=\"directory\">Info<\/a><\/p>\n<p>                    \/<br \/>\n                        <a target=\"_blank\" href=\"https:\/\/reporterre.net\/Grands-projets-inutiles\" rel=\"tag\">Grands projets impos\u00e9s<\/a><br \/>\n                    ,<br \/>\n                        <a target=\"_blank\" href=\"https:\/\/reporterre.net\/Luttes\" rel=\"tag\">Luttes<\/a><br \/>\n                    ,<br \/>\n                        <a target=\"_blank\" href=\"https:\/\/reporterre.net\/Justice\" rel=\"tag\">Justice<\/a><br \/>\n<br \/><br \/>\n<br \/><a href=\"https:\/\/reporterre.net\/Un-opposant-au-Lyon-Turin-harcele-par-la-justice\" target=\"_blank\"\">Source link <\/a><\/p>\n","protected":false},"excerpt":{"rendered":"<p>Philippe Delhomme, militant contre le projet de LGV Lyon-Turin, compara\u00eet devant la justice. D\u00e9j\u00e0 relax\u00e9 pour d&rsquo;autres faits, il est cette fois-ci accus\u00e9 d&rsquo;avoir \u00ab\u00a0provoqu\u00e9 \u00e0 la commission de destructions\u00a0\u00bb.&hellip; <\/p>\n","protected":false},"author":1,"featured_media":0,"comment_status":"open","ping_status":"open","sticky":false,"template":"","format":"standard","meta":{"footnotes":""},"categories":[1],"tags":[],"class_list":["post-6600","post","type-post","status-publish","format-standard","hentry","category-non-classe"],"_links":{"self":[{"href":"https:\/\/monde25.info\/index.php\/wp-json\/wp\/v2\/posts\/6600","targetHints":{"allow":["GET"]}}],"collection":[{"href":"https:\/\/monde25.info\/index.php\/wp-json\/wp\/v2\/posts"}],"about":[{"href":"https:\/\/monde25.info\/index.php\/wp-json\/wp\/v2\/types\/post"}],"author":[{"embeddable":true,"href":"https:\/\/monde25.info\/index.php\/wp-json\/wp\/v2\/users\/1"}],"replies":[{"embeddable":true,"href":"https:\/\/monde25.info\/index.php\/wp-json\/wp\/v2\/comments?post=6600"}],"version-history":[{"count":0,"href":"https:\/\/monde25.info\/index.php\/wp-json\/wp\/v2\/posts\/6600\/revisions"}],"wp:attachment":[{"href":"https:\/\/monde25.info\/index.php\/wp-json\/wp\/v2\/media?parent=6600"}],"wp:term":[{"taxonomy":"category","embeddable":true,"href":"https:\/\/monde25.info\/index.php\/wp-json\/wp\/v2\/categories?post=6600"},{"taxonomy":"post_tag","embeddable":true,"href":"https:\/\/monde25.info\/index.php\/wp-json\/wp\/v2\/tags?post=6600"}],"curies":[{"name":"wp","href":"https:\/\/api.w.org\/{rel}","templated":true}]}}