{"id":6615,"date":"2025-04-18T19:46:41","date_gmt":"2025-04-18T17:46:41","guid":{"rendered":"https:\/\/monde25.info\/index.php\/2025\/04\/18\/netanyahou-face-a-la-revolte-de-tsahal-la-fin-dune-ere-veille-strategique-de-sylvain-ferreira\/"},"modified":"2025-04-18T19:46:41","modified_gmt":"2025-04-18T17:46:41","slug":"netanyahou-face-a-la-revolte-de-tsahal-la-fin-dune-ere-veille-strategique-de-sylvain-ferreira","status":"publish","type":"post","link":"https:\/\/monde25.info\/index.php\/2025\/04\/18\/netanyahou-face-a-la-revolte-de-tsahal-la-fin-dune-ere-veille-strategique-de-sylvain-ferreira\/","title":{"rendered":"Netanyahou face \u00e0 la r\u00e9volte de Tsahal : La fin d\u2019une \u00e8re ? \u2013 Veille strat\u00e9gique de Sylvain Ferreira"},"content":{"rendered":"<p> <br \/>\n<\/p>\n<div>\n<p>par <strong>Yoann<\/strong><\/p>\n<p>Alors que les tensions montent au Proche-Orient, l\u2019arm\u00e9e isra\u00e9lienne fait face \u00e0 une fronde interne sans pr\u00e9c\u00e9dent. Les r\u00e9servistes refusent de retourner \u00e0 Gaza, tandis que les manifestations se multiplient. Parall\u00e8lement, la situation en Ukraine reste tendue, avec des avanc\u00e9es russes significatives et une diplomatie au point mort.<\/p>\n<h5 class=\"wp-block-heading\">La Fronde au Sein de l\u2019Arm\u00e9e Isra\u00e9lienne<\/h5>\n<p>Depuis lundi, des informations \u00e9mergent concernant une fronde au sein des forces arm\u00e9es isra\u00e9liennes. Des r\u00e9servistes refusent de retourner \u00e0 Gaza, et des manifestations se multiplient. Cette r\u00e9volte interne pourrait bien marquer un tournant dans le conflit, alors que la soci\u00e9t\u00e9 civile isra\u00e9lienne demande la fin de la guerre et le d\u00e9part de Benjamin Netanyahu. Les pilotes de l\u2019aviation isra\u00e9lienne ont \u00e9galement exprim\u00e9 leur m\u00e9contentement, ce qui pourrait leur valoir des sanctions. Cette situation met en lumi\u00e8re les fissures au sein de l\u2019arm\u00e9e, pilier de la soci\u00e9t\u00e9 isra\u00e9lienne.<\/p>\n<h5 class=\"wp-block-heading\">La Situation Humanitaire \u00e0 Gaza<\/h5>\n<p>\u00c0 Gaza, la situation humanitaire est catastrophique. Depuis le 18 mars, les combats ont fait 1 391 morts palestiniens, dont pr\u00e8s de la moiti\u00e9 sont des enfants. Les infrastructures sont d\u00e9truites, et un blocus emp\u00eache l\u2019acheminement de l\u2019aide humanitaire. Plus de 130 000 personnes risquent de sombrer dans la famine, et plus de 30 % du territoire de Gaza est maintenant sous contr\u00f4le isra\u00e9lien. Les n\u00e9gociations entre Isra\u00e9liens et repr\u00e9sentants de la r\u00e9sistance palestinienne sont au point mort, avec des exigences isra\u00e9liennes de plus en plus inacceptables pour les Palestiniens.<\/p>\n<p><center><\/p>\n<p><iframe loading=\"lazy\" title=\"Veille Strat\u00e9gique Web TV, bulletin n\u00b0106\" width=\"1110\" height=\"624\" src=\"https:\/\/www.youtube.com\/embed\/dbYUHjkTvaU?feature=oembed\" frameborder=\"0\" allow=\"accelerometer; autoplay; clipboard-write; encrypted-media; gyroscope; picture-in-picture; web-share\" referrerpolicy=\"strict-origin-when-cross-origin\" allowfullscreen><\/iframe><\/p>\n<p><\/center><\/p>\n<p>source : <a target=\"_blank\" href=\"https:\/\/lemediaen442.fr\/netanyahou-face-a-la-revolte-de-tsahal-la-fin-dune-ere-veille-strategique-de-sylvain-ferreira\/\" target=\"_blank\" rel=\"noopener\" title=\"Le M\u00e9dia en 4-4-2\">Le M\u00e9dia en 4-4-2<\/a><\/p>\n<div class=\"sharedaddy sd-block sd-like jetpack-likes-widget-wrapper jetpack-likes-widget-unloaded\" id=\"like-post-wrapper-237719536-452977-68028d75201f5\" data-src=\"https:\/\/widgets.wp.com\/likes\/?ver=14.4.1#blog_id=237719536&amp;post_id=452977&amp;origin=reseauinternational.net&amp;obj_id=237719536-452977-68028d75201f5\" data-name=\"like-post-frame-237719536-452977-68028d75201f5\" data-title=\"Aimer ou rebloguer\">\n<h3 class=\"sd-title\">J\u2019aime \u00e7a\u00a0:<\/h3>\n<p><span class=\"button\"><span>J\u2019aime<\/span><\/span> <span class=\"loading\">chargement\u2026<\/span><\/p>\n<p><span class=\"sd-text-color\"\/><a target=\"_blank\" class=\"sd-link-color\"\/><\/div>\n<p><meta itemscope=\"\" itemprop=\"mainEntityOfPage\" itemtype=\"https:\/\/schema.org\/WebPage\" itemid=\"https:\/\/reseauinternational.net\/netanyahou-face-a-la-revolte-de-tsahal-la-fin-dune-ere-veille-strategique-de-sylvain-ferreira\/\"\/><meta itemprop=\"headline\" content=\"Netanyahou face \u00e0 la r\u00e9volte de Tsahal : La fin d\u2019une \u00e8re ? \u2013 Veille strat\u00e9gique de Sylvain Ferreira\"\/><span style=\"display: none;\" itemprop=\"author\" itemscope=\"\" itemtype=\"https:\/\/schema.org\/Person\"><meta itemprop=\"name\" content=\"R\u00e9seau International\"\/><\/span><span style=\"display: none;\" itemprop=\"image\" itemscope=\"\" itemtype=\"https:\/\/schema.org\/ImageObject\"><meta itemprop=\"url\" content=\"https:\/\/i0.wp.com\/reseauinternational.net\/wp-content\/uploads\/2025\/04\/Tsahal-768x512-1.webp?fit=800%2C467&amp;quality=100&amp;ssl=1\"\/><meta itemprop=\"width\" content=\"800\"\/><meta itemprop=\"height\" content=\"467\"\/><\/span><span style=\"display: none;\" itemprop=\"publisher\" itemscope=\"\" itemtype=\"https:\/\/schema.org\/Organization\"><span style=\"display: none;\" itemprop=\"logo\" itemscope=\"\" itemtype=\"https:\/\/schema.org\/ImageObject\"><meta itemprop=\"url\" content=\"https:\/\/reseauinternational.net\/wp-content\/uploads\/2022\/06\/Capture-de\u0301cran-2022-06-14-a\u0300-16.51.07.png\"\/><\/span><meta itemprop=\"name\" content=\"R\u00e9seau International\"\/><\/span><meta itemprop=\"datePublished\" content=\"2025-04-18T13:16:02+00:00\"\/><meta itemprop=\"dateModified\" content=\"2025-04-18T13:16:11+00:00\"\/><\/div>\n<p><br \/>\n<br \/><a href=\"https:\/\/reseauinternational.net\/netanyahou-face-a-la-revolte-de-tsahal-la-fin-dune-ere-veille-strategique-de-sylvain-ferreira\/\" target=\"_blank\"\">Source link <\/a><\/p>\n","protected":false},"excerpt":{"rendered":"<p>par Yoann Alors que les tensions montent au Proche-Orient, l\u2019arm\u00e9e isra\u00e9lienne fait face \u00e0 une fronde interne sans pr\u00e9c\u00e9dent. Les r\u00e9servistes refusent de retourner \u00e0 Gaza, tandis que les manifestations&hellip; <\/p>\n","protected":false},"author":1,"featured_media":6616,"comment_status":"open","ping_status":"open","sticky":false,"template":"","format":"standard","meta":{"footnotes":""},"categories":[1],"tags":[],"class_list":["post-6615","post","type-post","status-publish","format-standard","has-post-thumbnail","hentry","category-non-classe"],"_links":{"self":[{"href":"https:\/\/monde25.info\/index.php\/wp-json\/wp\/v2\/posts\/6615","targetHints":{"allow":["GET"]}}],"collection":[{"href":"https:\/\/monde25.info\/index.php\/wp-json\/wp\/v2\/posts"}],"about":[{"href":"https:\/\/monde25.info\/index.php\/wp-json\/wp\/v2\/types\/post"}],"author":[{"embeddable":true,"href":"https:\/\/monde25.info\/index.php\/wp-json\/wp\/v2\/users\/1"}],"replies":[{"embeddable":true,"href":"https:\/\/monde25.info\/index.php\/wp-json\/wp\/v2\/comments?post=6615"}],"version-history":[{"count":0,"href":"https:\/\/monde25.info\/index.php\/wp-json\/wp\/v2\/posts\/6615\/revisions"}],"wp:featuredmedia":[{"embeddable":true,"href":"https:\/\/monde25.info\/index.php\/wp-json\/wp\/v2\/media\/6616"}],"wp:attachment":[{"href":"https:\/\/monde25.info\/index.php\/wp-json\/wp\/v2\/media?parent=6615"}],"wp:term":[{"taxonomy":"category","embeddable":true,"href":"https:\/\/monde25.info\/index.php\/wp-json\/wp\/v2\/categories?post=6615"},{"taxonomy":"post_tag","embeddable":true,"href":"https:\/\/monde25.info\/index.php\/wp-json\/wp\/v2\/tags?post=6615"}],"curies":[{"name":"wp","href":"https:\/\/api.w.org\/{rel}","templated":true}]}}