{"id":6624,"date":"2025-04-18T22:32:35","date_gmt":"2025-04-18T20:32:35","guid":{"rendered":"https:\/\/monde25.info\/index.php\/2025\/04\/18\/eric-lombard-ceux-qui-ne-se-font-pas-vacciner-et-ensuite-qui-coutent-cher-a-la-collectivite-ca-peut-interroger\/"},"modified":"2025-04-18T22:32:35","modified_gmt":"2025-04-18T20:32:35","slug":"eric-lombard-ceux-qui-ne-se-font-pas-vacciner-et-ensuite-qui-coutent-cher-a-la-collectivite-ca-peut-interroger","status":"publish","type":"post","link":"https:\/\/monde25.info\/index.php\/2025\/04\/18\/eric-lombard-ceux-qui-ne-se-font-pas-vacciner-et-ensuite-qui-coutent-cher-a-la-collectivite-ca-peut-interroger\/","title":{"rendered":"\u00c9ric Lombard : \u00ab\u00a0Ceux qui ne se font pas vacciner, et ensuite qui co\u00fbtent cher \u00e0 la collectivit\u00e9, \u00e7a peut interroger.\u00a0\u00bb"},"content":{"rendered":"<p> <br \/>\n<br \/><img loading=\"lazy\" decoding=\"async\" width=\"768\" height=\"432\" src=\"https:\/\/i0.wp.com\/www.lelibrepenseur.org\/wp-content\/uploads\/2025\/04\/Le-Medef-et-le-ministre-de-lEconomie-veulent-faire-payer-les-non-vaccines-en-2025.png?fit=768%2C432&amp;ssl=1\" class=\"webfeedsFeaturedVisual wp-post-image\" alt=\"\u00c9ric Lombard : &quot;Ceux qui ne se font pas vacciner, et ensuite qui co\u00fbtent cher \u00e0 la collectivit\u00e9, \u00e7a peut interroger.&quot;\" style=\"margin-bottom: 5px;clear:both;max-width: 100%\" data-attachment-id=\"6054518\" data-permalink=\"https:\/\/www.lelibrepenseur.org\/eric-lombard-ceux-qui-ne-se-font-pas-vacciner-et-ensuite-qui-coutent-cher-a-la-collectivite-ca-peut-interroger\/le-medef-et-le-ministre-de-leconomie-veulent-faire-payer-les-non-vaccines-en-2025\/\" data-orig-file=\"https:\/\/i0.wp.com\/www.lelibrepenseur.org\/wp-content\/uploads\/2025\/04\/Le-Medef-et-le-ministre-de-lEconomie-veulent-faire-payer-les-non-vaccines-en-2025.png?fit=1280%2C720&amp;ssl=1\" data-orig-size=\"1280,720\" data-comments-opened=\"1\" data-image-meta=\"{&quot;aperture&quot;:&quot;0&quot;,&quot;credit&quot;:&quot;&quot;,&quot;camera&quot;:&quot;&quot;,&quot;caption&quot;:&quot;&quot;,&quot;created_timestamp&quot;:&quot;0&quot;,&quot;copyright&quot;:&quot;&quot;,&quot;focal_length&quot;:&quot;0&quot;,&quot;iso&quot;:&quot;0&quot;,&quot;shutter_speed&quot;:&quot;0&quot;,&quot;title&quot;:&quot;&quot;,&quot;orientation&quot;:&quot;0&quot;}\" data-image-title=\"Le Medef et le ministre de l&amp;rsquo;\u00c9conomie veulent faire payer les non-vaccin\u00e9s en 2025\" data-image-description=\"&lt;p&gt;\u00c9ric Lombard : \u00ab\u00a0Ceux qui ne se font pas vacciner, et ensuite qui co\u00fbtent cher \u00e0 la collectivit\u00e9, \u00e7a peut interroger.\u00a0\u00bb&lt;\/p&gt;\n\" data-image-caption=\"&lt;p&gt;\u00c9ric Lombard : \u00ab\u00a0Ceux qui ne se font pas vacciner, et ensuite qui co\u00fbtent cher \u00e0 la collectivit\u00e9, \u00e7a peut interroger.\u00a0\u00bb&lt;\/p&gt;\n\" data-medium-file=\"https:\/\/i0.wp.com\/www.lelibrepenseur.org\/wp-content\/uploads\/2025\/04\/Le-Medef-et-le-ministre-de-lEconomie-veulent-faire-payer-les-non-vaccines-en-2025.png?fit=300%2C169&amp;ssl=1\" data-large-file=\"https:\/\/i0.wp.com\/www.lelibrepenseur.org\/wp-content\/uploads\/2025\/04\/Le-Medef-et-le-ministre-de-lEconomie-veulent-faire-payer-les-non-vaccines-en-2025.png?fit=1024%2C576&amp;ssl=1\" \/><\/p>\n<div class=\"intro-text\">\n<p><span class=\"dropcap \" style=\"background-color: #ffffff;color: #000000;border-color: #ffffff\"><strong>D<\/strong><\/span>\u00e9cid\u00e9ment ils ne veulent rien l\u00e2cher, cinq ans plus tard, malgr\u00e9 les nombreux scandales et les mensonges, l&rsquo;ex\u00e9cutif continue de mentir. L&rsquo;actuel ministre de l&rsquo;\u00c9conomie ose dire que les personnes qui ont refus\u00e9 de servir de cobayes \u00e0 Pfizer et Moderna sont responsables de la \u00ab\u00a0dette\u00a0\u00bb ! Bien au contraire, les non vaccin\u00e9s n&rsquo;ont pas d\u00e9pens\u00e9 d&rsquo;argent, chaque injection co\u00fbtant 20 \u20ac, plus la consultation, plus les dizaines de tests, ce sont bien eux qui ont r\u00e9alis\u00e9 et ont permis une \u00e9conomie des d\u00e9penses de la S\u00e9curit\u00e9 sociale. C&rsquo;est d&rsquo;autant plus insupportable que le trou de la S\u00e9cu est caus\u00e9 essentiellement par les affections de longue dur\u00e9e, la gestion de la fin de vie et les grossesses.<\/p>\n<p>En tenant de tels propos, il confirme les analyses du patron du MEDEF pi\u00e9tinant toute la d\u00e9ontologie m\u00e9dicale. Bient\u00f4t ils vont nous expliquer qu&rsquo;il ne faut pas soigner les buveurs d&rsquo;alcool, les gros, les diab\u00e9tiques qui ne respectent pas un r\u00e9gime alimentaire strict, les fumeurs&#8230;<\/p>\n<\/div>\n<hr \/>\n<div style=\"width: 1280px\" class=\"wp-video\"><!--[if lt IE 9]&gt;document.createElement('video');&lt;![endif]--><br \/>\n<video class=\"wp-video-shortcode\" id=\"video-6054517-1\" width=\"1280\" height=\"720\" preload=\"metadata\" controls=\"controls\"><a target=\"_blank\" href=\"https:\/\/www.lelibrepenseur.org\/wp-content\/uploads\/2025\/04\/Eric-Lombard-Ceux-qui-ne-se-font-pas-vacciner-et-ensuite-qui-coutent-cher-a-la-collectivite-ca-peut-interroger.mp4\">https:\/\/www.lelibrepenseur.org\/wp-content\/uploads\/2025\/04\/Eric-Lombard-Ceux-qui-ne-se-font-pas-vacciner-et-ensuite-qui-coutent-cher-a-la-collectivite-ca-peut-interroger.mp4<\/a><\/video><\/div>\n<hr \/>\n<p>L\u2019article <a target=\"_blank\" href=\"https:\/\/www.lelibrepenseur.org\/eric-lombard-ceux-qui-ne-se-font-pas-vacciner-et-ensuite-qui-coutent-cher-a-la-collectivite-ca-peut-interroger\/\">\u00c9ric Lombard : \u00ab\u00a0Ceux qui ne se font pas vacciner, et ensuite qui co\u00fbtent cher \u00e0 la collectivit\u00e9, \u00e7a peut interroger.\u00a0\u00bb<\/a> est apparu en premier sur <a target=\"_blank\" href=\"https:\/\/www.lelibrepenseur.org\">Le Libre Penseur<\/a>.<\/p>\n<p><br \/>\n<br \/><a href=\"https:\/\/www.lelibrepenseur.org\/eric-lombard-ceux-qui-ne-se-font-pas-vacciner-et-ensuite-qui-coutent-cher-a-la-collectivite-ca-peut-interroger\/\" target=\"_blank\"\">Source link <\/a><\/p>\n","protected":false},"excerpt":{"rendered":"<p>D\u00e9cid\u00e9ment ils ne veulent rien l\u00e2cher, cinq ans plus tard, malgr\u00e9 les nombreux scandales et les mensonges, l&rsquo;ex\u00e9cutif continue de mentir. L&rsquo;actuel ministre de l&rsquo;\u00c9conomie ose dire que les personnes&hellip; <\/p>\n","protected":false},"author":1,"featured_media":0,"comment_status":"open","ping_status":"open","sticky":false,"template":"","format":"standard","meta":{"footnotes":""},"categories":[1],"tags":[],"class_list":["post-6624","post","type-post","status-publish","format-standard","hentry","category-non-classe"],"_links":{"self":[{"href":"https:\/\/monde25.info\/index.php\/wp-json\/wp\/v2\/posts\/6624","targetHints":{"allow":["GET"]}}],"collection":[{"href":"https:\/\/monde25.info\/index.php\/wp-json\/wp\/v2\/posts"}],"about":[{"href":"https:\/\/monde25.info\/index.php\/wp-json\/wp\/v2\/types\/post"}],"author":[{"embeddable":true,"href":"https:\/\/monde25.info\/index.php\/wp-json\/wp\/v2\/users\/1"}],"replies":[{"embeddable":true,"href":"https:\/\/monde25.info\/index.php\/wp-json\/wp\/v2\/comments?post=6624"}],"version-history":[{"count":0,"href":"https:\/\/monde25.info\/index.php\/wp-json\/wp\/v2\/posts\/6624\/revisions"}],"wp:attachment":[{"href":"https:\/\/monde25.info\/index.php\/wp-json\/wp\/v2\/media?parent=6624"}],"wp:term":[{"taxonomy":"category","embeddable":true,"href":"https:\/\/monde25.info\/index.php\/wp-json\/wp\/v2\/categories?post=6624"},{"taxonomy":"post_tag","embeddable":true,"href":"https:\/\/monde25.info\/index.php\/wp-json\/wp\/v2\/tags?post=6624"}],"curies":[{"name":"wp","href":"https:\/\/api.w.org\/{rel}","templated":true}]}}