{"id":6631,"date":"2025-04-19T01:50:34","date_gmt":"2025-04-18T23:50:34","guid":{"rendered":"https:\/\/monde25.info\/index.php\/2025\/04\/19\/velos-dans-les-trains-la-sncf-peut-mieux-faire\/"},"modified":"2025-04-19T01:50:34","modified_gmt":"2025-04-18T23:50:34","slug":"velos-dans-les-trains-la-sncf-peut-mieux-faire","status":"publish","type":"post","link":"https:\/\/monde25.info\/index.php\/2025\/04\/19\/velos-dans-les-trains-la-sncf-peut-mieux-faire\/","title":{"rendered":"V\u00e9los dans les trains\u00a0: la SNCF peut mieux faire"},"content":{"rendered":"<p> <br \/>\n<br \/><img loading=\"lazy\" decoding=\"async\" src=\"https:\/\/reporterre.net\/local\/cache-vignettes\/L700xH467\/fhuiehcuirehvervelolololo-e5cac.jpg?1744985590\" class=\"spip_logo\" width=\"700\" height=\"467\" alt=\"\" \/><\/p>\n<p>Manque d&#8217;emplacements, jungle des r\u00e9servations, quais inaccessibles\u2026 Dans les trains et les gares, les voyageurs \u00e0 v\u00e9lo sont encore trop souvent mal re\u00e7us. La France n&rsquo;est pas \u00e0 la hauteur des enjeux, d\u00e9nonce un collectif. <br class=\"autobr\" \/> En ce jour de vacances de printemps, Virginie, son conjoint et leurs deux ados voyagent \u00e0 bord d&rsquo;un <span class=\"caps\">TER<\/span>, direction Montlu\u00e7on (Allier). Leurs v\u00e9los aussi. D\u00e8s le lendemain matin, ces Tourangeaux fileront sur la Cyclo Boh\u00e8me, la v\u00e9loroute qui suit l&rsquo;Indre et les ram\u00e8nera\u00a0(\u2026)<\/p>\n<p>                    <a target=\"_blank\" href=\"https:\/\/reporterre.net\/Voyager-a-velo-et-en-train-beaucoup-de-galeres-de-petites-avancees?utm_source=RSS&amp;utm_medium=RSS\">Lire la suite<\/a><\/p>\n<p>                    &#8211;<br \/>\n                        <a target=\"_blank\" href=\"https:\/\/reporterre.net\/Autres-infos\" rel=\"directory\">Info<\/a><\/p>\n<p>                    \/<br \/>\n                        <a target=\"_blank\" href=\"https:\/\/reporterre.net\/Quotidien\" rel=\"tag\">Quotidien<\/a><br \/>\n                    ,<br \/>\n                        <a target=\"_blank\" href=\"https:\/\/reporterre.net\/Transports\" rel=\"tag\">Transports<\/a><br \/>\n<br \/><br \/>\n<br \/><a href=\"https:\/\/reporterre.net\/Voyager-a-velo-et-en-train-beaucoup-de-galeres-de-petites-avancees\" target=\"_blank\"\">Source link <\/a><\/p>\n","protected":false},"excerpt":{"rendered":"<p>Manque d&#8217;emplacements, jungle des r\u00e9servations, quais inaccessibles\u2026 Dans les trains et les gares, les voyageurs \u00e0 v\u00e9lo sont encore trop souvent mal re\u00e7us. La France n&rsquo;est pas \u00e0 la hauteur&hellip; <\/p>\n","protected":false},"author":1,"featured_media":0,"comment_status":"open","ping_status":"open","sticky":false,"template":"","format":"standard","meta":{"footnotes":""},"categories":[1],"tags":[],"class_list":["post-6631","post","type-post","status-publish","format-standard","hentry","category-non-classe"],"_links":{"self":[{"href":"https:\/\/monde25.info\/index.php\/wp-json\/wp\/v2\/posts\/6631","targetHints":{"allow":["GET"]}}],"collection":[{"href":"https:\/\/monde25.info\/index.php\/wp-json\/wp\/v2\/posts"}],"about":[{"href":"https:\/\/monde25.info\/index.php\/wp-json\/wp\/v2\/types\/post"}],"author":[{"embeddable":true,"href":"https:\/\/monde25.info\/index.php\/wp-json\/wp\/v2\/users\/1"}],"replies":[{"embeddable":true,"href":"https:\/\/monde25.info\/index.php\/wp-json\/wp\/v2\/comments?post=6631"}],"version-history":[{"count":0,"href":"https:\/\/monde25.info\/index.php\/wp-json\/wp\/v2\/posts\/6631\/revisions"}],"wp:attachment":[{"href":"https:\/\/monde25.info\/index.php\/wp-json\/wp\/v2\/media?parent=6631"}],"wp:term":[{"taxonomy":"category","embeddable":true,"href":"https:\/\/monde25.info\/index.php\/wp-json\/wp\/v2\/categories?post=6631"},{"taxonomy":"post_tag","embeddable":true,"href":"https:\/\/monde25.info\/index.php\/wp-json\/wp\/v2\/tags?post=6631"}],"curies":[{"name":"wp","href":"https:\/\/api.w.org\/{rel}","templated":true}]}}