{"id":67,"date":"2024-11-14T07:00:25","date_gmt":"2024-11-14T06:00:25","guid":{"rendered":"https:\/\/monde25.info\/index.php\/2024\/11\/14\/aliyev-orban-meloni-la-cop29-accueille-le-gratin-dextreme-droite-mondial\/"},"modified":"2024-11-14T07:00:25","modified_gmt":"2024-11-14T06:00:25","slug":"aliyev-orban-meloni-la-cop29-accueille-le-gratin-dextreme-droite-mondial","status":"publish","type":"post","link":"https:\/\/monde25.info\/index.php\/2024\/11\/14\/aliyev-orban-meloni-la-cop29-accueille-le-gratin-dextreme-droite-mondial\/","title":{"rendered":"Aliyev, Orb\u00e0n, Meloni&#8230; La COP29 accueille le gratin d\u2019extr\u00eame droite mondial"},"content":{"rendered":"<p> <br \/>\n<\/p>\n<div>\n<p class=\"indication_lieu\">Bakou (Azerba\u00efdjan), reportage<\/p>\n<p><i>\u00ab<small class=\"fine d-inline\">\u00a0<\/small>Je veux le r\u00e9p\u00e9ter ici devant cette audience\u00a0: c\u2019est un don de Dieu.<small class=\"fine d-inline\">\u00a0<\/small>\u00bb<\/i> Le pr\u00e9sident de l\u2019Azerba\u00efdjan, Ilham Aliyev, r\u00e9p\u00e8te son mantra au sujet du p\u00e9trole et du gaz. Le 12\u00a0novembre, au deuxi\u00e8me jour de la <span class=\"caps\">COP29<\/span> \u00e0 Bakou, l\u2019allocution de l\u2019ind\u00e9tr\u00f4nable autocrate s\u2019est traduite par une d\u00e9fense acharn\u00e9e \u2014 et transparente \u2014 de l\u2019extraction de combustibles fossiles. Sans la moindre retenue \u00e0 l\u2019\u00e9gard de ses d\u00e9tracteurs, le moustachu a taill\u00e9 <i>\u00ab<small class=\"fine d-inline\">\u00a0<\/small>la politique du deux poids, deux mesures, la manie de donner des le\u00e7ons et l\u2019hypocrisie<small class=\"fine d-inline\">\u00a0<\/small>\u00bb<\/i> des dirigeants, activistes et m\u00e9dias de certains pays occidentaux.<\/p>\n<p>Quittant la tribune sous les applaudissements nourris de la pl\u00e9ni\u00e8re <i>\u00ab<small class=\"fine d-inline\">\u00a0<\/small>Nizami<small class=\"fine d-inline\">\u00a0<\/small>\u00bb<\/i>, le dictateur aux commandes du pays h\u00f4te depuis 2003 a \u00e9chang\u00e9 une chaleureuse poign\u00e9e de mains avec le secr\u00e9taire g\u00e9n\u00e9ral des Nations unies, Ant\u00f3nio Guterres. Celui-ci n\u2019a pas corrig\u00e9 la teneur de son la\u00efus, mais \u00e9tait sans doute m\u00e9dus\u00e9 par ces propos d\u2019une f\u00e9rocit\u00e9 quasi-in\u00e9dite en diplomatie internationale. Toujours est-il que le patron de l\u2019<span class=\"caps\">ONU<\/span> a commenc\u00e9 par remercier <i>\u00ab<small class=\"fine d-inline\">\u00a0<\/small>l\u2019accueil et l\u2019hospitalit\u00e9<small class=\"fine d-inline\">\u00a0<\/small>\u00bb<\/i> de l\u2019homme venant de jeter un froid \u00e0 l\u2019h\u00e9micycle.<\/p>\n<blockquote class=\"spip\">\n<p>\u00ab<small class=\"fine d-inline\">\u00a0<\/small>Nous sommes dans le compte \u00e0 rebours final<small class=\"fine d-inline\">\u00a0<\/small>\u00bb<\/p>\n<\/blockquote>\n<p><i>\u00ab<small class=\"fine d-inline\">\u00a0<\/small>Le son que vous entendez est celui du tic-tac de l\u2019horloge. Nous sommes dans le compte \u00e0 rebours final pour limiter l\u2019augmentation de la temp\u00e9rature mondiale \u00e0 1,5\u00a0\u00b0C<\/i>, a toutefois clam\u00e9 le Portugais. <i>Et le temps ne joue pas en notre faveur.<small class=\"fine d-inline\">\u00a0<\/small>\u00bb<\/i> D\u00e9non\u00e7ant l\u2019absurdit\u00e9 de poursuivre l\u2019investissement dans les hydrocarbures, il a appel\u00e9 \u00e0 r\u00e9duire de 30<small class=\"fine d-inline\">\u00a0<\/small>% leur production d\u2019ici 2030.<\/p>\n<p>Un v\u0153u aux antipodes des projections de l\u2019\u00c9tat accueillant la <span class=\"caps\">COP<\/span>, tablant plut\u00f4t sur <a target=\"_blank\" href=\"https:\/\/reporterre.net\/COP29-la-mainmise-des-Etats-petroliers-et-autoritaires\">une hausse de +14<small class=\"fine d-inline\">\u00a0<\/small>%<\/a> \u00e0 l\u2019horizon 2035.<\/p>\n<h2 class=\"spip\">Champ libre aux nationalistes europ\u00e9ens<\/h2>\n<p>Jusqu\u2019au cr\u00e9puscule du 13\u00a0novembre, un bataillon de 82 chefs d\u2019\u00c9tat et de gouvernement, vice-pr\u00e9sidents et princes h\u00e9ritiers doit d\u00e9filer au pupitre de l\u2019Assembl\u00e9e. Une grand-messe protocolaire, baptis\u00e9e <i>\u00ab<small class=\"fine d-inline\">\u00a0<\/small>Sommet des leaders<small class=\"fine d-inline\">\u00a0<\/small>\u00bb<\/i> et boud\u00e9e par tous les dirigeants des pays les plus \u00e9metteurs de dioxyde de carbone. Le pr\u00e9sident des \u00c9tats-Unis, Joe Biden, \u00e0 la l\u00e9gitimit\u00e9 terriblement fragilis\u00e9e par l\u2019\u00e9lection de Donald Trump, s\u00e8che l\u2019exercice pour la deuxi\u00e8me ann\u00e9e cons\u00e9cutive. Les leaders du Japon, de l\u2019Australie, de la Chine, de l\u2019Inde, du Canada, de l\u2019Afrique du Sud ou encore du Mexique brillent aussi par leur absent\u00e9isme. Au m\u00eame titre que le dictateur Vladimir Poutine, le roi Charles et le pr\u00e9sident du Br\u00e9sil, Luiz In\u00e1cio Lula da Silva, pourtant h\u00f4te de la prochaine <span class=\"caps\">COP<\/span>.<\/p>\n<p>Et le tableau n\u2019est gu\u00e8re plus garni du c\u00f4t\u00e9 de l\u2019Union europ\u00e9enne. Emmanuel Macron, lui aussi, a refus\u00e9 de se d\u00e9placer. Une premi\u00e8re depuis 2019, justifi\u00e9e par les fortes tensions diplomatiques entretenues avec l\u2019Azerba\u00efdjan depuis la condamnation par la France de l\u2019invasion du Haut-Karabagh par l\u2019arm\u00e9e d\u2019Ilham Aliyev, en 2023. Une fen\u00eatre de tir id\u00e9ale, dont Alexandre Loukachenko, autocrate bi\u00e9lorusse et proche alli\u00e9 de Vladimir Poutine, s\u2019est aussit\u00f4t saisi\u00a0: <i>\u00ab<small class=\"fine d-inline\">\u00a0<\/small>Quelle est l\u2019efficacit\u00e9 de nos n\u00e9gociations sur le climat si le pr\u00e9sident fran\u00e7ais n\u2019est m\u00eame pas pr\u00e9sent<small class=\"fine d-inline\">\u00a0<\/small>?<small class=\"fine d-inline\">\u00a0<\/small>\u00bb<\/i><\/p>\n<div class=\"spip_document_86102 spip_document spip_documents spip_document_image spip_documents_center spip_document_center spip_document_avec_legende\" data-legende-len=\"184\" data-legende-lenx=\"xxx\">\n<figure class=\"spip_doc_inner\">\n      <picture><source type=\"image\/webp\" srcset=\"https:\/\/reporterre.net\/local\/cache-vignettes\/L1050xH701\/1000002282_resized-2-cabb7.jpg@.webp?1731488247\"><img decoding=\"async\" src=\"https:\/\/reporterre.net\/IMG\/jpg\/1000002282_resized-2.jpg\" width=\"1199\" height=\"800\" loading=\"lazy\" alt=\"\"\/><br \/>\n    <\/source><\/picture><figcaption class=\"spip_doc_legende\">\n<p>Le nationaliste hongrois, Viktor Orban, a pu d\u00e9rouler \u00e0 la <span class=\"caps\"><span class=\"caps\">COP<\/span><\/span> des ambitions climatiques bien diff\u00e9rentes de celles d\u00e9fendues par l\u2019Union europ\u00e9enne.<br \/>\n<i>\u00a9 Emmanuel Cl\u00e9venot \/ Reporterre<br \/>\n<\/i><\/p>\n<\/figcaption><\/figure>\n<\/p><\/div>\n<p>Le chancelier allemand Olaf Scholz et la pr\u00e9sidente de la Commission Ursula von der Leyen ne participent pas non plus au grand raout. Une aubaine pour le nationaliste hongrois, Viktor Orban, ayant pu d\u00e9rouler des ambitions climatiques bien diff\u00e9rentes de celles d\u00e9fendues par l\u2019Union\u00a0europ\u00e9enne\u00a0: <i>\u00ab<small class=\"fine d-inline\">\u00a0<\/small>Nous devons poursuivre la transition verte tout en maintenant notre usage du gaz, du p\u00e9trole et du nucl\u00e9aire<small class=\"fine d-inline\">\u00a0<\/small>\u00bb<\/i>, a-t-il notamment d\u00e9clar\u00e9 \u00e0 la barre. Attendue ce jour devant la pl\u00e9ni\u00e8re, son homologue italienne d\u2019extr\u00eame droite, Giorgia Meloni, risque d\u2019adopter pareille posture.<\/p>\n<h2 class=\"spip\">Les pays pauvres vont-ils \u00ab<small class=\"fine d-inline\">\u00a0<\/small>quitter Bakou les mains vides<small class=\"fine d-inline\">\u00a0<\/small>\u00bb<small class=\"fine d-inline\">\u00a0<\/small>?<\/h2>\n<p>Visiblement plus enclins \u00e0 partager le sentiment d\u2019urgence devant <i>\u00ab<small class=\"fine d-inline\">\u00a0<\/small>le tic-tac de l\u2019horloge<small class=\"fine d-inline\">\u00a0<\/small>\u00bb<\/i>, plus d\u2019une vingtaine d\u2019intervenants africains ont d\u00e9crit les tragiques r\u00e9percussions du <a target=\"_blank\" href=\"Qu-est-ce-que-le-rechauffement-climatique\">changement climatique<\/a> que leur pays affronte au quotidien. Au m\u00eame titre que le pr\u00e9sident du N\u00e9pal, endeuill\u00e9 par une mousson et des glissements de terrain meurtriers, ainsi que les figures d\u2019une flop\u00e9e de nations insulaires\u00a0: <i>\u00ab<small class=\"fine d-inline\">\u00a0<\/small>Tout est menac\u00e9<\/i>, a d\u00e9plor\u00e9 Ahmed Abdullah Afif Didi, vice-pr\u00e9sident des Seychelles. <i>Nous devons d\u00e9m\u00e9nager nos maisons.<small class=\"fine d-inline\">\u00a0<\/small>\u00bb<\/i><\/p>\n<p>Hilda Heine, l\u2019une des neuf femmes parmi les 82 leaders pr\u00e9sents \u00e0 la <span class=\"caps\">COP29<\/span>, a fustig\u00e9 la d\u00e9mobilisation des pays riches \u00e0 l\u2019heure de mettre la main \u00e0 la poche. La pr\u00e9sidente des \u00celes Marshall, un \u00c9tat insulaire que le Pacifique pourrait un jour engloutir, a toutefois harangu\u00e9 l\u2019h\u00e9micycle\u00a0: <i>\u00ab<small class=\"fine d-inline\">\u00a0<\/small>Nous savons reconna\u00eetre le moment o\u00f9 la tendance s\u2019inverse. Et en ce qui concerne le climat, la tendance s\u2019inverse maintenant.<small class=\"fine d-inline\">\u00a0<\/small>\u00bb<\/i><\/p>\n<p>Jusqu\u2019au 22\u00a0novembre prochain, une enveloppe annuelle allant de 100 \u00e0 1\u00a0300 milliards de dollars (1\u00a0225 milliards d\u2019euros) doit \u00eatre d\u00e9battue pour financer la transition des pays vuln\u00e9rables au changement climatique. <i>\u00ab<small class=\"fine d-inline\">\u00a0<\/small>[Ils] ne doivent pas quitter Bakou les mains vides<small class=\"fine d-inline\">\u00a0<\/small>\u00bb<\/i>, a insist\u00e9 Ant\u00f3nio Guterres.<\/p>\n<aside class=\"boite_encarts\">\n<div class=\"encart encart_gris noprint\">\n<p><strong>Il est de retour.<\/strong><\/p>\n<p>Dans quelques semaines, Donald Trump se r\u00e9-installera \u00e0 la Maison Blanche.<\/p>\n<p>Un milliardaire, pour qui le r\u00e9chauffement climatique est \u00ab<small class=\"fine d-inline\">\u00a0<\/small>un canular<small class=\"fine d-inline\">\u00a0<\/small>\u00bb, sera \u00e0 la t\u00eate de la plus grande puissance mondiale.<\/p>\n<p>Dans une d\u00e9cennie cruciale pour l\u2019\u00e9cologie, nous ne pouvons pas nous permettre de perdre plus de temps.<\/p>\n<p>La soci\u00e9t\u00e9 civile doit continuer de se soulever, de se mobiliser et de faire pression sur les puissants.<\/p>\n<p>Mais pour agir, il faut savoir.<\/p>\n<p><strong>Depuis 11 ans, nous publions des articles de qualit\u00e9 sur l\u2019\u00e9cologie, en acc\u00e8s libre et sans publicit\u00e9, pour tous.<\/strong><\/p>\n<p>Nous avons la conviction que l\u2019urgence \u00e9cologique est l\u2019enjeu majeur de notre \u00e9poque.<br class=\"autobr\"\/><br \/>\n Et comme plus de 2 millions de lectrices et lecteurs chaque mois, vous partagez sans doute cette conviction&#8230;<\/p>\n<p>Alors si vous en avez les moyens, sachez qu\u2019un don, m\u00eame d\u20191\u20ac, est un acte de soutien fort pour l\u2019\u00e9cologie et le journalisme ind\u00e9pendant.<br class=\"autobr\"\/><br \/>\n (Et \u00e7a vous prendra moins de temps que la lecture de ce texte).<\/p>\n<p><strong>Si vous le pouvez, choisissez un soutien mensuel. Merci.<\/strong><\/p>\n<p><a target=\"_blank\" href=\"https:\/\/reporterre.net\/dons\" class=\"bt_soutenir\">Je soutiens <i>Reporterre<\/i><\/a><\/p>\n<\/p><\/div>\n<div class=\"encart encart_vert noprint montre_1023\">\n<div class=\"infolettre-form-container noprint\">\n<p>Abonnez-vous \u00e0 la lettre d\u2019info de Reporterre<\/p>\n<\/div><\/div>\n<\/aside>\n<aside class=\"boite_apresarticle encart_note\">\n<h4>Apr\u00e8s cet article<\/h4>\n<p>      <a target=\"_blank\" href=\"https:\/\/reporterre.net\/COP29-les-plus-riches-vont-ils-enfin-payer-leur-dette-climatique\" class=\"lien_article\">\n      <picture class=\"vignette_gauche\"><source type=\"image\/webp\" srcset=\"https:\/\/reporterre.net\/https:\/\/reporterre.net\/local\/cache-gd2\/9a\/77f0e18370b8ae8931ff94c693256b.jpg@.webp?1731314620\"><img decoding=\"async\" src=\"https:\/\/reporterre.net\/local\/cache-gd2\/9a\/77f0e18370b8ae8931ff94c693256b.jpg?1731314620\" width=\"450\" height=\"300\" alt=\"\" class=\"marge12\" loading=\"lazy\"\/><br \/>\n<\/source><\/picture>\n<p class=\"libelle\">\n<p>      COP29\n    <\/p>\n<p class=\"titre pol20\"><span class=\"caps\">COP29<\/span>\u00a0: les plus riches vont-ils enfin payer leur dette climatique<small class=\"fine d-inline\">\u00a0<\/small>?<\/p>\n<p>      <\/a><br \/>\n    <\/aside>\n<aside class=\"boite_complement texte\">\n<p>      <!-- zone_forum --><br \/>\n          <\/aside>\n<aside class=\"boite_lireaussi noprint\">\n<\/aside>\n<aside class=\"colonne\">\n<div class=\"article_info cache_1023 noprint\">\n<p>    <span class=\"date\">13 novembre 2024  \u00e0 09h57<\/span><\/p>\n<p>    <span class=\"date_modif\">Mis \u00e0 jour le 13 novembre 2024 \u00e0 18h06<\/span>      <\/p>\n<p class=\"duree_lecture\">\n        Dur\u00e9e de lecture : 4 minutes\n      <\/p>\n<\/p><\/div>\n<div class=\"bloc_infolettre\">\n<div class=\"infolettre-form-container noprint\">\n<p>Abonnez-vous \u00e0 la lettre d\u2019info de Reporterre<\/p>\n<\/div><\/div>\n<\/aside>\n<div id=\"galerie\">\n  <img decoding=\"async\" src=\"\" class=\"principale\" id=\"principale\"\/><\/p>\n<p id=\"legende\">legende<\/p>\n<\/div>\n<footer class=\"noprint\">\n<\/footer>\n<\/div>\n<p><br \/>\n<br \/><a href=\"https:\/\/reporterre.net\/Aliyev-Orban-Meloni-La-COP29-accueille-le-gratin-d-extreme-droite-mondial\" target=\"_blank\"\">Source link <\/a><\/p>\n","protected":false},"excerpt":{"rendered":"<p>Bakou (Azerba\u00efdjan), reportage \u00ab\u00a0Je veux le r\u00e9p\u00e9ter ici devant cette audience\u00a0: c\u2019est un don de Dieu.\u00a0\u00bb Le pr\u00e9sident de l\u2019Azerba\u00efdjan, Ilham Aliyev, r\u00e9p\u00e8te son mantra au sujet du p\u00e9trole et&hellip; <\/p>\n","protected":false},"author":1,"featured_media":68,"comment_status":"open","ping_status":"open","sticky":false,"template":"","format":"standard","meta":{"footnotes":""},"categories":[1],"tags":[],"class_list":["post-67","post","type-post","status-publish","format-standard","has-post-thumbnail","hentry","category-non-classe"],"_links":{"self":[{"href":"https:\/\/monde25.info\/index.php\/wp-json\/wp\/v2\/posts\/67","targetHints":{"allow":["GET"]}}],"collection":[{"href":"https:\/\/monde25.info\/index.php\/wp-json\/wp\/v2\/posts"}],"about":[{"href":"https:\/\/monde25.info\/index.php\/wp-json\/wp\/v2\/types\/post"}],"author":[{"embeddable":true,"href":"https:\/\/monde25.info\/index.php\/wp-json\/wp\/v2\/users\/1"}],"replies":[{"embeddable":true,"href":"https:\/\/monde25.info\/index.php\/wp-json\/wp\/v2\/comments?post=67"}],"version-history":[{"count":0,"href":"https:\/\/monde25.info\/index.php\/wp-json\/wp\/v2\/posts\/67\/revisions"}],"wp:featuredmedia":[{"embeddable":true,"href":"https:\/\/monde25.info\/index.php\/wp-json\/wp\/v2\/media\/68"}],"wp:attachment":[{"href":"https:\/\/monde25.info\/index.php\/wp-json\/wp\/v2\/media?parent=67"}],"wp:term":[{"taxonomy":"category","embeddable":true,"href":"https:\/\/monde25.info\/index.php\/wp-json\/wp\/v2\/categories?post=67"},{"taxonomy":"post_tag","embeddable":true,"href":"https:\/\/monde25.info\/index.php\/wp-json\/wp\/v2\/tags?post=67"}],"curies":[{"name":"wp","href":"https:\/\/api.w.org\/{rel}","templated":true}]}}