{"id":678,"date":"2024-11-22T14:54:34","date_gmt":"2024-11-22T13:54:34","guid":{"rendered":"https:\/\/monde25.info\/index.php\/2024\/11\/22\/cpi-le-procureur-appelle-les-etats-parties-a-se-conformer-au-mandat-darret-emis-a-lencontre-de-benjamin-netanyahu\/"},"modified":"2024-11-22T14:54:34","modified_gmt":"2024-11-22T13:54:34","slug":"cpi-le-procureur-appelle-les-etats-parties-a-se-conformer-au-mandat-darret-emis-a-lencontre-de-benjamin-netanyahu","status":"publish","type":"post","link":"https:\/\/monde25.info\/index.php\/2024\/11\/22\/cpi-le-procureur-appelle-les-etats-parties-a-se-conformer-au-mandat-darret-emis-a-lencontre-de-benjamin-netanyahu\/","title":{"rendered":"CPI : le procureur appelle les \u00c9tats parties \u00e0 \u00ab\u00a0se conformer\u00a0\u00bb au mandat d&rsquo;arr\u00eat \u00e9mis \u00e0 l&rsquo;encontre de Benjamin Netanyahu"},"content":{"rendered":"<p> <br \/>\n<\/p>\n<div>\n<p><span data-ccp-props=\"{&quot;134233117&quot;:false,&quot;134233118&quot;:false,&quot;335559738&quot;:300,&quot;335559739&quot;:180}\">\u00a0<\/span><span data-contrast=\"auto\">Le procureur de la Cour p\u00e9nale internationale (CPI) Karim Khan a appel\u00e9 jeudi les \u00c9tats parties \u00e0 \u00ab\u00a0se conformer\u00a0\u00bb aux mandats d&rsquo;arr\u00eat \u00e9mis \u00e0 l&rsquo;encontre de Benjamin Netanyahu, Yoav Gallant et Mohammed Deif.<\/span><span data-ccp-props=\"{&quot;134233117&quot;:false,&quot;134233118&quot;:false,&quot;335559738&quot;:300,&quot;335559739&quot;:180}\">\u00a0<\/span><\/p>\n<p><span data-contrast=\"auto\">\u00ab\u00a0Je lance un appel \u00e0 tous les \u00c9tats parties pour qu&rsquo;ils respectent leur engagement \u00e0 l&rsquo;\u00e9gard du Statut de Rome (le trait\u00e9 ayant cr\u00e9\u00e9 la CPI) en respectant et en se conformant \u00e0 ces ordonnances judiciaires\u00a0\u00bb, a-t-il d\u00e9clar\u00e9 dans un communiqu\u00e9.<\/span><span data-ccp-props=\"{&quot;134233117&quot;:false,&quot;134233118&quot;:false,&quot;335559738&quot;:300,&quot;335559739&quot;:180}\">\u00a0<\/span><\/p>\n<p><span data-contrast=\"auto\">La CPI a \u00e9mis jeudi des mandats d&rsquo;arr\u00eat contre le Premier ministre isra\u00e9lien Benjamin Netanyahu, son ex-ministre de la D\u00e9fense Yoav Gallant et le chef de la branche arm\u00e9e du Hamas, Mohammed Deif, pour crimes de guerre et crimes contre l&rsquo;humanit\u00e9 commis durant le conflit \u00e0 Gaza et, pour M. Deif, commis lors de l&rsquo;attaque du 7 novembre 2023 contre Isra\u00ebl qui a d\u00e9clench\u00e9 la guerre.<\/span><span data-ccp-props=\"{&quot;134233117&quot;:false,&quot;134233118&quot;:false,&quot;335559738&quot;:300,&quot;335559739&quot;:180}\">\u00a0<\/span><\/p>\n<p><span data-contrast=\"auto\">Ce mandat d&rsquo;arr\u00eat limite th\u00e9oriquement les d\u00e9placements du Premier ministre isra\u00e9lien, puisque n&rsquo;importe lequel des 124 Etats membres de la cour serait oblig\u00e9 de l&rsquo;arr\u00eater sur son territoire.<\/span><span data-ccp-props=\"{&quot;134233117&quot;:false,&quot;134233118&quot;:false,&quot;335559738&quot;:300,&quot;335559739&quot;:180}\">\u00a0<\/span><\/p>\n<p><span data-contrast=\"auto\">\u00ab\u00a0Aujourd&rsquo;hui, notre esprit collectif et notre attention doivent se porter sur les victimes de crimes internationaux en Isra\u00ebl et dans l&rsquo;\u00c9tat de Palestine,\u00a0\u00bb a poursuivi M. Khan.<\/span><span data-ccp-props=\"{&quot;134233117&quot;:false,&quot;134233118&quot;:false,&quot;335559738&quot;:300,&quot;335559739&quot;:180}\">\u00a0<\/span><\/p>\n<p><span data-contrast=\"auto\">Khan a indiqu\u00e9 que son enqu\u00eate sur la situation \u00e0 Gaza se poursuivait et que son \u00e9quipe examinait \u00ab\u00a0d&rsquo;autres pistes d&rsquo;enqu\u00eate dans les zones relevant de la comp\u00e9tence de la Cour, \u00e0 savoir Gaza et la Cisjordanie, y compris J\u00e9rusalem-Est\u00a0\u00bb.<\/span><\/p>\n<p><span data-contrast=\"auto\">\u00ab\u00a0Je suis profond\u00e9ment pr\u00e9occup\u00e9 par les informations faisant \u00e9tat d&rsquo;une escalade de la violence, d&rsquo;une nouvelle r\u00e9duction de l&rsquo;acc\u00e8s humanitaire et d&rsquo;une expansion continue des all\u00e9gations de crimes internationaux \u00e0 Gaza et en Cisjordanie\u00a0\u00bb, a ajout\u00e9 le procureur.<\/span><span data-ccp-props=\"{&quot;134233117&quot;:false,&quot;134233118&quot;:false,&quot;335559738&quot;:300,&quot;335559739&quot;:180}\">\u00a0<\/span><\/p>\n<p><span data-contrast=\"auto\">Benjamin Netanyahu a qualifi\u00e9 les mandats d&rsquo;arr\u00eat d'\u00a0\u00bbantis\u00e9mites\u00a0\u00bb, \u00ab\u00a0absurdes\u00a0\u00bb, et a dit les rejeter avec \u00ab\u00a0d\u00e9go\u00fbt\u00a0\u00bb.<\/span><span data-ccp-props=\"{&quot;134233117&quot;:false,&quot;134233118&quot;:false,&quot;335559738&quot;:300,&quot;335559739&quot;:180}\">\u00a0<\/span><\/p>\n<p><span data-contrast=\"auto\">De son c\u00f4t\u00e9, le Hamas a estim\u00e9 que les mandats d&rsquo;arr\u00eat contre les responsables isra\u00e9liens constituaient \u00ab\u00a0une \u00e9tape importante vers la justice\u00a0\u00bb.<\/span><span data-ccp-props=\"{&quot;134233117&quot;:false,&quot;134233118&quot;:false,&quot;335559738&quot;:300,&quot;335559739&quot;:180}\">\u00a0<\/span><\/p>\n<p><span data-contrast=\"auto\">Selon Isra\u00ebl, Mohammed Deif a \u00e9t\u00e9 tu\u00e9 par une frappe le 13 juillet dans le sud de Gaza, bien que le Hamas nie sa mort.<\/span><span data-ccp-props=\"{&quot;134233117&quot;:false,&quot;134233118&quot;:false,&quot;335559738&quot;:300,&quot;335559739&quot;:180}\">\u00a0<\/span><\/p>\n<p><span data-contrast=\"auto\">Un mandat d&rsquo;arr\u00eat a tout de m\u00eame \u00e9t\u00e9 \u00e9mis \u00e0 son encontre car le procureur de la CPI n&rsquo;a pas \u00e9t\u00e9 en mesure de d\u00e9terminer si M. Deif est mort, a pr\u00e9cis\u00e9 la juridiction.<\/span><span data-ccp-props=\"{&quot;134233117&quot;:false,&quot;134233118&quot;:false,&quot;335559738&quot;:300,&quot;335559739&quot;:180}\">\u00a0<\/span><\/p>\n<p><span data-ccp-props=\"{}\">\u00a0<\/span><\/p>\n<\/div>\n<p><script>(function(d, s, id) {  var js, fjs = d.getElementsByTagName(s)[0];  if (d.getElementById(id)) return;  js = d.createElement(s); js.id = id;  js.src = \"\/\/connect.facebook.net\/fr_FR\/sdk.js#xfbml=1&version=v2.3\";  fjs.parentNode.insertBefore(js, fjs);}(document, \"script\", \"facebook-jssdk\"));<\/script><br \/>\n<br \/><br \/>\n<br \/><a href=\"https:\/\/www.francesoir.fr\/politique-monde\/cpi-le-procureur-appelle-les-etats-parties-se-conformer-au-mandat-d-arret-emis-l\" target=\"_blank\"\">Source link <\/a><\/p>\n","protected":false},"excerpt":{"rendered":"<p>\u00a0Le procureur de la Cour p\u00e9nale internationale (CPI) Karim Khan a appel\u00e9 jeudi les \u00c9tats parties \u00e0 \u00ab\u00a0se conformer\u00a0\u00bb aux mandats d&rsquo;arr\u00eat \u00e9mis \u00e0 l&rsquo;encontre de Benjamin Netanyahu, Yoav Gallant&hellip; <\/p>\n","protected":false},"author":1,"featured_media":679,"comment_status":"open","ping_status":"open","sticky":false,"template":"","format":"standard","meta":{"footnotes":""},"categories":[1],"tags":[],"class_list":["post-678","post","type-post","status-publish","format-standard","has-post-thumbnail","hentry","category-non-classe"],"_links":{"self":[{"href":"https:\/\/monde25.info\/index.php\/wp-json\/wp\/v2\/posts\/678","targetHints":{"allow":["GET"]}}],"collection":[{"href":"https:\/\/monde25.info\/index.php\/wp-json\/wp\/v2\/posts"}],"about":[{"href":"https:\/\/monde25.info\/index.php\/wp-json\/wp\/v2\/types\/post"}],"author":[{"embeddable":true,"href":"https:\/\/monde25.info\/index.php\/wp-json\/wp\/v2\/users\/1"}],"replies":[{"embeddable":true,"href":"https:\/\/monde25.info\/index.php\/wp-json\/wp\/v2\/comments?post=678"}],"version-history":[{"count":0,"href":"https:\/\/monde25.info\/index.php\/wp-json\/wp\/v2\/posts\/678\/revisions"}],"wp:featuredmedia":[{"embeddable":true,"href":"https:\/\/monde25.info\/index.php\/wp-json\/wp\/v2\/media\/679"}],"wp:attachment":[{"href":"https:\/\/monde25.info\/index.php\/wp-json\/wp\/v2\/media?parent=678"}],"wp:term":[{"taxonomy":"category","embeddable":true,"href":"https:\/\/monde25.info\/index.php\/wp-json\/wp\/v2\/categories?post=678"},{"taxonomy":"post_tag","embeddable":true,"href":"https:\/\/monde25.info\/index.php\/wp-json\/wp\/v2\/tags?post=678"}],"curies":[{"name":"wp","href":"https:\/\/api.w.org\/{rel}","templated":true}]}}