{"id":689,"date":"2024-11-22T18:13:57","date_gmt":"2024-11-22T17:13:57","guid":{"rendered":"https:\/\/monde25.info\/index.php\/2024\/11\/22\/la-toute-puissance-humaine-versus-la-toute-puissance-de-lunivers-enfant-de-la-societe-sott-net\/"},"modified":"2024-11-22T18:13:57","modified_gmt":"2024-11-22T17:13:57","slug":"la-toute-puissance-humaine-versus-la-toute-puissance-de-lunivers-enfant-de-la-societe-sott-net","status":"publish","type":"post","link":"https:\/\/monde25.info\/index.php\/2024\/11\/22\/la-toute-puissance-humaine-versus-la-toute-puissance-de-lunivers-enfant-de-la-societe-sott-net\/","title":{"rendered":"La \u00ab toute-puissance humaine \u00bb versus la \u00ab toute-puissance de l&rsquo;univers \u00bb \u2014 Enfant de la Soci\u00e9t\u00e9 \u2014 Sott.net"},"content":{"rendered":"<p> <br \/>\n<\/p>\n<div>\n      R\u00e9cemment, un enfant de 5 ans m&rsquo;a affirm\u00e9 : \u00ab Je suis plus fort que toi \u00bb. \u00c0 cet \u00e2ge, il vit un passage naturel de la conscience personnelle. Que penser quand cette volont\u00e9 de toute-puissance perdure chez un \u00eatre humain avec sa conviction qu&rsquo;il est possible d&rsquo;\u00e9largir toujours plus ses moyens dans des directions voulues ?<br \/>\n<\/p>\n<div class=\"article-image-large to-center\"><a target=\"_blank\" href=\"https:\/\/fr.sott.net\/image\/s35\/717947\/full\/heather_ford_6fiz86Ql3UA_unspl.jpg\" target=\"_blank\"><img decoding=\"async\" src=\"https:\/\/fr.sott.net\/image\/s35\/717947\/large\/heather_ford_6fiz86Ql3UA_unspl.jpg\" alt=\"hhhh\" title=\"Cliquer pour agrandir\"\/><\/a><\/div>\n<p>Nous sommes actuellement baign\u00e9s, voire plong\u00e9s dans un souffle puissant de mondialisation qui vise la globalisation de diff\u00e9rentes dimensions de notre existence par ceux qui d\u00e9sirent d\u00e9velopper certains moyens qu&rsquo;ils ont \u00e0 disposition, sans tenir compte de bien d&rsquo;autres param\u00e8tres.<\/p>\n<p><span class=\"BoldGrey\">Au niveau gouvernemental<\/span><\/p>\n<p>L&rsquo;esprit qui anime ce souffle est expos\u00e9 par un journaliste qui a plong\u00e9 dans diff\u00e9rents ouvrages et reprend les propos de dirigeants \u00e0 l&rsquo;\u0153uvre aujourd&rsquo;hui. Il met en lumi\u00e8re leur psychologie qui les incite \u00e0 vouloir <em>changer nos existences, par une r\u00e9volution pleine de fantasmes et de violence en d\u00e9pit des apparences.<\/em> (1)<\/p>\n<p>De son c\u00f4t\u00e9 un essayiste dans son analyse politique exprime tr\u00e8s puissamment la situation :<\/p>\n<p>Que des t\u00eates vides croient que la \u00ab croissante emprise de la finance sur l&rsquo;\u00e9conomie \u00bb soit un progr\u00e8s, voil\u00e0 qui nous prouve le marasme intellectuel collectif. Ces nuisibles conformistes n&rsquo;ont jamais \u00e9t\u00e9 v\u00e9rifier, n&rsquo;ont que des informations de centi\u00e8mes mains, r\u00e9p\u00e8tent ce qu&rsquo;ils entendent et, sans r\u00e9fl\u00e9chir, l&rsquo;amplifient, donc r\u00e9pandent l&rsquo;\u00e9pid\u00e9mie des propagandes d\u00e9sinfor-matrices qui rendent compl\u00e8tement idiots, etc. Bref, nous ne sommes pas sortis de l&rsquo;auberge avec de tels boulets lourdauds \u00e0 tra\u00eener. .<em>..<\/em><\/p>\n<p><span class=\"BoldGrey\">Au niveau m\u00e9dical<\/span><\/p>\n<p>La technoscience a pris un essor consid\u00e9rable qu&rsquo;on cherche \u00e0 imposer \u00e0 chacun, d\u00e9tr\u00f4nant ainsi l&rsquo;art m\u00e9dical, limitant les \u00eatres humains en brimant leur individualit\u00e9 et leur pouvoir d&rsquo;\u00e9panouissement. <span class=\"Hilite\">On cherche par exemple \u00e0 les ficher tant dans un dossier \u00e9lectronique qu&rsquo;avec une Carte de Vaccination Europ\u00e9enne. De ce fait, on les r\u00e9duit \u00e0 des \u00e9l\u00e9ments connus et d\u00e9finis, sans tenir compte des multiples autres facteurs qui forgent leur sant\u00e9 et sont aussi mobiles que peut \u00eatre l&rsquo;existence humaine.<\/span><\/p>\n<p>La m\u00e9decine conventionnelle se sent tr\u00e8s s\u00fbre d&rsquo;elle quand elle s&rsquo;appuie sur des \u00ab \u00e9tudes <em>randomis\u00e9es en double aveugle \u00bb<\/em> qui ne tient pas compte de multiples facteurs. Un professeur de m\u00e9decine porteur d&rsquo;une riche exp\u00e9rience d\u00e9cr\u00e8te lui-m\u00eame qu<em>&lsquo;il faut s&rsquo;affranchir du diktat des \u00e9tudes randomis\u00e9es, trop souvent truqu\u00e9es ? (3)<\/em><\/p>\n<p>La limitation \u00e0 laquelle on se heurte provient aussi du fait que la m\u00e9decine occidentale a focalis\u00e9 ses recherches dans certains domaines, sans tenir compte de la sant\u00e9 globale. On commence \u00e0 le reconna\u00eetre sur certains plans : <em>Alerte de l&rsquo;OMS : Adieu \u00e0 des si\u00e8cles de progr\u00e8s m\u00e9dicaux<\/em> (4).<\/p>\n<p><em>L&rsquo;Organisation mondiale de la Sant\u00e9 (OMS) a lanc\u00e9 une terrible mise en garde contre une menace qui pourrait r\u00e9duire \u00e0 n\u00e9ant plus d&rsquo;un si\u00e8cle de progr\u00e8s m\u00e9dicaux : la r\u00e9sistance aux antimicrobiens. Le directeur g\u00e9n\u00e9ral de l&rsquo;OMS a pr\u00e9venu que la r\u00e9sistance aux antimicrobiens, principalement caus\u00e9e par le mauvais usage et la surconsommation de m\u00e9dicaments, pourrait nous ramener \u00e0 l&rsquo;\u00e8re pr\u00e9-antibiotique.<\/em><\/p>\n<p>\u00c9videmment, il \u00e9voque une cause tr\u00e8s d\u00e9finie et ne veut pas reconna\u00eetre qu&rsquo;il s&rsquo;agit de la cons\u00e9quence d&rsquo;une compr\u00e9hension tr\u00e8s limit\u00e9e des microbes dans l&rsquo;organisme humain. Il est temps d&rsquo;\u00e9largir la vision de ce vaste \u00ab empire \u00bb des virus et des microbes :<\/p>\n<p><em>\u00ab Th\u00e9orie du terrain contre th\u00e9orie des germes &#8211; Un regard neuf sur un vieux principe \u00bb (5) La th\u00e9orie selon laquelle un corps fort et sain tient la maladie \u00e0 distance refait surface en tant que fondement du maintien du bien-\u00eatre et de la lutte contre les maladies potentielles<\/em><\/p>\n<p>Cette n\u00e9gation de la th\u00e9orie du terrain a servi magistralement au d\u00e9veloppement du syst\u00e8me des vaccins et \u00e0 la toute-puissance de ceux qui la soutiennent avec une id\u00e9ologie qui en a fait une v\u00e9ritable religion. L&rsquo;apog\u00e9e a \u00e9t\u00e9 atteinte avec les vaccins anti-covid qui ont fait basculer dramatiquement le principe de <em>s\u00fbrs et efficaces : \u00ab<\/em><a target=\"_blank\" href=\"https:\/\/www.conseil-scientifique-independant.org\/turbo-cancers-maladies-auto-immunes-et-pathologies-neurologiques-survenant-apres-la-vaccination-arnm-anti-covid\/\"><em>Turbo-cancers, maladies auto-immunes et pathologies neurologiques survenant apr\u00e8s la vaccination ARNm anti-covid \u00bb<\/em><\/a> <em>(6)<\/em><\/p>\n<p>Il est temps de revenir \u00e0 une vision bien plus panoramique des infections avec un historique bien explicit\u00e9 sous forme de BD en vid\u00e9o : <em>\u00ab La v\u00e9ritable histoire de Louis Pasteur et Joseph Meister \u00bb<\/em> (7).<\/p>\n<p>Et \u00ab La <em>th\u00e9orie d&rsquo;Antoine B\u00e9champ (1816 &#8211; 1908<\/em>) \u00bb <em>Le travail d&rsquo;Antoine B\u00e9champ est colossal, sa th\u00e9orie qui coule des faits scientifiques comme d&rsquo;une source limpide et constitue un v\u00e9ritable changement de paradigme, devrait \u00eatre connue de tous les scientifiques. (8)<\/em><\/p>\n<p>\u00c0 noter que cette hypertrophie de la toute-puissance vaccinale a co\u00fbt\u00e9 tr\u00e8s cher aux pays au d\u00e9triment de bien d&rsquo;autres besoins de la population.<\/p>\n<p>De m\u00eame, la toute-puissance attribu\u00e9e aux m\u00e9dicaments aboutit aujourd&rsquo;hui \u00e0 \u00ab Une <em>p\u00e9nurie massive de m\u00e9dicaments menace la Suisse<\/em>. <em>Il manquera jusqu&rsquo;\u00e0 1000 m\u00e9dicaments en Suisse cet hiver, selon Martine Ruggli, pr\u00e9sidente de Pharmasuisse. Les m\u00e9dicaments bon march\u00e9 sont particuli\u00e8rement concern\u00e9s. \u00bb (9)<\/em><\/p>\n<p><span class=\"BoldGrey\">Les excroissances de la m\u00e9decine<\/span><\/p>\n<p>Au-del\u00e0 des antibiotiques et des micro-organismes, moult autres dimensions illustrent la toute-puissance actuelle de certains secteurs qui, au lieu de cro\u00eetre, \u00e9voluent dans une dynamique d&rsquo;<em>ex-croissance<\/em>.<\/p>\n<p><em>Nouvelle Page Sant\u00e9 Info<\/em> communique : <em>Voil\u00e0 pr\u00e8s de 30 ans, que le mois<\/em> <em>d&rsquo;octobre est synonyme de d\u00e9pistage du cancer du sein, port\u00e9 par l&rsquo;immense op\u00e9ration marketing de sant\u00e9 publique <strong>Octobre rose.<\/strong><\/em><\/p>\n<p><em>Depuis 1994, le message est rest\u00e9 le m\u00eame : encourager les femmes de plus de 50 ans \u00e0 passer des mammographies tous les deux ans pour d\u00e9pister un \u00e9ventuel cancer du sein. Pourtant, depuis quelques ann\u00e9es, des \u00e9tudes scientifiques contestent l&rsquo;int\u00e9r\u00eat de la mammographie, en pointant du doigt les risques qu&rsquo;elle pouvait faire encourir aux patientes (10).<\/em><\/p>\n<p>Certains m\u00e9decins usent de leur toute-puissance techno-scientifique pour contrer les lois de la nature : \u00ab \u00c9tats-Unis <em>: 14 000 enfants ont suivi des proc\u00e9dures de \u00ab changement de sexe \u00bb entre 2019 et 2023 (11).<\/em><\/p>\n<p><em>Des \u00e9tudes r\u00e9v\u00e8lent que plus de 80 % des enfants souffrant de dysphorie de genre s&rsquo;en remettent d&rsquo;eux-m\u00eames \u00e0 la fin de l&rsquo;adolescence et que les proc\u00e9dures de \u00ab transition \u00bb, y compris la chirurgie de \u00ab r\u00e9assignation \u00bb, ne parviennent pas \u00e0 r\u00e9soudre la tendance accrue des individus confus en mati\u00e8re de genre \u00e0 s&rsquo;automutiler et \u00e0 se suicider \u2014 et l&rsquo;exacerbent m\u00eame, notamment en renfor\u00e7ant leur confusion et en n\u00e9gligeant les v\u00e9ritables causes profondes de leurs troubles mentaux.<\/em><\/p>\n<p>Et que penser de la GPA, Gestation pour Autrui ? Elle met en \u00e9vidence la n\u00e9gation de la relation m\u00e8re-enfant tant par ceux qui la financent que par ceux qui la permettent m\u00e9dicalement et par les femmes qui louent leur ventre.<\/p>\n<p><span class=\"BoldGrey\">Les \u00e9v\u00e9nements publics<\/span><\/p>\n<p>Je ne vais que citer les J.O. de Paris qui ont \u00e9t\u00e9 amplement d\u00e9crits.<\/p>\n<p>La f\u00eate qui nous attend maintenant : Halloween. Il semble bien que son invasion en Europe est parall\u00e8le \u00e0 la diminution des c\u00e9l\u00e9brations chr\u00e9tiennes&#8230; Halloween trouve son origine dans la f\u00eate de Samhain, au cours de laquelle des \u00eatres humains \u00e9taient sacrifi\u00e9s. Les sacrifices humains existent-ils encore aujourd&rsquo;hui ? 27 victimes et 27 t\u00e9moins du monde entier r\u00e9pondent par l&rsquo;affirmative et font des d\u00e9clarations effrayantes sur une \u00ab secte sanguinaire cruelle \u00bb. Leurs d\u00e9clarations co\u00efncident avec des centaines d&rsquo;autres victimes et de t\u00e9moignages qui attestent tous ind\u00e9pendamment de la m\u00eame chose. Une vid\u00e9o tr\u00e8s dense nous en expose l&rsquo;envergure : \u00ab La <em>secte du sang &#8211; 27 victimes, 27 t\u00e9moins (de Lois Sasek) \u00bb. (12).<\/em><\/p>\n<p><span class=\"BoldGrey\">Le mental<\/span><\/p>\n<p>Voil\u00e0 un th\u00e8me qui m\u00e9riterait un article \u00e0 part enti\u00e8re !<\/p>\n<p>La puissance mentale a pris une dimension faramineuse \u00e0 notre \u00e9poque, jusqu&rsquo;\u00e0 conduire \u00e0 l&rsquo;Intelligence Artificielle. Les robots d\u00e9montrent bien qu&rsquo;ils sont d\u00e9pourvus d&rsquo;un corps sensitif et que leur corps substantiel n&rsquo;a plus rien de charnel. De plus, leur pouvoir cr\u00e9ateur est limit\u00e9 \u00e0 ce qu&rsquo;on leur a inculqu\u00e9. Une exp\u00e9rience int\u00e9ressante a \u00e9t\u00e9 faite qui illustre cette dimension : \u00ab IA <em>contre cardiologues et urgentistes pour interpr\u00e9ter les ECG : qui l&#8217;emporte ? \u00bb(13).<\/em><\/p>\n<p>Mais bien avant de confier autant d&rsquo;activit\u00e9s \u00e0 des robots, nous avons aussi limit\u00e9 nos pouvoirs humains par des m\u00e9canismes intellectuels. Remarquons par exemple toutes les fois o\u00f9 \u00ab je me dis que \u00bb. Or, dans ce m\u00e9canisme, le JE dis au Me une pens\u00e9e bien d\u00e9finie, sans \u00e9couter ensuite ce que le ME pourrait lui r\u00e9pondre ! Ainsi, des sentiments ou des intuitions peuvent \u00eatre estomp\u00e9es comme lorsqu&rsquo;on dit \u00ab Vaut mieux ne pas y penser \u00bb ou \u00ab C&rsquo;est du pass\u00e9 \u00bb alors que des souvenirs charg\u00e9s \u00e9motivement existent. Toutefois, nous avons un inconscient qui peut les m\u00e9moriser, ce qui permet au ressenti de r\u00e9appara\u00eetre dans une autre circonstance et alors, on s&rsquo;exclame \u00ab J&rsquo;ai d\u00e9j\u00e0 connu \u00e7a \u00bb ou encore, \u00ab C&rsquo;est toujours \u00e0 moi que \u00e7a arrive \u00bb. De tels exemples sont multiples.<\/p>\n<p>On utilise aussi le mental pour faire des d\u00e9ductions afin de pouvoir prendre des d\u00e9cisions qui paraissent ainsi plus r\u00e9confortantes. On l&rsquo;a vu avec le vaccin qui est <em>la seule condition<\/em>, alors que le syst\u00e8me n&rsquo;a fait qu&rsquo;\u00e9touffer tous les autres moyens possibles et a m\u00eame utilis\u00e9 sa puissance politique pour aller jusqu&rsquo;\u00e0 d\u00e9nier la conscience professionnelle et les connaissances de bien des m\u00e9decins.<\/p>\n<p>Le mental agit quand on choisit des options pour des puissances particuli\u00e8res et non globales, par exemple financi\u00e8res, en ne tenant pas assez compte des n\u00e9cessit\u00e9s \u00e9cologiques : \u00ab Glyphosate<em>, v\u00e9rit\u00e9 alarmante &amp; h\u00e9ritage toxique : Comment Monsanto d\u00e9truit notre sant\u00e9 et empoisonne la nature \u00bb<\/em> (14). Ou encore de la r\u00e9alit\u00e9 m\u00e9dicale : des m\u00e9dicaments masquent souvent les sympt\u00f4mes plut\u00f4t que de gu\u00e9rir la source des probl\u00e8mes, mais co\u00fbtent tr\u00e8s cher aux syst\u00e8mes de sant\u00e9 qui doivent aussi en assumer les frais des effets secondaires. De plus ce syst\u00e8me brime des th\u00e9rapies efficaces pourtant bien connues des \u00e9tudes observationnelles.<\/p>\n<p>Un calcul tr\u00e8s rationnel sugg\u00e8re \u00e0 un retrait\u00e9 <em>\u00ab de d\u00e9couper la Suisse en 10 r\u00e9gions \u00bb. (15)<\/em> Il d\u00e9cr\u00e8te que : \u00ab Actuellement<em>, beaucoup de cantons sont tout simplement trop petits&#8230; Il entend redistribuer les cartes&#8230; \u00bb<\/em> Je suis stup\u00e9faite qu&rsquo;il veuille effacer toute l&rsquo;histoire de la cr\u00e9ation de la Conf\u00e9d\u00e9ration suisse et casser ainsi beaucoup de r\u00e9gions naturelles pour en faire des r\u00e9gions d\u00e9finies selon des crit\u00e8res tr\u00e8s mat\u00e9riels. De plus il ne tient pas compte que le r\u00f4le de la Conf\u00e9d\u00e9ration est \u00e0 la base de rassembler les habitants avec leurs particularit\u00e9s.<\/p>\n<p><span class=\"BoldGrey\">L&rsquo;envahissement territorial<\/span><\/p>\n<p>La toute-puissance humaine donne aussi la croyance qu&rsquo;on peut s&#8217;emparer des territoires d&rsquo;autres populations. Apr\u00e8s la p\u00e9riode coloniale, on voit que cette tendance prend de nouvelles formes tout en \u00e9tant anim\u00e9e toujours de la m\u00eame impulsion de s&rsquo;approprier les biens ou les espaces d&rsquo;autrui. \u00ab <em>Marseille : une p\u00e9tition pour installer une \u00ab salle de shoot \u00bb dans la basilique Notre-Dame-de-la-Garde \u00bb<\/em> (16)<\/p>\n<p>L&rsquo;envahissement de la toute-puissance humaine veut aussi d\u00e9tr\u00f4ner des lois de la vie naturelle, m\u00eame si elles ont \u00e9t\u00e9 confirm\u00e9es par des lois civiques. \u00ab Les <em>satanistes am\u00e9ricains font appel \u00e0 la libert\u00e9 religieuse pour r\u00e9clamer le droit au \u00ab rituel \u00bb d&rsquo;avortement et intenter des recours contre les lois pro-vie dans quatre \u00c9tats \u00bb. (17)<\/em><\/p>\n<p>Des syst\u00e8mes financiers usent aussi de leur perception de puissance pour en assaillir d&rsquo;autres :<\/p>\n<p>\u00ab Attaque <em>cibl\u00e9e contre le syst\u00e8me bancaire am\u00e9ricain ! La R\u00e9serve f\u00e9d\u00e9rale am\u00e9ricaine (Fed), pyromane du syst\u00e8me financier \u00bb (18).<\/em> Le monde est en proie \u00e0 une guerre hybride et les coups, sous forme de guerres, de crises climatiques ou de pand\u00e9mies, s&rsquo;abattent sur les peuples. Les causes sont souvent \u00e0 chercher dans le syst\u00e8me financier. Celui-ci est contr\u00f4l\u00e9 par les puissants dans l&rsquo;ombre et d\u00e9termine nombre de leurs man\u0153uvres. L&rsquo;\u00e9mission montre non seulement les \u00e9volutions dramatiques du syst\u00e8me financier, mais \u00e9galement un moyen de priver ces tireurs de ficelles de leur pouvoir.<\/p>\n<p>Autre exemple : le syst\u00e8me financier num\u00e9rique veut engloutir l&rsquo;argent liquide.<\/p>\n<p>\u00ab Stopper <em>la suppression de l&rsquo;argent liquide : voici comment y parvenir ! \u00bb<\/em> (19). Partout dans le monde, la mafia financi\u00e8re mondiale est en train de mettre en place de nouveaux syst\u00e8mes de paiement num\u00e9riques. Utiliser de l&rsquo;argent liquide devient de plus en plus difficile. Tout le monde n&rsquo;accepte pas ces plans sans r\u00e9sistance et certains, par leur r\u00e9sistance, les ont fait \u00e9chouer.<\/p>\n<p><span class=\"BoldGrey\">Le pouvoir militaire<\/span><\/p>\n<p>S&rsquo;appuyant sur leur puissance de frappe, bien des arm\u00e9es se croient invincibles. Ils oublient d&rsquo;autres puissances plus discr\u00e8tes : ainsi, l&rsquo;histoire tr\u00e8s c\u00e9l\u00e8bre de David contre Goliath nous rapporte comment un petit \u00eatre d&rsquo;apparence insignifiante peut user d&rsquo;un outil tr\u00e8s simple et d&rsquo;un caillou non co\u00fbteux ! pour terrasser un g\u00e9ant qui se croyait tout-puissant.<\/p>\n<p>On peut s&rsquo;interroger o\u00f9 va mener le nouveau d\u00e9cret : <em>\u00ab Ukraine : Zelensky salue le feu vert am\u00e9ricain \u00e0 utiliser ses armes contre des cibles en Russie \u00bb (20&prime;) &#8230;<\/em> L&rsquo;aide militaire fournie par les pays de l&rsquo;Otan \u00e0 l&rsquo;Ukraine doit au minimum atteindre les 40 milliards d&rsquo;euros par an, a par ailleurs d\u00e9clar\u00e9 depuis Prague le secr\u00e9taire g\u00e9n\u00e9ral de l&rsquo;Alliance, Jens Stoltenberg. Il est frappant de constater \u00e0 quel point on octroie de l&rsquo;importance \u2014 du pouvoir &#8211; \u00e0 une somme colossale, avec l&rsquo;illusion qu&rsquo;elle ne peut \u00eatre que gagnante alors que tant d&rsquo;autres param\u00e8tres jouent un r\u00f4le dans ce combat.<\/p>\n<p><span class=\"BoldGrey\">Le pouvoir de la justice<\/span><\/p>\n<p>Quelle place lui octroie-t-on actuellement ? Est-elle encore bas\u00e9e sur les Droits de l&rsquo;Homme ou sur les mouvements id\u00e9ologiques actuels ? La question se pose par exemple dans le cas de \u00ab <em>Dieudonn\u00e9 poursuivi en justice pour avoir salu\u00e9 la naissance de sa fille le 7 octobre \u00bb (21) :<\/em> Le 7 octobre est devenu une date hautement symbolique. Entre attaques terroristes et anniversaires personnels, certains n&rsquo;ont pas manqu\u00e9 d&rsquo;y voir une opportunit\u00e9 de s&rsquo;offusquer, particuli\u00e8rement lorsque Dieudonn\u00e9 a os\u00e9 saluer la naissance de sa fille un 7 octobre. Doit-on vraiment interdire de c\u00e9l\u00e9brer des \u00e9v\u00e9nements heureux sous pr\u00e9texte qu&rsquo;ils partagent la m\u00eame date que des trag\u00e9dies ?<\/p>\n<p><span class=\"BoldGrey\">Revenons \u00e0 une sagesse universelle !<\/span><\/p>\n<p><em>\u00ab La le\u00e7on du mythe de la Caverne de Platon au regard de la submersion migratoire \u00bb (22)<\/em><\/p>\n<p><em>Dans \u00ab La R\u00e9publique \u00bb,<\/em> Platon d\u00e9veloppe l&rsquo;une des all\u00e9gories les plus c\u00e9l\u00e8bres et les plus profondes de la philosophie occidentale : le Mythe de la Caverne. Cette histoire \u00e9voque le concept de connaissance et de perception de la r\u00e9alit\u00e9, ce qui est d&rsquo;une absolue modernit\u00e9 \u00e0 notre \u00e9poque ultra-m\u00e9diatis\u00e9e o\u00f9 il est de plus en plus difficile de distinguer la r\u00e9alit\u00e9 de la fiction.<\/p>\n<p>Le mythe de la caverne de Platon nous invite \u00e0 remettre en question notre perception de la r\u00e9alit\u00e9 et \u00e0 rechercher la connaissance au-del\u00e0 des apparences. Cela nous met au d\u00e9fi de briser nos propres cha\u00eenes et de sortir de nos grottes personnelles \u00e0 la recherche d&rsquo;une compr\u00e9hension plus profonde et plus vraie du monde.<\/p>\n<p>Chaque \u00eatre humain d\u00e9tient une puissance latente. Il appartient au libre-arbitre de chacun de la garder en latence dans un syst\u00e8me \u00ab m\u00e9tro, boulot dodo \u00bb, de la d\u00e9velopper avec modestie ou alors de s&rsquo;\u00e9panouir dans plusieurs dimensions. Ainsi, une femme sans engagement professionnel \u00e0 l&rsquo;ext\u00e9rieur de sa famille avait inscrit dans un formulaire de pr\u00e9sentation \u00e0 un s\u00e9minaire : \u00ab cent professions \u00bb.<\/p>\n<p>En fait, \u00e0 chaque instant, nous pouvons nous demander par quelle puissance nous sommes incit\u00e9s \u00e0 la pens\u00e9e ou \u00e0 l&rsquo;action en cours : Cette \u00e9nergie vitale est-elle cosmique ou d\u00e9finie par notre individualit\u00e9 ?<\/p>\n<p><strong>Notes :<\/strong><\/p>\n<p>1) <a target=\"_blank\" href=\"https:\/\/www.youtube.com\/watch?v=_xxB8Srlv50&amp;t=3s\">https:\/\/www.youtube.com\/watch?v=_xxB8Srlv50&amp;t=3s<\/a><\/p>\n<p>2) https:\/\/www.imagiter.fr\/2024\/10\/les-incitations-2.html<\/p>\n<p>3) <a target=\"_blank\" href=\"https:\/\/www.youtube.com\/watch?v=Vv4OQKO219w\">https:\/\/www.youtube.com\/watch?v=Vv4OQKO219w<\/a><\/p>\n<p>4) <a target=\"_blank\" href=\"https:\/\/www.msn.com\/fr-ch\/actualite\/other\/alerte-de-l-oms-adieu-%C3%A0-des-si%C3%A8cles-de-progr%C3%A8s-m%C3%A9dicaux\/ar-AA1s8N0u\">https:\/\/www.msn.com\/fr-ch\/actualite\/other\/alerte-de-l-oms-adieu-%C3%A0-des-si%C3%A8cles-de-progr%C3%A8s-m%C3%A9dicaux\/ar-AA1s8N0u<\/a>?<\/p>\n<p>5) <a target=\"_blank\" href=\"https:\/\/www.epochtimes.fr\/theorie-du-terrain-contre-theorie-des-germes-un-regard-neuf-sur-un-vieux-principe-2609911.html\">https:\/\/www.epochtimes.fr\/theorie-du-terrain-contre-theorie-des-germes-un-regard-neuf-sur-un-vieux-principe-2609911.html<\/a>?<\/p>\n<p>6) <a target=\"_blank\" href=\"https:\/\/www.conseil-scientifique-independant.org\/turbo-cancers-maladies-auto-immunes-et-pathologies-neurologiques-survenant-apres-la-vaccination-arnm-anti-covid\/\">https:\/\/www.conseil-scientifique-independant.org\/turbo-cancers-maladies-auto-immunes-et-pathologies-neurologiques-survenant-apres-la-vaccination-arnm-anti-covid\/<\/a>?<\/p>\n<p>7) <a target=\"_blank\" href=\"https:\/\/www.youtube.com\/watch?v=hlt56cgV09M\">https:\/\/www.youtube.com\/watch?v=hlt56cgV09M<\/a><\/p>\n<p>8) <a target=\"_blank\" href=\"https:\/\/www.bonnes-habitudes.fr\/comprendre\/la-th%C3%A9orie-d-antoine-b%C3%A9champ\/\">https:\/\/www.bonnes-habitudes.fr\/comprendre\/la-th%C3%A9orie-d-antoine-b%C3%A9champ\/<\/a><\/p>\n<p>9) <a target=\"_blank\" href=\"https:\/\/www.blick.ch\/fr\/news\/monde\/les-antibiotiques-et-medicaments-bon-marche-fortement-touches-une-penurie-massive-de-medicaments-menace-la-suisse-id20245357.html\">https:\/\/www.blick.ch\/fr\/news\/monde\/les-antibiotiques-et-medicaments-bon-marche-fortement-touches-une-penurie-massive-de-medicaments-menace-la-suisse-id20245357.html<\/a><\/p>\n<p>10)<a target=\"_blank\" href=\"https:\/\/click.mail1.nouvelle-page-sante.info\/?qs=0b67508359cdede8f693f6c9cbcc9866866ccd323c4c6c5ff63f5e54ab9ed90e81869fe20afd07a4bcbc6f5bb77fa38fd1f121b0c5cdca06\">https:\/\/www.cochrane.dk\/sites\/cochrane.dk\/files\/uploads\/images\/mammography\/mammografi-fr.pdf<\/a>(10)<\/p>\n<p>11) <a target=\"_blank\" href=\"https:\/\/www.medias-presse.info\/etats-unis-14-000-enfants-ont-suivi-des-procedures-de-changement-de-sexe-entre-2019-et-2023\/196383\/\">https:\/\/www.medias-presse.info\/etats-unis-14-000-enfants-ont-suivi-des-procedures-de-changement-de-sexe-entre-2019-et-2023\/196383\/<\/a><\/p>\n<p>12) <a target=\"_blank\" href=\"https:\/\/www.kla.tv\/24016?autoplay=true\">https:\/\/www.kla.tv\/24016?autoplay=true<\/a><\/p>\n<p>13) <a target=\"_blank\" href=\"https:\/\/francais.medscape.com\/voirarticle\/3611828?ecd=mkm_ret_241015_jim_from-medscape_&amp;uac=477590FK&amp;impID=6903910\">https:\/\/francais.medscape.com\/voirarticle\/3611828?ecd=mkm_ret_241015_jim_from-medscape_&amp;uac=477590FK&amp;impID=6903910<\/a><\/p>\n<p>14) <a target=\"_blank\" href=\"https:\/\/documentation.ehesp.fr\/index.php?lvl=notice_display&amp;id=337514\">https:\/\/documentation.ehesp.fr\/index.php?lvl=notice_display&amp;id=337514<\/a><\/p>\n<p>15) <a target=\"_blank\" href=\"https:\/\/www.24heures.ch\/et-si-la-suisse-ne-comptait-plus-que-10-regions-775666046672\">https:\/\/www.24heures.ch\/et-si-la-suisse-ne-comptait-plus-que-10-regions-775666046672<\/a><\/p>\n<p>16) <a target=\"_blank\" href=\"https:\/\/www.epochtimes.fr\/marseille-une-petition-pour-installer-une-salle-de-shoot-a-la-basilique-notre-dame-de-la-garde-2761102.html\">https:\/\/www.epochtimes.fr\/marseille-une-petition-pour-installer-une-salle-de-shoot-a-la-basilique-notre-dame-de-la-garde-2761102.html<\/a>?<\/p>\n<p>17) <a target=\"_blank\" href=\"https:\/\/www.medias-presse.info\/les-satanistes-americains-font-appel-a-la-liberte-religieuse-pour-reclamer-le-droit-au-rituel-davortement-et-intenter-des-recours\">https:\/\/www.medias-presse.info\/les-satanistes-americains-font-appel-a-la-liberte-religieuse-pour-reclamer-le-droit-au-rituel-davortement-et-intenter-des-recours<\/a><\/p>\n<p>18) <a target=\"_blank\" href=\"https:\/\/www.kla.tv\/30734\">https:\/\/www.kla.tv\/30734<\/a><\/p>\n<p>19) <a target=\"_blank\" href=\"https:\/\/www.kla.tv\/11876\">https:\/\/www.kla.tv\/11876<\/a><\/p>\n<p>20) <a target=\"_blank\" href=\"https:\/\/www.france24.com\/fr\/europe\/20240531-ukraine-zelensky-salue-le-feu-vert-am%C3%A9ricain-%C3%A0-utiliser-ses-armes-contre-des-cibles-en-russie\">https:\/\/www.france24.com\/fr\/europe\/20240531-ukraine-zelensky-salue-le-feu-vert-am%C3%A9ricain-%C3%A0-utiliser-ses-armes-contre-des-cibles-en-russie<\/a><\/p>\n<p>21) <a target=\"_blank\" href=\"https:\/\/lemediaen442.fr\/dieudonne-poursuivi-en-justice-pour-avoir-salue-la-naissance-de-sa-fille-le-7-octobre\/\">https:\/\/lemediaen442.fr\/dieudonne-poursuivi-en-justice-pour-avoir-salue-la-naissance-de-sa-fille-le-7-octobre\/<\/a><\/p>\n<p>22) <a target=\"_blank\" href=\"https:\/\/www.breizh-info.com\/2024\/10\/12\/238791\/la-lecon-du-mythe-de-la-caverne-de-platon-au-regard-de-la-submersion-migratoire\/\">https:\/\/www.breizh-info.com\/2024\/10\/12\/238791\/la-lecon-du-mythe-de-la-caverne-de-platon-au-regard-de-la-submersion-migratoire<\/a>\n\t\t<\/p>\n<\/div>\n<p><br \/>\n<br \/><a href=\"https:\/\/fr.sott.net\/article\/44100-La-toute-puissance-humaine-versus-la-toute-puissance-de-l-univers\" target=\"_blank\"\">Source link <\/a><\/p>\n","protected":false},"excerpt":{"rendered":"<p>R\u00e9cemment, un enfant de 5 ans m&rsquo;a affirm\u00e9 : \u00ab Je suis plus fort que toi \u00bb. \u00c0 cet \u00e2ge, il vit un passage naturel de la conscience personnelle. Que&hellip; <\/p>\n","protected":false},"author":1,"featured_media":690,"comment_status":"open","ping_status":"open","sticky":false,"template":"","format":"standard","meta":{"footnotes":""},"categories":[1],"tags":[],"class_list":["post-689","post","type-post","status-publish","format-standard","has-post-thumbnail","hentry","category-non-classe"],"_links":{"self":[{"href":"https:\/\/monde25.info\/index.php\/wp-json\/wp\/v2\/posts\/689","targetHints":{"allow":["GET"]}}],"collection":[{"href":"https:\/\/monde25.info\/index.php\/wp-json\/wp\/v2\/posts"}],"about":[{"href":"https:\/\/monde25.info\/index.php\/wp-json\/wp\/v2\/types\/post"}],"author":[{"embeddable":true,"href":"https:\/\/monde25.info\/index.php\/wp-json\/wp\/v2\/users\/1"}],"replies":[{"embeddable":true,"href":"https:\/\/monde25.info\/index.php\/wp-json\/wp\/v2\/comments?post=689"}],"version-history":[{"count":0,"href":"https:\/\/monde25.info\/index.php\/wp-json\/wp\/v2\/posts\/689\/revisions"}],"wp:featuredmedia":[{"embeddable":true,"href":"https:\/\/monde25.info\/index.php\/wp-json\/wp\/v2\/media\/690"}],"wp:attachment":[{"href":"https:\/\/monde25.info\/index.php\/wp-json\/wp\/v2\/media?parent=689"}],"wp:term":[{"taxonomy":"category","embeddable":true,"href":"https:\/\/monde25.info\/index.php\/wp-json\/wp\/v2\/categories?post=689"},{"taxonomy":"post_tag","embeddable":true,"href":"https:\/\/monde25.info\/index.php\/wp-json\/wp\/v2\/tags?post=689"}],"curies":[{"name":"wp","href":"https:\/\/api.w.org\/{rel}","templated":true}]}}