{"id":691,"date":"2024-11-22T19:54:00","date_gmt":"2024-11-22T18:54:00","guid":{"rendered":"https:\/\/monde25.info\/index.php\/2024\/11\/22\/le-proces-inedit-fait-aux-soulevements-de-la-terre\/"},"modified":"2024-11-22T19:54:00","modified_gmt":"2024-11-22T18:54:00","slug":"le-proces-inedit-fait-aux-soulevements-de-la-terre","status":"publish","type":"post","link":"https:\/\/monde25.info\/index.php\/2024\/11\/22\/le-proces-inedit-fait-aux-soulevements-de-la-terre\/","title":{"rendered":"le proc\u00e8s in\u00e9dit fait aux Soul\u00e8vements de la Terre"},"content":{"rendered":"<p> <br \/>\n<\/p>\n<div>\n<p class=\"indication_lieu\">17\u1d49 arrondissement de Paris, reportage<\/p>\n<p>Les mains emmitoufl\u00e9es dans son manteau jaune, L\u00e9na Lazare se pr\u00e9pare \u00e0 un nouveau combat. Ce vendredi 22\u00a0novembre, au petit matin, l\u2019activiste a comparu devant le tribunal de Paris pour ne pas s\u2019\u00eatre pr\u00e9sent\u00e9e \u00e0 une convocation devant une commission d\u2019enqu\u00eate parlementaire de l\u2019Assembl\u00e9e nationale.<\/p>\n<p>Examinant, entre autres, <a target=\"_blank\" href=\"https:\/\/reporterre.net\/Megabassines-la-semaine-ou-tout-a-bascule\" class=\"spip_in\">les violences commises durant la manifestation contre les m\u00e9gabassines \u00e0 Sainte-Soline<\/a>, cette instance \u00e0 l\u2019\u00e9poque pr\u00e9sid\u00e9e par Patrick Hetzel (Les R\u00e9publicains), l\u2019actuel ministre de l\u2019Enseignement sup\u00e9rieur, avait convoqu\u00e9 la militante, ainsi que Basile Dutertre, le 18\u00a0juillet 2023. Les deux porte-parole des Soul\u00e8vements de la Terre risquent deux ans d\u2019emprisonnement et 7\u00a0500 euros d\u2019amende chacun. Fait in\u00e9dit\u00a0: c\u2019est la premi\u00e8re fois de l\u2019histoire de la V\u1d49 R\u00e9publique que des personnes sont poursuivies pour ce motif.<\/p>\n<div class=\"spip_document_86507 spip_document spip_documents spip_document_image spip_documents_center spip_document_center spip_document_avec_legende\" data-legende-len=\"98\" data-legende-lenx=\"xx\">\n<figure class=\"spip_doc_inner\">\n      <picture><source type=\"image\/webp\" srcset=\"https:\/\/reporterre.net\/local\/cache-vignettes\/L1050xH700\/11_-_entre_e_de_lena_au_tgi_-d011f.jpg@.webp?1732289152\"><img decoding=\"async\" src=\"https:\/\/reporterre.net\/IMG\/jpg\/11_-_entre_e_de_lena_au_tgi_.jpg\" width=\"1500\" height=\"1000\" loading=\"lazy\" alt=\"\"\/><br \/>\n    <\/source><\/picture><figcaption class=\"spip_doc_legende\">\n<p>Des deux mis en cause, seule L\u00e9na Lazare s\u2019est rendue au tribunal.<br \/>\n<i>\u00a9 Nnoman Cadoret \/ Reporterre<\/i><\/p>\n<\/figcaption><\/figure>\n<\/p><\/div>\n<p>Malgr\u00e9 les flocons de neige tombant sur le parvis du tribunal, une quarantaine de personnes sont venues leur apporter leur soutien en scandant\u00a0: <i>\u00ab<small class=\"fine d-inline\">\u00a0<\/small>Nous sommes tous les Soul\u00e8vements de la Terre.<small class=\"fine d-inline\">\u00a0<\/small>\u00bb<\/i> Parmi elles, on trouvait p\u00eale-m\u00eale des repr\u00e9sentants de la Ligue des droits de l\u2019Homme, de la Conf\u00e9d\u00e9ration paysanne, des membres de Bassines non merci, ou encore, le d\u00e9put\u00e9 europ\u00e9en <span class=\"caps\">EELV<\/span> David Cormand. Pour d\u00e9noncer <i>\u00ab<small class=\"fine d-inline\">\u00a0<\/small>la vague r\u00e9pressive qui s\u2019abat sur tous les mouvements sociaux<small class=\"fine d-inline\">\u00a0<\/small>\u00bb<\/i> et <i>\u00ab<small class=\"fine d-inline\">\u00a0<\/small>l\u2019acharnement judiciaire<small class=\"fine d-inline\">\u00a0<\/small>\u00bb<\/i> dont sont victimes les activistes \u00e9cologistes, la d\u00e9put\u00e9e <span class=\"caps\">NFP<\/span> Claire Lejeune a \u00e9galement fait le d\u00e9placement.<\/p>\n<blockquote class=\"spip\">\n<p>Un \u00ab<small class=\"fine d-inline\">\u00a0<\/small>coup de communication politique<small class=\"fine d-inline\">\u00a0<\/small>\u00bb<\/p>\n<\/blockquote>\n<p>Et L\u00e9na Lazare de se saisir d\u2019un micro pour d\u00e9noncer un <i>\u00ab<small class=\"fine d-inline\">\u00a0<\/small>coup de communication politique<small class=\"fine d-inline\">\u00a0<\/small>\u00bb<\/i> de la part de Patrick Hetzel, \u00e0 l\u2019origine de la plainte. Les d\u00e9s \u00e9taient, selon elle, fauss\u00e9s d\u00e8s le d\u00e9part via un <i>\u00ab<small class=\"fine d-inline\">\u00a0<\/small>dispositif malhonn\u00eate<small class=\"fine d-inline\">\u00a0<\/small>\u00bb<\/i>\u00a0: <i>\u00ab<small class=\"fine d-inline\">\u00a0<\/small>Un espace o\u00f9 l\u2019on parle sous serment et o\u00f9 l\u2019on n\u2019a pas le droit de garder le silence<small class=\"fine d-inline\">\u00a0<\/small>\u00bb<\/i>, a avanc\u00e9 l\u2019activiste.<\/p>\n<div class=\"spip_document_86508 spip_document spip_documents spip_document_image spip_documents_center spip_document_center spip_document_avec_legende\" data-legende-len=\"140\" data-legende-lenx=\"xxx\">\n<figure class=\"spip_doc_inner\">\n      <picture><source type=\"image\/webp\" srcset=\"https:\/\/reporterre.net\/local\/cache-vignettes\/L1050xH700\/15_-_rassemblement_-6863d.jpg@.webp?1732289152\"><img decoding=\"async\" src=\"https:\/\/reporterre.net\/IMG\/jpg\/15_-_rassemblement_.jpg\" width=\"1500\" height=\"1000\" loading=\"lazy\" alt=\"\"\/><br \/>\n    <\/source><\/picture><figcaption class=\"spip_doc_legende\">\n<p>Une quarantaine de personnes, dont des \u00e9lus, se sont rassembl\u00e9s en soutien aux deux activistes mis en cause.<br \/>\n<i>\u00a9 Nnoman Cadoret \/ Reporterre<\/i><\/p>\n<\/figcaption><\/figure>\n<\/p><\/div>\n<p>Apr\u00e8s l\u2019affaire d\u2019un lyc\u00e9en accus\u00e9 d\u2019une fraude \u00e0 la carte bleue, il est environ 9\u00a0heures lorsque vient le tour de L\u00e9na Lazare et Basile Dutertre \u2014\u00a0absent, lui, de l\u2019audience. Invit\u00e9e \u00e0 prendre la parole \u00e0 la barre, L\u00e9na Lazare, les mains crois\u00e9es, s\u2019approche du micro et souffle\u00a0: <i>\u00ab<small class=\"fine d-inline\">\u00a0<\/small>Je pr\u00e9f\u00e8re m\u2019en remettre \u00e0 la plaidoirie de mes avocats.<small class=\"fine d-inline\">\u00a0<\/small>\u00bb<\/i><\/p>\n<p>Si les deux militants ne se sont pas rendus \u00e0 cette convocation parlementaire, c\u2019est parce que les questions portaient sur des affaires judiciaires en cours, ce qui n\u2019est pas l\u00e9gal dans le cadre d\u2019une commission d\u2019enqu\u00eate parlementaire suppos\u00e9e contr\u00f4ler et \u00e9valuer l\u2019action du gouvernement, argue en pr\u00e9ambule l\u2019avocat des militants Rapha\u00ebl Kempf. Pour lui, la man\u0153uvre constituerait une <i>\u00ab<small class=\"fine d-inline\">\u00a0<\/small>violation de la s\u00e9paration des pouvoirs l\u00e9gislatif et judiciaire<small class=\"fine d-inline\">\u00a0<\/small>\u00bb<\/i>.<\/p>\n<h2 class=\"spip\">Plus de 110 000 non-convoqu\u00e9s<\/h2>\n<p>Autre point soulev\u00e9 par la d\u00e9fense\u00a0: le caract\u00e8re <i>\u00ab<small class=\"fine d-inline\">\u00a0<\/small>arbitraire<small class=\"fine d-inline\">\u00a0<\/small>\u00bb<\/i> de la convocation de ces deux militants se revendiquant du mouvement soutenu par plus de 110\u00a0000 personnes, et n\u2019ayant aucune existence morale. Autrement dit, les Soul\u00e8vements de la Terre ne sont pas une association loi de 1901 mais r\u00e9sultent d\u2019un mouvement spontan\u00e9, sans direction officielle.<\/p>\n<p><i>\u00ab<small class=\"fine d-inline\">\u00a0<\/small>La prix Nobel de litt\u00e9rature Annie Ernaux a d\u00e9clar\u00e9 \u201cNous sommes les Soul\u00e8vements de la Terre\u201d, pourquoi n\u2019a-t-elle pas \u00e9t\u00e9 convoqu\u00e9e par cette commission<small class=\"fine d-inline\">\u00a0<\/small>?<small class=\"fine d-inline\">\u00a0<\/small>\u00bb<\/i> soul\u00e8ve ainsi l\u2019avocat, qui rappelle que d\u2019autres entit\u00e9s convoqu\u00e9es, comme la Conf\u00e9d\u00e9ration paysanne, n\u2019ont pas comparu \u2014\u00a0sans faire pour autant l\u2019objet de poursuites.<\/p>\n<div class=\"spip_document_86509 spip_document spip_documents spip_document_image spip_documents_center spip_document_center spip_document_avec_legende\" data-legende-len=\"148\" data-legende-lenx=\"xxx\">\n<figure class=\"spip_doc_inner\">\n      <picture><source type=\"image\/webp\" srcset=\"https:\/\/reporterre.net\/local\/cache-vignettes\/L1050xH700\/12_-_prise_de_parole_du_npa_-1476c.jpg@.webp?1732289152\"><img decoding=\"async\" src=\"https:\/\/reporterre.net\/IMG\/jpg\/12_-_prise_de_parole_du_npa_.jpg\" width=\"1500\" height=\"1000\" loading=\"lazy\" alt=\"\"\/><br \/>\n    <\/source><\/picture><figcaption class=\"spip_doc_legende\">\n<p>Julien Le Guet, porte-parole du collectif Bassines non merci (\u00e0 gauche), \u00e9tait \u00e9galement pr\u00e9sent devant le tribunal.<br \/>\n<i>\u00a9 Nnoman Cadoret \/ Reporterre<\/i><\/p>\n<\/figcaption><\/figure>\n<\/p><\/div>\n<p>Son confr\u00e8re, Me\u00a0Matteo Bonaglia, a remis en question <i>\u00ab<small class=\"fine d-inline\">\u00a0<\/small>l\u2019effectivit\u00e9 des convocations<small class=\"fine d-inline\">\u00a0<\/small>\u00bb<\/i>. <i>\u00ab<small class=\"fine d-inline\">\u00a0<\/small>Pour pouvoir condamner quelqu\u2019un qui n\u2019a pas comparu, encore faut-il que cette personne ait \u00e9t\u00e9 effectivement convoqu\u00e9e<small class=\"fine d-inline\">\u00a0<\/small>\u00bb<\/i>, grince-t-il tandis que le pr\u00e9sident Eric Vivian \u00e9carquille les yeux. Basile Dutertre est en r\u00e9alit\u00e9 un pseudonyme utilis\u00e9 par l\u2019activiste, qui a toutefois re\u00e7u sa convocation adress\u00e9e \u00e0 ce nom-l\u00e0.<\/p>\n<h2 class=\"spip\">Droit au silence<\/h2>\n<p>L\u2019un des enjeux de l\u2019audience est \u00e9galement de savoir si le <i>\u00ab<small class=\"fine d-inline\">\u00a0<\/small>droit au silence<small class=\"fine d-inline\">\u00a0<\/small>\u00bb<\/i> devant une commission parlementaire peut \u00eatre revendiqu\u00e9. Pendant les plaidoiries des avocats, la procureure tr\u00e9pigne et secoue la t\u00eate.<\/p>\n<p><i>\u00ab<small class=\"fine d-inline\">\u00a0<\/small>Pour pouvoir discuter du droit au silence, encore faut-il se pr\u00e9senter aux convocations<small class=\"fine d-inline\">\u00a0<\/small>\u00bb<\/i>, a r\u00e9torqu\u00e9 le minist\u00e8re public avant de questionner l\u2019utilit\u00e9 de la man\u0153uvre\u00a0: <i>\u00ab<small class=\"fine d-inline\">\u00a0<\/small>On estime que la cr\u00e9ation de cette commission d\u2019enqu\u00eate vot\u00e9e par l\u2019Assembl\u00e9e nationale est ill\u00e9gale, mais rejeter un tel vote sous pr\u00e9texte que l\u2019on partage une opinion contraire, c\u2019est un d\u00e9ni de d\u00e9mocratie.<small class=\"fine d-inline\">\u00a0<\/small>\u00bb<\/i><\/p>\n<div class=\"spip_document_86510 spip_document spip_documents spip_document_image spip_documents_center spip_document_center spip_document_avec_legende\" data-legende-len=\"203\" data-legende-lenx=\"xxx\">\n<figure class=\"spip_doc_inner\">\n      <picture><source type=\"image\/webp\" srcset=\"https:\/\/reporterre.net\/local\/cache-vignettes\/L1050xH700\/10_-_claire_lejeune_et_ersilia_soudais_-_depute_es_lfi_-d6b7b.jpg@.webp?1732289153\"><img decoding=\"async\" src=\"https:\/\/reporterre.net\/IMG\/jpg\/10_-_claire_lejeune_et_ersilia_soudais_-_depute_es_lfi_.jpg\" width=\"1500\" height=\"1000\" loading=\"lazy\" alt=\"\"\/><br \/>\n    <\/source><\/picture><figcaption class=\"spip_doc_legende\">\n<p>Les d\u00e9put\u00e9es <span class=\"caps\"><span class=\"caps\">LFI<\/span><\/span> Claire Lejeune, \u00e0 droite en compagnie de sa coll\u00e8gue \u00c9milia Soudais, a d\u00e9nonc\u00e9 \u00ab<small class=\"fine d-inline\">\u00a0<\/small><small class=\"fine d-inline\">\u00a0<\/small>l\u2019acharnement judiciaire<small class=\"fine d-inline\">\u00a0<\/small><small class=\"fine d-inline\">\u00a0<\/small>\u00bb dont sont victimes les activistes \u00e9cologistes.<br \/>\n<i>\u00a9 Nnoman Cadoret \/ Reporterre<\/i><\/p>\n<\/figcaption><\/figure>\n<\/p><\/div>\n<p>Pour L\u00e9na Lazare, la procureure a requis deux mois d\u2019emprisonnement assortis d\u2019un sursis, d\u2019une amende de 1\u00a0500 euros, et d\u2019une privation de ses droits civiques (droit de vote, \u00e9ligibilit\u00e9, repr\u00e9sentation en justice) durant un an. Basile Dutertre encourt lui une peine de quatre mois d\u2019emprisonnements assortis d\u2019un sursis, d\u2019une amende de 3\u00a0000 euros, et de la privation de ses droits civiques pour une dur\u00e9e de deux ans.<\/p>\n<p><i>\u00ab<small class=\"fine d-inline\">\u00a0<\/small>Quand on ne veut pas discuter avec les \u00e9lus de la R\u00e9publique, on n\u2019est plus l\u00e9gitimes \u00e0 exercer ses droits<small class=\"fine d-inline\">\u00a0<\/small>\u00bb<\/i>, a conclu la procureure devant la stupeur de la salle d\u2019audience. La d\u00e9cision du tribunal sera rendue le 17\u00a0janvier 2025.<\/p>\n<aside class=\"boite_encarts\">\n<div class=\"encart encart_gris noprint\">\n<p><strong>Il est de retour.<\/strong><\/p>\n<p>Dans quelques semaines, Donald Trump se r\u00e9-installera \u00e0 la Maison Blanche.<\/p>\n<p>Un milliardaire, pour qui le r\u00e9chauffement climatique est \u00ab<small class=\"fine d-inline\">\u00a0<\/small>un canular<small class=\"fine d-inline\">\u00a0<\/small>\u00bb, sera \u00e0 la t\u00eate de la plus grande puissance mondiale.<\/p>\n<p>Dans une d\u00e9cennie cruciale pour l\u2019\u00e9cologie, nous ne pouvons pas nous permettre de perdre plus de temps.<\/p>\n<p>La soci\u00e9t\u00e9 civile doit continuer de se soulever, de se mobiliser et de faire pression sur les puissants.<\/p>\n<p>Mais pour agir, il faut savoir.<\/p>\n<p><strong>Depuis 11 ans, nous publions des articles de qualit\u00e9 sur l\u2019\u00e9cologie, en acc\u00e8s libre et sans publicit\u00e9, pour tous.<\/strong><\/p>\n<p>Nous avons la conviction que l\u2019urgence \u00e9cologique est l\u2019enjeu majeur de notre \u00e9poque.<br class=\"autobr\"\/><br \/>\n Et comme plus de 2 millions de lectrices et lecteurs chaque mois, vous partagez sans doute cette conviction&#8230;<\/p>\n<p>Alors si vous en avez les moyens, sachez qu\u2019un don, m\u00eame d\u20191\u20ac, est un acte de soutien fort pour l\u2019\u00e9cologie et le journalisme ind\u00e9pendant.<br class=\"autobr\"\/><br \/>\n (Et \u00e7a vous prendra moins de temps que la lecture de ce texte).<\/p>\n<p><strong>Si vous le pouvez, choisissez un soutien mensuel. Merci.<\/strong><\/p>\n<p><a target=\"_blank\" href=\"https:\/\/reporterre.net\/dons\" class=\"bt_soutenir\">Je soutiens <i>Reporterre<\/i><\/a><\/p>\n<\/p><\/div>\n<div class=\"encart encart_vert noprint montre_1023\">\n<div class=\"infolettre-form-container noprint\">\n<p>Abonnez-vous \u00e0 la lettre d\u2019info de Reporterre<\/p>\n<\/div><\/div>\n<\/aside>\n<aside class=\"boite_apresarticle encart_note\">\n<h4>Apr\u00e8s cet article<\/h4>\n<p>      <a target=\"_blank\" href=\"https:\/\/reporterre.net\/Les-Soulevements-de-la-Terre-le-vent-nouveau-de-la-lutte-ecolo\" class=\"lien_article\">\n      <picture class=\"vignette_gauche\"><source type=\"image\/webp\" srcset=\"https:\/\/reporterre.net\/local\/cache-gd2\/0f\/e6cf33c7eb0bede481492112aef218.jpg@.webp?1730137870\"><img decoding=\"async\" src=\"https:\/\/reporterre.net\/local\/cache-gd2\/0f\/e6cf33c7eb0bede481492112aef218.jpg?1730137870\" width=\"450\" height=\"300\" alt=\"\" class=\"marge12\" loading=\"lazy\"\/><br \/>\n<\/source><\/picture>\n<p class=\"libelle\">\n<p>          Enqu\u00eate \u2014<\/p>\n<p>      Luttes\n    <\/p>\n<p class=\"titre pol20\">Les Soul\u00e8vements de la Terre, le vent nouveau de la lutte \u00e9colo<\/p>\n<p>      <\/a><br \/>\n    <\/aside>\n<aside class=\"boite_complement texte\">\n<p>      <!-- zone_forum --><br \/>\n          <\/aside>\n<aside class=\"boite_lireaussi noprint\">\n<\/aside>\n<aside class=\"colonne\">\n<div class=\"article_info cache_1023 noprint\">\n<p>    <span class=\"date\">22 novembre 2024  \u00e0 17h17<\/span><\/p>\n<p class=\"duree_lecture\">\n        Dur\u00e9e de lecture : 5 minutes\n      <\/p>\n<\/p><\/div>\n<div class=\"bloc_infolettre\">\n<div class=\"infolettre-form-container noprint\">\n<p>Abonnez-vous \u00e0 la lettre d\u2019info de Reporterre<\/p>\n<\/div><\/div>\n<\/aside><\/div>\n<p><br \/>\n<br \/><a href=\"https:\/\/reporterre.net\/Un-acharnement-judiciaire-le-proces-inedit-fait-aux-Soulevements-de-la-Terre\" target=\"_blank\"\">Source link <\/a><\/p>\n","protected":false},"excerpt":{"rendered":"<p>17\u1d49 arrondissement de Paris, reportage Les mains emmitoufl\u00e9es dans son manteau jaune, L\u00e9na Lazare se pr\u00e9pare \u00e0 un nouveau combat. Ce vendredi 22\u00a0novembre, au petit matin, l\u2019activiste a comparu devant&hellip; <\/p>\n","protected":false},"author":1,"featured_media":692,"comment_status":"open","ping_status":"open","sticky":false,"template":"","format":"standard","meta":{"footnotes":""},"categories":[1],"tags":[],"class_list":["post-691","post","type-post","status-publish","format-standard","has-post-thumbnail","hentry","category-non-classe"],"_links":{"self":[{"href":"https:\/\/monde25.info\/index.php\/wp-json\/wp\/v2\/posts\/691","targetHints":{"allow":["GET"]}}],"collection":[{"href":"https:\/\/monde25.info\/index.php\/wp-json\/wp\/v2\/posts"}],"about":[{"href":"https:\/\/monde25.info\/index.php\/wp-json\/wp\/v2\/types\/post"}],"author":[{"embeddable":true,"href":"https:\/\/monde25.info\/index.php\/wp-json\/wp\/v2\/users\/1"}],"replies":[{"embeddable":true,"href":"https:\/\/monde25.info\/index.php\/wp-json\/wp\/v2\/comments?post=691"}],"version-history":[{"count":0,"href":"https:\/\/monde25.info\/index.php\/wp-json\/wp\/v2\/posts\/691\/revisions"}],"wp:featuredmedia":[{"embeddable":true,"href":"https:\/\/monde25.info\/index.php\/wp-json\/wp\/v2\/media\/692"}],"wp:attachment":[{"href":"https:\/\/monde25.info\/index.php\/wp-json\/wp\/v2\/media?parent=691"}],"wp:term":[{"taxonomy":"category","embeddable":true,"href":"https:\/\/monde25.info\/index.php\/wp-json\/wp\/v2\/categories?post=691"},{"taxonomy":"post_tag","embeddable":true,"href":"https:\/\/monde25.info\/index.php\/wp-json\/wp\/v2\/tags?post=691"}],"curies":[{"name":"wp","href":"https:\/\/api.w.org\/{rel}","templated":true}]}}