{"id":695,"date":"2024-11-22T20:59:52","date_gmt":"2024-11-22T19:59:52","guid":{"rendered":"https:\/\/monde25.info\/index.php\/2024\/11\/22\/commentaire-darret-de-la-condamnation-de-pierre-palmade\/"},"modified":"2024-11-22T20:59:52","modified_gmt":"2024-11-22T19:59:52","slug":"commentaire-darret-de-la-condamnation-de-pierre-palmade","status":"publish","type":"post","link":"https:\/\/monde25.info\/index.php\/2024\/11\/22\/commentaire-darret-de-la-condamnation-de-pierre-palmade\/","title":{"rendered":"Commentaire d&rsquo;arr\u00eat &#8211; de la condamnation de Pierre Palmade"},"content":{"rendered":"<p> <br \/>\n<\/p>\n<div>\n<p>Hier, la CPI, Cour p\u00e9nale internationale\u00a0a \u00e9mis officiellement des\u202fmandats d\u2019arr\u00eat contre le Premier ministre isra\u00e9lien Benjamin Netanyahu et son ancien ministre de la D\u00e9fense\u202fYoav Gallant pour des crimes de guerre et des crimes contre l&rsquo;humanit\u00e9 commis dans la bande de Gaza occup\u00e9e.\u00a0Certains pays ont d&rsquo;ores et d\u00e9j\u00e7a d\u00e9clar\u00e9 s&rsquo;y conformer et d&rsquo;autres non. Cependant, ce n&rsquo;est pas cette affaire qui restreint de mani\u00e8re importante le p\u00e9rim\u00e8tre dans lequel un criminel peut \u00e9voluer qui retient mon attention aujourd&rsquo;hui, mais la condamnation de Pierre Palmade.<\/p>\n<p>\u00ab\u00a0<em>Pierre Palmade et Bruno Le Maire n&rsquo;iront pas en prison. Et pourtant, il m\u00e9rite<\/em>.\u00a0\u00bb (1)\u00a0<\/p>\n<p>Telle f\u00fbt l&rsquo;analyse succincte, davantage \u00e9motionnelle que juridique, qu&rsquo;un monsieur d&rsquo;un certain \u00e2ge donna \u00e0 chaud, \u00e0 l&rsquo;annonce du verdict, \u00e0 un autre, un peu plus jeune, qui comme lui, \u00e9tait venu assister en curieux au proc\u00e8s de Pierre Palmade. Son \u00ab\u00a0commentaire d&rsquo;arr\u00eat\u00a0\u00bb\u00a0personnel, comme b\u00e9otien en droit p\u00e9nal. Ou bien en tant qu&rsquo;\u00e9tudiant en droit p\u00e9nal. Mais, alors, le pauvre serait un \u00e9tudiant du niveau \u00ab\u00a0<a target=\"_blank\" href=\"https:\/\/youtu.be\/dwn8pWlOHyA\" target=\"_blank\">Bruno Le Maire en math\u00e9matiques<\/a>\u00a0\u00bb si l&rsquo;on en croit sa connaissance variable de la surface d&rsquo;un hectare.<\/p>\n<p><iframe loading=\"lazy\" title=\"Bruno Lemaire &quot; un hectare, c&#039;est quoi oui, c&#039;est combien en m ... Je n&#039;ai jamais \u00e9t\u00e9 dou\u00e9 en maths&quot;\" width=\"1110\" height=\"624\" src=\"https:\/\/www.youtube.com\/embed\/dwn8pWlOHyA?feature=oembed\" frameborder=\"0\" allow=\"accelerometer; autoplay; clipboard-write; encrypted-media; gyroscope; picture-in-picture; web-share\" referrerpolicy=\"strict-origin-when-cross-origin\" allowfullscreen><\/iframe><\/p>\n<p>En effet, la condamnation \u00e0 cinq ans d&#8217;emprisonnement dont deux ferme prononc\u00e9e mercredi 20 novembre 2024 contre Pierre Palmade, le tribunal correctionnel de Melun l&rsquo;a assortie <strong>d&rsquo;un \u00ab\u00a0mandat de d\u00e9p\u00f4t\u00a0\u00bb \u00ab\u00a0diff\u00e9r\u00e9\u00a0\u00bb \u00ab\u00a0avec ex\u00e9cution provisoire\u00a0\u00bb<\/strong>.<\/p>\n<p>Je traduis.<\/p>\n<p>\u00ab\u00a0Mandat de d\u00e9p\u00f4t\u00a0\u00bb, en l&rsquo;occurrence, c&rsquo;est l&rsquo;ordre que le Tribunal correctionnel de Melun a donn\u00e9, que <strong>Pierre Palmade soit mis en prison<\/strong>. \u00ab\u00a0Diff\u00e9r\u00e9\u00a0\u00bb, cela signifie que <strong>ce n&rsquo;est pas imm\u00e9diatement apr\u00e8s l&rsquo;\u00e9nonc\u00e9<\/strong> de ce jugement que Pierre Palmade doit \u00eatre mis en prison, mais d<strong>&lsquo;ici au maximum quatre mois<\/strong>. C&rsquo;est la loi. Et \u00ab\u00a0avec ex\u00e9cution provisoire\u00a0\u00bb, cela veut dire que <strong>cet ordre restera valable, m\u00eame si un appel est \u00ab\u00a0interjet\u00e9\u00a0\u00bb<\/strong> (form\u00e9, fait) contre ce jugement, soit par Pierre Palmade, soit par une des autres parties au litige\u00a0; \u00e0 savoir le parquet et les parties civiles. Les parties au litige ont dix jours pour le faire.<\/p>\n<p>D\u00e8s lors, contrairement \u00e0 ce que ce monsieur a avanc\u00e9, normalement, Pierre Palmade ira en prison.<\/p>\n<p>Toutefois, ne lui jetez pas la pierre, \u00e0 ce monsieur.<\/p>\n<p>Pourquoi\u00a0?<\/p>\n<p>Parce que tant techniquement que s&rsquo;agissant des petits arrangements avec le droit, qui sont malheureusement toujours possibles entre copains, dans la R\u00e9publique \u00ab\u00a0des copains\u00a0\u00bb mise en place par Fran\u00e7ois Mitterrand\u00a0en 1981. Ce syst\u00e8me politique, \u00e9conomique et judiciaire, o\u00f9 aujourd&rsquo;hui plus que jamais, loge ce qu&rsquo;on appelle commun\u00e9ment \u00ab\u00a0l&rsquo;\u00e9tat profond\u00a0\u00bb (comprenez \u00ab\u00a0ceux qui tirent les ficelles en coulisse\u00a0\u00bb). Ces petits arrangements entre copains qui font qu&rsquo;<strong>il y a parfois une \u00ab\u00a0h\u00e9naurme\u00a0\u00bb diff\u00e9rence entre la th\u00e9orie et la pratique, dans l&rsquo;ex\u00e9cution d&rsquo;un jugement<\/strong>. Une diff\u00e9rence tellement variable,\u00a0que l&rsquo;\u00e9valuation g\u00e9om\u00e9trique d&rsquo;un hectare de Bruno Le Maire, ne surprend plus ! En effet 10 000 m2 pourraient \u00eatre un carr\u00e9, un rectangle ou un cercle ou une autre surface aux formes non lin\u00e9aire qui s&rsquo;apparenterait donc \u00e0 la variation entre la th\u00e9orie et la pratique de l&rsquo;execution de la justice !\u00a0\u00a0<\/p>\n<p>Prenons par exemple, cet \u00e9l\u00e9ment du jugement qui nous int\u00e9resse ici, \u00e0 savoir le mandat de d\u00e9p\u00f4t ordonn\u00e9 par le tribunal correctionnel de Melun \u00e0 l&rsquo;encontre de Pierre Palmade.<\/p>\n<p>Ce mandat de d\u00e9p\u00f4t, je le r\u00e9p\u00e8te, c&rsquo;est l&rsquo;ordre que ce tribunal a donn\u00e9, non pas de mettre Pierre Palmade en prison, <strong>mais de le faire mettre en prison<\/strong>. Car pr\u00e9cis\u00e9ment, techniquement, juridiquement, \u00e0 qui le tribunal correctionnel de Melun a-t-il donn\u00e9 cet ordre ? Au minist\u00e8re public, \u00e0 savoir \u00e0 tous les magistrats qui officient au sein de ce qu&rsquo;on appelle le parquet\u00a0: les procureurs g\u00e9n\u00e9raux, les procureurs de la R\u00e9publique, et les adjoints et substituts de ces deux autorit\u00e9s.<\/p>\n<p>Or, ce n&rsquo;est pas l&rsquo;un des magistrats du parquet qui va lui-m\u00eame mettre Pierre Palmade en prison, quand le minist\u00e8re public ex\u00e9cutera cet ordre\u00a0: ce sont le ou les policiers \u00e0 qui le magistrat du parquet qui se chargera de faire ex\u00e9cuter cet ordre, donnera r\u00e9quisitions de le faire.<\/p>\n<p>Si tant est que le minist\u00e8re public d\u00e9cide d&rsquo;ex\u00e9cuter cet ordre un jour.<\/p>\n<p>Diable\u00a0!<\/p>\n<p>Bien que certes, cela est la th\u00e9orie, la loi dit qu&rsquo;en cas de mandat de d\u00e9p\u00f4t \u00ab\u00a0diff\u00e9r\u00e9\u00a0\u00bb, <strong>le parquet doit ex\u00e9cuter cet ordre de faire mettre en prison<\/strong> la personne vis\u00e9e par ce mandat de d\u00e9p\u00f4t, dans un d\u00e9lai maximum de quatre mois (\u00e0 compter de la date du prononc\u00e9 du jugement), <strong>dans la pratique, rien, absolument rien ne peut obliger le parquet \u00e0 ex\u00e9cuter cet ordre<\/strong>. Aucun moyen de coercition concret n&rsquo;existe \u00e0 l&rsquo;encontre du parquet. Ainsi, si aucun des magistrats du parquet ne prend sur lui d&rsquo;ex\u00e9cuter cet ordre, qu&rsquo;importe que le mandat de d\u00e9p\u00f4t soit \u00ab\u00a0ex\u00e9cutoire\u00a0\u00bb, il ne sera pas ex\u00e9cut\u00e9. La personne vis\u00e9e par ce mandat de d\u00e9p\u00f4t ne sera pas mise en prison (en tout cas pas en ex\u00e9cution de ce mandat de d\u00e9p\u00f4t). Ceci quand bien m\u00eame cette personne se pr\u00e9sentait d&rsquo;elle-m\u00eame devant une prison, dans un commissariat ou dans une gendarmerie, ou dans un des locaux du parquet, ou au tribunal qui l&rsquo;a condamn\u00e9e, et disait : \u00ab Mettez-moi en prison.\u00a0\u00bb Non.<\/p>\n<p>Pourquoi\u00a0? Encore et toujours parce que c&rsquo;est au parquet que le tribunal correctionnel (ici de Melun) a donn\u00e9 cet ordre de mettre en prison la personne condamn\u00e9e \u00e0 une peine d&#8217;emprisonnement ferme, et non pas \u00e0 la police ou \u00e0 la gendarmerie, ni \u00e0 cette personne elle-m\u00eame. Et, \u00e9galement parce que, aussi aberrant que cela puisse para\u00eetre, bien que ce soit aux juridictions p\u00e9nales \u00ab\u00a0de jugement\u00a0\u00bb\u00a0 (tribunal correctionnel, cour d&rsquo;assises, la cour de justice de la R\u00e9publique et la haute cour de justice) que <strong>la loi conf\u00e8re la comp\u00e9tence d&rsquo;assortir leur jugement d&rsquo;un ordre<\/strong> (mandat de d\u00e9p\u00f4t) de faire mettre une personne en prison, <strong>la loi ne conf\u00e8re pas aux juridictions de jugement<\/strong>, la comp\u00e9tence de <strong>faire ex\u00e9cuter cet ordre<\/strong>. Seul le parquet a la comp\u00e9tence\u00a0de\u00a0le faire.<\/p>\n<p>Et, h\u00e9las, si le parquet n&rsquo;ex\u00e9cute pas cet ordre, rien ne peut \u00eatre fait pour obliger le parquet \u00e0 le faire, ni par la juridiction de jugement elle-m\u00eame (par un jugement \u00ab\u00a0d&rsquo;ex\u00e9cution\u00a0\u00bb, comme en droit civil, rendu apr\u00e8s le jugement de condamnation), ni par un des magistrats qui composaient la juridiction de jugement quand elle a rendu le jugement de condamnation, allant dans les locaux du parquet secouer l&rsquo;oreille du procureur de la R\u00e9publique, et plus si affinit\u00e9s. Parfois, certaines oreilles sifflent, sans que rien ne se passe \u00e0 l&rsquo;inverse du train qui, quand on l&rsquo;entend siffler, c&rsquo;est qu&rsquo;il n&rsquo;est pas loin et qu&rsquo;il arrive.<\/p>\n<p>La seule personne \u00ab\u00a0d\u00e9positaire de l&rsquo;autorit\u00e9 publique\u00a0\u00bb (comprenez \u00ab\u00a0qui agit au nom de l&rsquo;\u00e9tat\u00a0\u00bb), qui, agissant dans l&rsquo;exercice de ses fonctions, peut v\u00e9ritablement \u00ab\u00a0obliger\u00a0\u00bb autant que faire se peut un magistrat du parquet \u00e0 ex\u00e9cuter un mandat de d\u00e9p\u00f4t ex\u00e9cutoire, c&rsquo;est le ministre de la Justice.<\/p>\n<p>Pourquoi\u00a0? Tout simplement parce que la loi d\u00e9termine \u00ab\u00a0express\u00e9ment\u00a0\u00bb (\u00e9crit \u00ab\u00a0noir sur blanc\u00a0\u00bb) que le ministre de la Justice \u00ab\u00a0<strong>a autorit\u00e9 sur tous les magistrats du parquet.<\/strong>\u00a0\u00bb<\/p>\n<p>Dans ces conditions, on voit mal un magistrat du parquet refusant d&rsquo;ob\u00e9ir \u00e0 l&rsquo;ordre que lui donnerait le ministre de la Justice, de mettre \u00e0 ex\u00e9cution un mandat de d\u00e9p\u00f4t ex\u00e9cutoire. (1)<\/p>\n<p>En tout cas, cela ne\u00a0s&rsquo;est, semble-t-il, jamais vu.<\/p>\n<p>\u00c0 l&rsquo;inverse, si, usant pour cela de l&rsquo;autorit\u00e9 que la loi lui conf\u00e8re sur tous les magistrats du parquet, le ministre de la Justice <strong>donnait l&rsquo;ordre \u00e0 tous les magistrats du parquet<\/strong> de ne pas mettre \u00e0 ex\u00e9cution un mandat de d\u00e9p\u00f4t, on voit tr\u00e8s bien tous les magistrats du parquet ob\u00e9ir \u00e0 cet ordre.<\/p>\n<p>Car cela, par contre, on l&rsquo;a d\u00e9j\u00e0 vu. Et pas qu&rsquo;une fois\u00a0!<\/p>\n<p>En outre, c&rsquo;est \u00e0 une peine d&#8217;emprisonnement ferme d&rsquo;une dur\u00e9e de deux ans, et non pas d&rsquo;une dur\u00e9e sup\u00e9rieure \u00e0 deux ans, que Pierre Palmade a \u00e9t\u00e9 condamn\u00e9. D\u00e8s lors, en plus d&rsquo;un refus du parquet (manifestement immoral, mais qui h\u00e9las serait parfaitement l\u00e9gal) de mettre \u00e0 ex\u00e9cution le mandat de d\u00e9p\u00f4t ordonn\u00e9 contre Pierre Palmade, il existe un autre moyen qui permettrait \u00e0 Pierre Palmade de ne pas aller en prison, et qui lui serait \u00e0 la fois 100% l\u00e9gal (au sens du respect de la loi) et moral (au sens du respect cette fois de l&rsquo;\u00e9quit\u00e9\u00a0: \u00e0 savoir <strong>la possibilit\u00e9 qui doit \u00eatre laiss\u00e9e au juge de traiter les affaires au cas par cas, selon les sp\u00e9cificit\u00e9s propres aux dommages caus\u00e9s et \u00e0 la personnalit\u00e9 du condamn\u00e9<\/strong>). Cet autre moyen consisterait en ceci\u00a0: un jugement rendu par le juge de l&rsquo;application des peines, ordonnant que la peine d&#8217;emprisonnement \u00e0 deux ans ferme \u00e0 laquelle Pierre Palmade a \u00e9t\u00e9 condamn\u00e9, soit ex\u00e9cut\u00e9e non pas en prison, mais au domicile de Pierre Palmade, en placement sous bracelet \u00e9lectronique.<\/p>\n<p>Pourquoi\u00a0? Parce que <strong>la loi donne comp\u00e9tence au juge de l&rsquo;application des peines de le faire<\/strong>\u00a0pour toute peine d&#8217;emprisonnement ferme qui ne d\u00e9passe pas deux ans. Et donc, \u00e7a tombe bien, c&rsquo;est pile \u00e0 une peine d&#8217;emprisonnement de deux ans que Pierre Palmade a \u00e9t\u00e9 condamn\u00e9.<\/p>\n<p>Oui. Comme J\u00e9r\u00f4me Cahuzac. Cet ex-ministre de l&rsquo;\u00c9conomie et des Finances qui, malgr\u00e9 une condamnation par le tribunal correctionnel \u00e0 quatre ans d&#8217;emprisonnement dont deux ans ferme (pour fraude fiscale), n&rsquo;est pas all\u00e9 en prison. C&rsquo;est \u00e0 son domicile, en placement sous bracelet \u00e9lectronique, qu&rsquo;il a purg\u00e9 sa peine.<\/p>\n<p>Pourtant, pour 68 millions de Fran\u00e7ais au moins, il aurait \u00e9t\u00e9 justice qu&rsquo;il all\u00e2t en prison.\u00a0<\/p>\n<p>Et pareil concernant un autre ex-ministre de l&rsquo;\u00c9conomie et des finances\u00a0: Bruno Le Maire.<\/p>\n<p>Non parce que, d&rsquo;accord, en l&rsquo;\u00e9tat, Nono n&rsquo;a pas \u00e9t\u00e9 condamn\u00e9 \u00e0 de la prison ferme, puisque pas plus \u00ab\u00a0en l&rsquo;\u00e9tat\u00a0\u00bb qu&rsquo;\u00ab\u00a0\u00e0 l&rsquo;avenir\u00a0\u00bb (je le crains), il n&rsquo;a \u00e9t\u00e9 ni ne sera traduit en justice pour cela. Mais, cela semble quand m\u00eame bel et bien sous la responsabilit\u00e9, et donc du fait (pas encore de la faute) de Bruno Le Maire, qu&rsquo;on se retrouve avec une dette publique \u00ab\u00a0dilat\u00e9e comme jamais\u00a0\u00bb. Soit quelque 1 100 milliards d&rsquo;euros suppl\u00e9mentaires sous son office. Une paille !\u00a0Dont 420 milliards que Bruno Le Maire a affirm\u00e9 avoir \u00e9t\u00e9 utilis\u00e9s pour la gestion de la crise covid, mais qui semblent d\u00e9pens\u00e9s ailleurs (\u00ab\u00a0<em>Je ne sais pas o\u00f9\u00a0<\/em>\u00bb). Cependant, \u00e7a, c&rsquo;est s\u00fbr, ils ont forc\u00e9ment fini dans la poche de quelqu&rsquo;un, \u00e9tant donn\u00e9 que, \u00ab\u00a0Abracadabra\u00a0!\u00a0\u00bb, ces 420 milliards d&rsquo;euros ne sont plus dans les caisses de l&rsquo;\u00c9tat.<\/p>\n<p>Serait-ce donc <strong>pleinement constitutif d&rsquo;un d\u00e9lit de d\u00e9tournement de fonds publics et de recel<\/strong>, dont Bruno Le Maire s&rsquo;est lui-m\u00eame d\u00e9sign\u00e9 coupable en tant qu&rsquo;auteur principal, en d\u00e9clarant devant la commission d&rsquo;enqu\u00eate parlementaire qui s&rsquo;est ouverte sur cet accroissement de la dette publique de 1 100 milliards d&rsquo;euros\u00a0: <strong>\u00ab\u00a0<\/strong><em><strong>J&rsquo;en assume l&rsquo;enti\u00e8re responsabilit\u00e9<\/strong><\/em><strong>\u00a0\u00bb ?<\/strong><\/p>\n<p>C&rsquo;est sans doute la raison pour laquelle ce monsieur, qu&rsquo;il me pardonne, que j&rsquo;ai peut-\u00eatre tax\u00e9 \u00e0 tort (l&rsquo;avenir nous le dira) d&rsquo;avoir dit une b\u00eatise, en affirmant que Pierre Palmade et Bruno Le Maire n&rsquo;iront pas en prison, n&rsquo;a pas commis de faute d&rsquo;orthographe en ajoutant \u00e0 ce sujet (rappelez-vous)\u00a0: \u00ab\u00a0<em>Et pourtant, il m\u00e9rite<\/em>.\u00a0\u00bb A\u00a0savoir au singulier (\u00ab\u00a0il m\u00e9rite\u00a0\u00bb), et non pas au pluriel (\u00ab\u00a0ils m\u00e9ritent\u00a0\u00bb).<\/p>\n<p>J&rsquo;entends par l\u00e0 que, ne voulant pas tendre en quelque mesure que ce soit vers le d\u00e9lit de discr\u00e9dit publiquement jet\u00e9 sur une d\u00e9cision de justice (article 424-25 du Code p\u00e9nal), c&rsquo;est non pas au seul Pierre Palmade, ni cumulativement \u00e0 Pierre Palmade et \u00e0 Bruno Le Maire qu&rsquo;il pensait quand il a dit \u00ab\u00a0<em>Et pourtant, il m\u00e9rite<\/em>.\u00a0\u00bb (d&rsquo;aller en prison), mais au seul Bruno Le Maire.<\/p>\n<p>Si tel est le cas, je pense qu&rsquo;en d\u00e9pit de la peine incommensurable, immonde, \u00ab\u00a0impardonnable\u00a0\u00bb, m\u00eame, estiment certains, car ineffa\u00e7able, que Pierre Palmade a caus\u00e9e aux victimes du d\u00e9lit (conduite sous l&#8217;emprise de produits stup\u00e9fiants) qu&rsquo;il a commis, les Fran\u00e7ais seraient tr\u00e8s nombreux \u00e0 consid\u00e9rer que Bruno Le Maire m\u00e9riterait 1.100 fois plus d&rsquo;aller en prison que Pierre Palmade.<\/p>\n<p>Et, probablement bien plus longtemps que deux ans, s&rsquo;il se trouve que les 420 milliards d&rsquo;euros de la crise covid qui ont \u00ab\u00a0disparu\u00a0\u00bb, ont fini dans la poche d&rsquo;un ou plusieurs copains de Bruno. Les fameux copains des copains. Une occurrence de plus, qui donnerait raison \u00e0 ceux qui appellent \u00ab\u00a0La ripoublique\u00a0\u00bb, le syst\u00e8me politique, \u00e9conomique et judiciaire qui est le n\u00f4tre, en France, depuis 235 ans, non pas \u00ab\u00a0<em>par la volont\u00e9 du peuple\u00a0<\/em>\u00bb, mais \u00ab\u00a0<em>par la force des ba\u00efonnette<\/em>s\u00a0\u00bb (2), policiers et gendarmes n&rsquo;agissant pas, dans ce domaine pr\u00e9cis du respect de la loi et des int\u00e9r\u00eats du peuple, tels des gardiens de la paix, mais comme une garde pr\u00e9torienne (montrant ainsi la v\u00e9ritable nature de ce qu&rsquo;on appelle \u00ab\u00a0la garde r\u00e9publicaine\u00a0\u00bb ?) \u00c0 savoir, en prot\u00e9geant le pouvoir en place contre la volont\u00e9 du peuple de le renverser. Une volont\u00e9 pourtant on ne peut davantage l\u00e9gitime, quand le pouvoir en place viole la loi ou viole les int\u00e9r\u00eats du peuple. Et \u00ab\u00a0les forces de l&rsquo;ordre\u00a0\u00bb (en place) font ceci, alors que (malheureusement pour le peuple, c&rsquo;est l\u00e0 h\u00e9las seulement la th\u00e9orie), c&rsquo;est \u00ab\u00a0le peuple\u00a0\u00bb et non pas \u00ab\u00a0le pouvoir en place\u00a0\u00bb, que policiers et gendarmes pr\u00eatent serment de \u00ab\u00a0Prot\u00e9ger et Servir.\u00a0\u00bb<\/p>\n<p>Le probl\u00e8me. Tous les probl\u00e8mes viennent de l\u00e0.<\/p>\n<p>Une question se pose : verra-t-on un mandat de d\u00e9p\u00f4t \u00e0 l&rsquo;audience pour Marine Le pen ? Les paris sont ouverts.<\/p>\n<p>\u00a0<\/p>\n<p>\u00a0<\/p>\n<p>1) et surtout, m\u00eame si (allez savoir pourquoi\u00a0?), il advenait qu&rsquo;un des huit mille magistrats, environ, qu&rsquo;il y au parquet, refus\u00e2t d&rsquo;ob\u00e9ir \u00e0 l&rsquo;ordre d&rsquo;ex\u00e9cuter un mandat de d\u00e9p\u00f4t ex\u00e9cutoire, le ministre de la justice pourrait facilement trouver, parmi les huit mille autres magistrats du parquet, un magistrat qui lui ob\u00e9irait \u00e0 cet ordre.<\/p>\n<p>(2) n&rsquo;en d\u00e9plaise au \u00ab\u00a0Comte de Mirabeau\u00a0\u00bb (\u00ab\u00a0Honor\u00e9 Gabriel Riqueti\u00a0\u00bb pour l&rsquo;\u00e9tat civil). \u00c0 savoir en r\u00e9f\u00e9rence \u00e0 cette tirade que l&rsquo;histoire \u00e9crite par les vainqueurs de 1789 lui attribue, et qu&rsquo;il aurait lanc\u00e9e le 23 juin de cette ann\u00e9e charni\u00e8re (3) \u00e0 \u00ab\u00a0l&rsquo;envoy\u00e9 du roi\u00a0\u00bb (\u00e0 savoir, \u00e0 l&rsquo;\u00e9poque, l&rsquo;\u00e9quivalent du procureur de la R\u00e9publique), un marquis de Dreux \u00ab\u00a0Br\u00e9z\u00e9\u00a0\u00bb qui ayant obtemp\u00e9r\u00e9 a fini \u00ab\u00a0r\u00f4ti\u00a0\u00bb (me souffle mon boucher), au nom de ses coll\u00e8gues qui comme lui refus\u00e8rent d&rsquo;ob\u00e9ir au roi\u00a0:<\/p>\n<p>\u00ab\u00a0<em>Allez dire \u00e0 votre ma\u00eetre que nous sommes ici par la volont\u00e9 du peuple, et que nous n&rsquo;en sortirons\u00a0que\u00a0par la force des ba\u00efonnettes<\/em>. \u00bb<\/p>\n<p>Par ces motifs, ne serait-il pas justice que le peuple f\u00eet cette application, aujourd&rsquo;hui, de la jurisprudence \u00ab\u00a0Comte de Mirabeau\u00a0\u00bb, concernant Jupiter 1er et sa cour, Emmanuel Macron et toute sa clique\u00a0? \u00ab Les marcheurs\u00a0\u00bb, d\u00e9nomination des personnes soutenant La R\u00e9publique En Marche, qui firent la campagne d&rsquo;Emmanuel Macron en 2017 pourraient-ils se retourner cette fois dans le bon sens puisque leur patron ne leur a pas donn\u00e9 la direction initiale dans laquelle il comptait mener la R\u00e9publique une fois au pouvoir. Il se pourrait bien que d\u00e9\u00e7us de l&rsquo;institutionnalisation du mensonge en Macronie\u00a0ils se retrouvent avec le peuple \u00e0 chanter\u00a0:\u00a0\u00ab\u00a0Marchons, Marchons\u00a0\u00bb sur l&rsquo;\u00c9lys\u00e9e,\u00a0comme\u00a0citoyens d\u00e9fenseurs du droit et de la justice en nombre suffisamment pour le faire avec la l\u00e9gitimit\u00e9 requise, et avec la d\u00e9termination n\u00e9cessaire pour pouvoir y arriver. Des Gaulois d\u00fbment r\u00e9fractaires \u00e0 subir l&rsquo;injustice et l&rsquo;infamie, qui indiqueraient ceci alors, au procureur de la R\u00e9publique venu les en emp\u00eacher avec ses cohortes de policiers, de gendarmes, de CRS et autres. Ils lui crieraient au nom des millions de Fran\u00e7ais \u00e9veill\u00e9s (plus nombreux chaque jour) qui ne veulent plus \u00eatre les dindons de cette \u00ab\u00a0farce\u00a0\u00bb qui perdure depuis 235 ans. Un accaparement collusoire de tous les leviers du pouvoir par une caste autoproclam\u00e9e \u00ab\u00a0les \u00e9lites\u00a0\u00bb, dont\u00a0le peuple de France est la victime quotidienne, et dans des proportions bien plus qu&rsquo;inacceptables d\u00e9sormais, apr\u00e8s sept ans de macronisme\u00a0:<\/p>\n<p><em>\u00ab\u00a0Allez dire \u00e0 votre Ma\u00eetre, que vous \u00eates ici, en m\u00eame temps contre la volont\u00e9 du peuple et contre les int\u00e9r\u00eats du peuple. Donc, qu&rsquo;importent les ba\u00efonnettes que les archers du roi, modernes, pointeraient ici contre nous, vous\u00a0devriez en sortir par la force du bon sens, de la loi et des valeurs de la R\u00e9publique, \u00e0 d\u00e9faut, ce pourrait bien \u00eatre par celle des fourches, des piques et des haches.\u00a0\u00bb<\/em><\/p>\n<p>\u00a0<\/p>\n<p>3) Une ann\u00e9e charni\u00e8re et un changement de r\u00e9gime apocalyptique au regard du nombre de morts gigantesque. Les massacres de masse incessants et atroces commis pendant les dix ann\u00e9es que dura \u00ab\u00a0la R\u00e9volution.\u00a0\u00bb Ces dix ann\u00e9es de g\u00e9nocide franco-fran\u00e7ais que la version officielle de l&rsquo;histoire (\u00e9ducation nationale et m\u00e9dias mainstream) cache au peuple de France, par le truchement duquel \u00ab\u00a0la R\u00e9publique\u00a0\u00bb a \u00e9t\u00e9 finalement impos\u00e9e, aux Fran\u00e7ais survivants, par les r\u00e9volutionnaires.<\/p>\n<\/div>\n<p><script>(function(d, s, id) {  var js, fjs = d.getElementsByTagName(s)[0];  if (d.getElementById(id)) return;  js = d.createElement(s); js.id = id;  js.src = \"\/\/connect.facebook.net\/fr_FR\/sdk.js#xfbml=1&version=v2.3\";  fjs.parentNode.insertBefore(js, fjs);}(document, \"script\", \"facebook-jssdk\"));<\/script><br \/>\n<br \/><br \/>\n<br \/><a href=\"https:\/\/www.francesoir.fr\/opinions-editos\/commentaire-d-arret\" target=\"_blank\"\">Source link <\/a><\/p>\n","protected":false},"excerpt":{"rendered":"<p>Hier, la CPI, Cour p\u00e9nale internationale\u00a0a \u00e9mis officiellement des\u202fmandats d\u2019arr\u00eat contre le Premier ministre isra\u00e9lien Benjamin Netanyahu et son ancien ministre de la D\u00e9fense\u202fYoav Gallant pour des crimes de guerre&hellip; <\/p>\n","protected":false},"author":1,"featured_media":0,"comment_status":"open","ping_status":"open","sticky":false,"template":"","format":"standard","meta":{"footnotes":""},"categories":[1],"tags":[],"class_list":["post-695","post","type-post","status-publish","format-standard","hentry","category-non-classe"],"_links":{"self":[{"href":"https:\/\/monde25.info\/index.php\/wp-json\/wp\/v2\/posts\/695","targetHints":{"allow":["GET"]}}],"collection":[{"href":"https:\/\/monde25.info\/index.php\/wp-json\/wp\/v2\/posts"}],"about":[{"href":"https:\/\/monde25.info\/index.php\/wp-json\/wp\/v2\/types\/post"}],"author":[{"embeddable":true,"href":"https:\/\/monde25.info\/index.php\/wp-json\/wp\/v2\/users\/1"}],"replies":[{"embeddable":true,"href":"https:\/\/monde25.info\/index.php\/wp-json\/wp\/v2\/comments?post=695"}],"version-history":[{"count":0,"href":"https:\/\/monde25.info\/index.php\/wp-json\/wp\/v2\/posts\/695\/revisions"}],"wp:attachment":[{"href":"https:\/\/monde25.info\/index.php\/wp-json\/wp\/v2\/media?parent=695"}],"wp:term":[{"taxonomy":"category","embeddable":true,"href":"https:\/\/monde25.info\/index.php\/wp-json\/wp\/v2\/categories?post=695"},{"taxonomy":"post_tag","embeddable":true,"href":"https:\/\/monde25.info\/index.php\/wp-json\/wp\/v2\/tags?post=695"}],"curies":[{"name":"wp","href":"https:\/\/api.w.org\/{rel}","templated":true}]}}