{"id":704,"date":"2024-11-22T23:44:39","date_gmt":"2024-11-22T22:44:39","guid":{"rendered":"https:\/\/monde25.info\/index.php\/2024\/11\/22\/zelensky-na-pas-ete-invite-au-sommet-du-g20-les-moutons-enrages\/"},"modified":"2024-11-22T23:44:39","modified_gmt":"2024-11-22T22:44:39","slug":"zelensky-na-pas-ete-invite-au-sommet-du-g20-les-moutons-enrages","status":"publish","type":"post","link":"https:\/\/monde25.info\/index.php\/2024\/11\/22\/zelensky-na-pas-ete-invite-au-sommet-du-g20-les-moutons-enrages\/","title":{"rendered":"Zelensky n\u2019a pas \u00e9t\u00e9 invit\u00e9 au sommet du G20 \u2013 Les moutons enrag\u00e9s"},"content":{"rendered":"<p> <br \/>\n<\/p>\n<div>\n<p>Par Alexandre Lemoine pour<a target=\"_blank\" href=\"http:\/\/www.observateurcontinental.fr\/?module=articles&amp;action=view&amp;id=6476\" data-type=\"link\" data-id=\"http:\/\/www.observateurcontinental.fr\/?module=articles&amp;action=view&amp;id=6476\"> Observateur-Continental<\/a><\/p>\n<div class=\"wp-block-image\">\n<figure class=\"aligncenter size-large is-resized\"><img fetchpriority=\"high\" decoding=\"async\" width=\"550\" height=\"309\" src=\"https:\/\/lesmoutonsenrages.fr\/wp-content\/uploads\/2024\/11\/image-90-550x309.png\" alt=\"\" class=\"wp-image-164032\" style=\"width:412px;height:auto\" srcset=\"https:\/\/lesmoutonsenrages.fr\/wp-content\/uploads\/2024\/11\/image-90-550x309.png 550w, https:\/\/lesmoutonsenrages.fr\/wp-content\/uploads\/2024\/11\/image-90-250x140.png 250w, https:\/\/lesmoutonsenrages.fr\/wp-content\/uploads\/2024\/11\/image-90-150x84.png 150w, https:\/\/lesmoutonsenrages.fr\/wp-content\/uploads\/2024\/11\/image-90.png 620w\" sizes=\"(max-width: 550px) 100vw, 550px\"\/><\/figure>\n<\/div>\n<p><strong>Le chancelier allemand Olaf Scholz a d\u00e9clar\u00e9 avoir tout fait pour persuader les autorit\u00e9s br\u00e9siliennes de revenir sur leur d\u00e9cision et inviter le dirigeant ukrainien au sommet, mais en vain.<\/strong>\u00a0<\/p>\n<p>Le chancelier allemand Olaf Scholz a exprim\u00e9 sa d\u00e9ception concernant l\u2019absence du pr\u00e9sident ukrainien Volodymyr Zelensky au sommet du G20 \u00e0 Rio de Janeiro, qui se tient les 18 et 19 novembre. Selon ses <a target=\"_blank\" href=\"https:\/\/www.tagesspiegel.de\/politik\/niemand-wird-putin-mit-telefonaten-stoppen-nato-partner-kritisieren-scholz-gesprach-mit-russischem-prasidenten-12721463.html\" target=\"_blank\" rel=\"noreferrer noopener\">d\u00e9clarations<\/a> aux m\u00e9dias allemands <em>Spiegel<\/em> et <em>Tagesspiegel<\/em>, Scholz avait consid\u00e9rablement \u0153uvr\u00e9 \u00e0 l\u2019obtention d\u2019une invitation pour le dirigeant ukrainien, mais le Br\u00e9sil est rest\u00e9 inflexible sur le communiqu\u00e9 de la rencontre.\u00a0<\/p>\n<p><span id=\"more-164031\"\/><\/p>\n<p>\u00ab\u00a0J\u2019ai beaucoup \u0153uvr\u00e9 en ce sens, et d\u2019autres aussi. Mais ce n\u2019est pas le cas cette fois-ci\u00a0\u00bb, a d\u00e9clar\u00e9 le chancelier allemand. L\u2019Ukraine n\u2019est pas membre du G20.\u00a0<\/p>\n<p>Contrairement au sommet de 2022, o\u00f9 Zelensky avait particip\u00e9 en visioconf\u00e9rence pour pr\u00e9senter le plan de paix ukrainien, la rencontre de cette ann\u00e9e se d\u00e9roulera sans d\u00e9l\u00e9gation ukrainienne. Le Br\u00e9sil, pays h\u00f4te, a choisi de ne pas convier le pr\u00e9sident ukrainien \u00e0 cette r\u00e9union des plus grandes puissances \u00e9conomiques mondiales.\u00a0<\/p>\n<p>En revanche, la Russie y a \u00e9t\u00e9 invit\u00e9e et sera repr\u00e9sent\u00e9e par son ministre des Affaires \u00e9trang\u00e8res, Sergue\u00ef Lavrov. Le pr\u00e9sident Vladimir Poutine a d\u00e9clin\u00e9 l\u2019invitation, invoquant le risque que sa pr\u00e9sence ne d\u00e9tourne l\u2019attention du sommet et ne cr\u00e9e des difficult\u00e9s pour le pr\u00e9sident br\u00e9silien Luiz Inacio Lula da Silva.\u00a0<\/p>\n<p>Le Br\u00e9sil, qui reconna\u00eet la juridiction de la Cour p\u00e9nale internationale (CPI), aurait \u00e9t\u00e9 dans l\u2019obligation d\u2019arr\u00eater Poutine et de l\u2019extrader vers La Haye en cas de venue sur son territoire, en raison du mandat d\u2019arr\u00eat \u00e9mis pour crimes de guerre pr\u00e9sum\u00e9s. Sachant que plus t\u00f4t, la Mongolie, qui reconna\u00eet \u00e9galement la CPI, avant refuser d\u2019arr\u00eater le chef de l\u2019\u00c9tat russe.\u00a0<\/p>\n<p>Moscou rejette le mandat d\u2019arr\u00eat de La Haye, le qualifiant de \u00ab\u00a0juridiquement nul et non avenu\u00a0\u00bb. Kiev avait, pour sa part, appel\u00e9 le Br\u00e9sil \u00e0 prendre des mesures en cas de participation de Poutine.\u00a0<\/p>\n<p>Bien que l\u2019Ukraine ne soit pas membre du G20, Zelensky avait soulign\u00e9 l\u2019importance d\u2019une repr\u00e9sentation ukrainienne dans les discussions internationales majeures. Le chancelier allemand a r\u00e9affirm\u00e9 le soutien de Berlin \u00e0 Kiev, notamment concernant la livraison de syst\u00e8mes de d\u00e9fense a\u00e9rienne Iris-T. Toutefois, le ministre allemand de la D\u00e9fense, Boris Pistorius, a une nouvelle fois \u00e9cart\u00e9 le 17 novembre la possibilit\u00e9 de fournir des missiles Taurus \u00e0 longue port\u00e9e \u00e0 l\u2019Ukraine.<\/p>\n<p><em>Alexandre Lemoine<\/em><\/p>\n<p>Tous les articles, la tribune libre et commentaires sont sous la responsabilit\u00e9 de leurs auteurs. Les Moutons Enrag\u00e9s ne sauraient \u00eatre tenus responsables de leur contenu ou orientation.<\/p>\n<\/p><\/div>\n<p><br \/>\n<br \/><a href=\"https:\/\/lesmoutonsenrages.fr\/2024\/11\/22\/zelensky-na-pas-ete-invite-au-sommet-du-g20\/\" target=\"_blank\"\">Source link <\/a><\/p>\n","protected":false},"excerpt":{"rendered":"<p>Par Alexandre Lemoine pour Observateur-Continental Le chancelier allemand Olaf Scholz a d\u00e9clar\u00e9 avoir tout fait pour persuader les autorit\u00e9s br\u00e9siliennes de revenir sur leur d\u00e9cision et inviter le dirigeant ukrainien&hellip; <\/p>\n","protected":false},"author":1,"featured_media":705,"comment_status":"open","ping_status":"open","sticky":false,"template":"","format":"standard","meta":{"footnotes":""},"categories":[1],"tags":[],"class_list":["post-704","post","type-post","status-publish","format-standard","has-post-thumbnail","hentry","category-non-classe"],"_links":{"self":[{"href":"https:\/\/monde25.info\/index.php\/wp-json\/wp\/v2\/posts\/704","targetHints":{"allow":["GET"]}}],"collection":[{"href":"https:\/\/monde25.info\/index.php\/wp-json\/wp\/v2\/posts"}],"about":[{"href":"https:\/\/monde25.info\/index.php\/wp-json\/wp\/v2\/types\/post"}],"author":[{"embeddable":true,"href":"https:\/\/monde25.info\/index.php\/wp-json\/wp\/v2\/users\/1"}],"replies":[{"embeddable":true,"href":"https:\/\/monde25.info\/index.php\/wp-json\/wp\/v2\/comments?post=704"}],"version-history":[{"count":0,"href":"https:\/\/monde25.info\/index.php\/wp-json\/wp\/v2\/posts\/704\/revisions"}],"wp:featuredmedia":[{"embeddable":true,"href":"https:\/\/monde25.info\/index.php\/wp-json\/wp\/v2\/media\/705"}],"wp:attachment":[{"href":"https:\/\/monde25.info\/index.php\/wp-json\/wp\/v2\/media?parent=704"}],"wp:term":[{"taxonomy":"category","embeddable":true,"href":"https:\/\/monde25.info\/index.php\/wp-json\/wp\/v2\/categories?post=704"},{"taxonomy":"post_tag","embeddable":true,"href":"https:\/\/monde25.info\/index.php\/wp-json\/wp\/v2\/tags?post=704"}],"curies":[{"name":"wp","href":"https:\/\/api.w.org\/{rel}","templated":true}]}}