{"id":708,"date":"2024-11-23T01:56:42","date_gmt":"2024-11-23T00:56:42","guid":{"rendered":"https:\/\/monde25.info\/index.php\/2024\/11\/23\/lunion-europeenne-tres-loin-de-ses-objectifs\/"},"modified":"2024-11-23T01:56:42","modified_gmt":"2024-11-23T00:56:42","slug":"lunion-europeenne-tres-loin-de-ses-objectifs","status":"publish","type":"post","link":"https:\/\/monde25.info\/index.php\/2024\/11\/23\/lunion-europeenne-tres-loin-de-ses-objectifs\/","title":{"rendered":"l\u2019Union europ\u00e9enne tr\u00e8s loin de ses objectifs"},"content":{"rendered":"<p> <br \/>\n<\/p>\n<div style=\"position:relative;\">\n        <picture><source type=\"image\/webp\" srcset=\"https:\/\/reporterre.net\/local\/cache-gd2\/49\/d176a4ae2192334eb31449001bf9c8.jpg@.webp?1732285426\"><img loading=\"lazy\" decoding=\"async\" src=\"https:\/\/reporterre.net\/local\/cache-gd2\/49\/d176a4ae2192334eb31449001bf9c8.jpg?1732285426\" width=\"720\" height=\"480\" alt=\"Biodiversit\u00e9\u00a0: l'Union europ\u00e9enne tr\u00e8s loin de ses objectifs\" class=\"image_logo voir_logo\"\/><\/p>\n<p><\/source><\/picture>\n<p class=\"legende_logo\"> Des hu\u00eetriers pies en hivernage dans la baie de Somme. <span class=\"copyright_logo\">&#8211; MOREL Florentin \/ CC BY-SA 4.0 \/ Wikimedia Commons<\/span><\/p>\n<p class=\"legende_logo_480\"> Des hu\u00eetriers pies en hivernage dans la baie de Somme. <span class=\"copyright_logo\">&#8211; MOREL Florentin \/ CC BY-SA 4.0 \/ Wikimedia Commons<\/span><\/p>\n<\/p><\/div>\n<div>\n        <span class=\"date\">22 novembre 2024  \u00e0 15h23<\/span><\/p>\n<p class=\"duree_lecture\">\n        Dur\u00e9e de lecture : 2 minutes\n      <\/p>\n<\/p><\/div>\n<div>\n<p>Cinq ans sont pass\u00e9s depuis l\u2019adoption de la strat\u00e9gie biodiversit\u00e9 de l\u2019Union europ\u00e9enne (<span class=\"caps\">UE<\/span>) pour 2030. Et le moins que l\u2019on puisse dire, c\u2019est que le compte n\u2019y est pas. D\u2019apr\u00e8s <a target=\"_blank\" href=\"https:\/\/www.birdlife.org\/wp-content\/uploads\/2024\/11\/EU-Biodiversity-Strategy-Progress-Report-1.pdf\" class=\"spip_out\" rel=\"external\">un premier bilan<\/a> de l\u2019association \u00e9cologique Birdlife, seulement 12<small class=\"fine d-inline\">\u00a0<\/small>% des zones marines de l\u2019<span class=\"caps\">UE<\/span> seraient prot\u00e9g\u00e9es, dont 1<small class=\"fine d-inline\">\u00a0<\/small>% strictement, contre 26<small class=\"fine d-inline\">\u00a0<\/small>% et 3<small class=\"fine d-inline\">\u00a0<\/small>% pour les zones terrestres. Des chiffres bien en de\u00e7\u00e0 des buts affich\u00e9s pour 2030, \u00e0 savoir 30<small class=\"fine d-inline\">\u00a0<\/small>% de protection des terres et des mers et 10<small class=\"fine d-inline\">\u00a0<\/small>% de protection stricte.<\/p>\n<p><i>\u00ab<small class=\"fine d-inline\">\u00a0<\/small>Les progr\u00e8s ont \u00e9t\u00e9 lents. Au rythme actuel, il est peu probable que l\u2019<span class=\"caps\">UE<\/span> atteigne ses objectifs d\u2019ici \u00e0 2030<small class=\"fine d-inline\">\u00a0<\/small>\u00bb<\/i>, constate Birdlife. Le rapport pointe les retards et les domaines dans lesquels la mise en \u0153uvre est au point mort ou a \u00e9t\u00e9 abandonn\u00e9e, et souligne le r\u00f4le des d\u00e9cideurs.<\/p>\n<blockquote class=\"spip\">\n<p>\u00ab<small class=\"fine d-inline\">\u00a0<\/small>Les fonds actuels consacr\u00e9s \u00e0 la conservation de la nature sont clairement insuffisants<small class=\"fine d-inline\">\u00a0<\/small>\u00bb<\/p>\n<\/blockquote>\n<p><a target=\"_blank\" href=\"https:\/\/reporterre.net\/La-loi-sur-la-restauration-de-la-nature-enfin-adoptee\">La loi sur la restauration de la nature<\/a> est prometteuse mais elle doit \u00eatre mise en \u0153uvre pour avoir un effet tangible, rappelle l\u2019association. Elle souligne \u00e9galement le manque de financement en faveur de la biodiversit\u00e9.<\/p>\n<p><i>\u00ab<small class=\"fine d-inline\">\u00a0<\/small>Il ne semble pas que l\u2019<span class=\"caps\">UE<\/span> consacrera 10<small class=\"fine d-inline\">\u00a0<\/small>% de son budget aux objectifs de biodiversit\u00e9 en 2026 et 2027, bien qu\u2019il s\u2019y soit engag\u00e9 dans son budget \u00e0 long terme. Il n\u2019existe actuellement aucun m\u00e9canisme dans le budget de l\u2019<span class=\"caps\">UE<\/span> pour combler toutes ces lacunes et d\u00e9ficiences. Les fonds actuels consacr\u00e9s \u00e0 la conservation de la nature, qui ne couvrent que 1<small class=\"fine d-inline\">\u00a0<\/small>% du budget de l\u2019<span class=\"caps\">UE<\/span> de 2021 \u00e0 2027, sont clairement insuffisants pour r\u00e9pondre \u00e0 l\u2019ampleur de la crise \u00e0 laquelle nous sommes confront\u00e9s<small class=\"fine d-inline\">\u00a0<\/small>\u00bb<\/i>, \u00e9crivent les auteurs du rapport.<\/p>\n<p>Selon une \u00e9tude de la Commission europ\u00e9enne, il existe un d\u00e9ficit de financement croissant pour la biodiversit\u00e9 d\u2019environ 20\u00a0milliards d\u2019euros par an jusqu\u2019en 2030. Satisfaire ces besoins de financement est une priorit\u00e9, clame l\u2019association.<\/p>\n<aside class=\"boite_encarts\">\n<div class=\"encart encart_gris noprint\">\n<p><strong>Il est de retour.<\/strong><\/p>\n<p>Dans quelques semaines, Donald Trump se r\u00e9-installera \u00e0 la Maison Blanche.<\/p>\n<p>Un milliardaire, pour qui le r\u00e9chauffement climatique est \u00ab<small class=\"fine d-inline\">\u00a0<\/small>un canular<small class=\"fine d-inline\">\u00a0<\/small>\u00bb, sera \u00e0 la t\u00eate de la plus grande puissance mondiale.<\/p>\n<p>Dans une d\u00e9cennie cruciale pour l\u2019\u00e9cologie, nous ne pouvons pas nous permettre de perdre plus de temps.<\/p>\n<p>La soci\u00e9t\u00e9 civile doit continuer de se soulever, de se mobiliser et de faire pression sur les puissants.<\/p>\n<p>Mais pour agir, il faut savoir.<\/p>\n<p><strong>Depuis 11 ans, nous publions des articles de qualit\u00e9 sur l\u2019\u00e9cologie, en acc\u00e8s libre et sans publicit\u00e9, pour tous.<\/strong><\/p>\n<p>Nous avons la conviction que l\u2019urgence \u00e9cologique est l\u2019enjeu majeur de notre \u00e9poque.<br class=\"autobr\"\/><br \/>\n Et comme plus de 2 millions de lectrices et lecteurs chaque mois, vous partagez sans doute cette conviction&#8230;<\/p>\n<p>Alors si vous en avez les moyens, sachez qu\u2019un don, m\u00eame d\u20191\u20ac, est un acte de soutien fort pour l\u2019\u00e9cologie et le journalisme ind\u00e9pendant.<br class=\"autobr\"\/><br \/>\n (Et \u00e7a vous prendra moins de temps que la lecture de ce texte).<\/p>\n<p><strong>Si vous le pouvez, choisissez un soutien mensuel. Merci.<\/strong><\/p>\n<p><a target=\"_blank\" href=\"https:\/\/reporterre.net\/dons\" class=\"bt_soutenir\">Je soutiens <i>Reporterre<\/i><\/a><\/p>\n<\/p><\/div>\n<div class=\"encart encart_vert noprint montre_1023\">\n<div class=\"infolettre-form-container noprint\">\n<p>Abonnez-vous \u00e0 la lettre d\u2019info de Reporterre<\/p>\n<\/div><\/div>\n<\/aside>\n<aside class=\"boite_apresarticle encart_note\">\n<h4>Apr\u00e8s cet article<\/h4>\n<p>      <a target=\"_blank\" href=\"https:\/\/reporterre.net\/Les-deputes-europeens-adoptent-la-loi-de-restauration-de-la-nature\" class=\"lien_article\">\n      <picture class=\"vignette_gauche\"><source type=\"image\/webp\" srcset=\"https:\/\/reporterre.net\/local\/cache-gd2\/36\/4e92bf70941ad19f97447e250fcef9.jpg@.webp?1730133558\"><img decoding=\"async\" src=\"https:\/\/reporterre.net\/local\/cache-gd2\/36\/4e92bf70941ad19f97447e250fcef9.jpg?1730133558\" width=\"450\" height=\"300\" alt=\"\" class=\"marge12\" loading=\"lazy\"\/><br \/>\n<\/source><\/picture>\n<p class=\"libelle\">\n<p>      Europe\n    <\/p>\n<p class=\"titre pol20\">Victoire pour la nature\u00a0: l\u2019Europe sauve in extremis une loi historique<\/p>\n<p>      <\/a><br \/>\n    <\/aside>\n<aside class=\"boite_complement texte\">\n<p>      <!-- zone_forum --><br \/>\n          <\/aside>\n<aside class=\"boite_lireaussi noprint\">\n<\/aside>\n<aside class=\"colonne\">\n<div class=\"article_info cache_1023 noprint\">\n        <span class=\"date\">22 novembre 2024  \u00e0 15h23<\/span><\/p>\n<p class=\"duree_lecture\">\n        Dur\u00e9e de lecture : 2 minutes\n      <\/p>\n<\/p><\/div>\n<div class=\"bloc_infolettre\">\n<div class=\"infolettre-form-container noprint\">\n<p>Abonnez-vous \u00e0 la lettre d\u2019info de Reporterre<\/p>\n<\/div><\/div>\n<\/aside>\n<div id=\"galerie\">\n  <img decoding=\"async\" src=\"\" class=\"principale\" id=\"principale\"\/><\/p>\n<p id=\"legende\">legende<\/p>\n<\/div>\n<footer class=\"noprint\">\n<\/footer>\n<\/div>\n<p><br \/>\n<br \/><a href=\"https:\/\/reporterre.net\/Biodiversite-l-Union-europeenne-tres-loin-de-ses-objectifs\" target=\"_blank\"\">Source link <\/a><\/p>\n","protected":false},"excerpt":{"rendered":"<p>Des hu\u00eetriers pies en hivernage dans la baie de Somme. &#8211; MOREL Florentin \/ CC BY-SA 4.0 \/ Wikimedia Commons Des hu\u00eetriers pies en hivernage dans la baie de Somme.&hellip; <\/p>\n","protected":false},"author":1,"featured_media":709,"comment_status":"open","ping_status":"open","sticky":false,"template":"","format":"standard","meta":{"footnotes":""},"categories":[1],"tags":[],"class_list":["post-708","post","type-post","status-publish","format-standard","has-post-thumbnail","hentry","category-non-classe"],"_links":{"self":[{"href":"https:\/\/monde25.info\/index.php\/wp-json\/wp\/v2\/posts\/708","targetHints":{"allow":["GET"]}}],"collection":[{"href":"https:\/\/monde25.info\/index.php\/wp-json\/wp\/v2\/posts"}],"about":[{"href":"https:\/\/monde25.info\/index.php\/wp-json\/wp\/v2\/types\/post"}],"author":[{"embeddable":true,"href":"https:\/\/monde25.info\/index.php\/wp-json\/wp\/v2\/users\/1"}],"replies":[{"embeddable":true,"href":"https:\/\/monde25.info\/index.php\/wp-json\/wp\/v2\/comments?post=708"}],"version-history":[{"count":0,"href":"https:\/\/monde25.info\/index.php\/wp-json\/wp\/v2\/posts\/708\/revisions"}],"wp:featuredmedia":[{"embeddable":true,"href":"https:\/\/monde25.info\/index.php\/wp-json\/wp\/v2\/media\/709"}],"wp:attachment":[{"href":"https:\/\/monde25.info\/index.php\/wp-json\/wp\/v2\/media?parent=708"}],"wp:term":[{"taxonomy":"category","embeddable":true,"href":"https:\/\/monde25.info\/index.php\/wp-json\/wp\/v2\/categories?post=708"},{"taxonomy":"post_tag","embeddable":true,"href":"https:\/\/monde25.info\/index.php\/wp-json\/wp\/v2\/tags?post=708"}],"curies":[{"name":"wp","href":"https:\/\/api.w.org\/{rel}","templated":true}]}}