{"id":712,"date":"2024-11-23T03:02:44","date_gmt":"2024-11-23T02:02:44","guid":{"rendered":"https:\/\/monde25.info\/index.php\/2024\/11\/23\/agriculteurs-visite-tendue-darnaud-rousseau-a-agen-la-bataille-fnsea-cr-se-durcit\/"},"modified":"2024-11-23T03:02:44","modified_gmt":"2024-11-23T02:02:44","slug":"agriculteurs-visite-tendue-darnaud-rousseau-a-agen-la-bataille-fnsea-cr-se-durcit","status":"publish","type":"post","link":"https:\/\/monde25.info\/index.php\/2024\/11\/23\/agriculteurs-visite-tendue-darnaud-rousseau-a-agen-la-bataille-fnsea-cr-se-durcit\/","title":{"rendered":"Agriculteurs : visite tendue d&rsquo;Arnaud Rousseau \u00e0 Agen, la bataille FNSEA-CR se durcit"},"content":{"rendered":"<p> <br \/>\n<\/p>\n<div>\n<p><span data-contrast=\"auto\">Le d\u00e9placement du pr\u00e9sident de la FNSEA Arnaud Rousseau \u00e0 Agen (Lot-et-Garonne), fief de la Coordination rurale, a \u00e9t\u00e9 perturb\u00e9 vendredi par ce virulent syndicat concurrent, \u00e9pilogue d&rsquo;une semaine de mobilisation agricole qui lance la bataille des \u00e9lections professionnelles fin janvier.<\/span><span data-ccp-props=\"{&quot;134233117&quot;:false,&quot;134233118&quot;:false,&quot;335559738&quot;:300,&quot;335559739&quot;:180}\">\u00a0<\/span><\/p>\n<p><span data-contrast=\"auto\">La venue d&rsquo;Arnaud Rousseau pour le Congr\u00e8s national des producteurs de l\u00e9gumes s&rsquo;est heurt\u00e9e \u00e0 un accueil hostile de la part de la CR47 : une cinquantaine de militants s&rsquo;est rassembl\u00e9e \u00e0 la mi-journ\u00e9e face \u00e0 des CRS post\u00e9s devant les grilles du parc des expositions, o\u00f9 se trouvait le pr\u00e9fet du d\u00e9partement.<\/span><span data-ccp-props=\"{&quot;134233117&quot;:false,&quot;134233118&quot;:false,&quot;335559738&quot;:300,&quot;335559739&quot;:180}\">\u00a0<\/span><\/p>\n<p><span data-contrast=\"auto\">Dans une atmosph\u00e8re \u00e9lectrique, ils ont hu\u00e9 le patron de la FNSEA, syndicat agricole majoritaire au niveau national, le laissant rejoindre son v\u00e9hicule sous escorte polici\u00e8re.<\/span><span data-ccp-props=\"{&quot;134233117&quot;:false,&quot;134233118&quot;:false,&quot;335559738&quot;:300,&quot;335559739&quot;:180}\">\u00a0<\/span><\/p>\n<p><span data-contrast=\"auto\">\u00ab\u00a0Vous ne l&#8217;emp\u00eachez pas de sortir mais qu&rsquo;il voie bien qu&rsquo;en Lot-en-Garonne, on est chez nous\u00a0\u00bb, a lanc\u00e9 \u00e0 ses troupes Serge Bousquet-Cassagne, pr\u00e9sident (CR) de la chambre d&rsquo;agriculture du d\u00e9partement.<\/span><span data-ccp-props=\"{&quot;134233117&quot;:false,&quot;134233118&quot;:false,&quot;335559738&quot;:300,&quot;335559739&quot;:180}\">\u00a0<\/span><\/p>\n<p><span data-contrast=\"auto\">\u00ab\u00a0Les gars, on peut discuter mais pas comme \u00e7a\u00a0\u00bb, a r\u00e9agi Arnaud Rousseau avant de s&rsquo;engouffrer dans sa voiture.<\/span><span data-ccp-props=\"{&quot;134233117&quot;:false,&quot;134233118&quot;:false,&quot;335559738&quot;:300,&quot;335559739&quot;:180}\">\u00a0<\/span><\/p>\n<p><span data-contrast=\"auto\">Elle a d\u00e9marr\u00e9 en trombe et des militants ont essay\u00e9 de bloquer sa sortie du parking en d\u00e9pla\u00e7ant des chariots de supermarch\u00e9 et des tracteurs. Plusieurs entr\u00e9es de la zone commerciale avaient \u00e9t\u00e9 barr\u00e9es par des feux de d\u00e9chets, du lisier et des d\u00e9tritus.<\/span><span data-ccp-props=\"{&quot;134233117&quot;:false,&quot;134233118&quot;:false,&quot;335559738&quot;:300,&quot;335559739&quot;:180}\">\u00a0<\/span><\/p>\n<p><span data-contrast=\"none\" data-ccp-parastyle=\"heading 2\"><strong>&#8211; Accueil muscl\u00e9 &#8211;<\/strong><\/span><span data-ccp-props=\"{&quot;134233117&quot;:false,&quot;134233118&quot;:false,&quot;134245418&quot;:true,&quot;134245529&quot;:true,&quot;201341983&quot;:0,&quot;335559738&quot;:349,&quot;335559739&quot;:360,&quot;335559740&quot;:450}\">\u00a0<\/span><\/p>\n<p><span data-contrast=\"auto\">Cette confrontation intervient \u00e0 quelques semaines du scrutin visant \u00e0 \u00e9lire les chambres d&rsquo;agricultures d\u00e9partementales. La Coordination rurale, qui en pr\u00e9side trois actuellement, dont celle du Lot-et-Garonne depuis deux d\u00e9cennies, esp\u00e8re briser l&rsquo;h\u00e9g\u00e9monie de l&rsquo;alliance FNSEA-JA et ravir \u00ab\u00a015 \u00e0 20 chambres\u00a0\u00bb suppl\u00e9mentaires.<\/span><span data-ccp-props=\"{&quot;134233117&quot;:false,&quot;134233118&quot;:false,&quot;335559738&quot;:300,&quot;335559739&quot;:180}\">\u00a0<\/span><\/p>\n<p><span data-contrast=\"auto\">Jeudi soir, la FDSEA47 avait accus\u00e9 la Coordination rurale, textos \u00e0 l&rsquo;appui, de vouloir perturber la venue d&rsquo;Arnaud Rousseau.<\/span><span data-ccp-props=\"{&quot;134233117&quot;:false,&quot;134233118&quot;:false,&quot;335559738&quot;:300,&quot;335559739&quot;:180}\">\u00a0<\/span><\/p>\n<p><span data-contrast=\"auto\">Serge Bousquet-Cassagne r\u00e9clamait de son c\u00f4t\u00e9 un entretien avec le patron de la FNSEA, que ce dernier a refus\u00e9. \u00ab\u00a0Si (Arnaud) Rousseau parle, c&rsquo;est avec V\u00e9ronique Le Floc&rsquo;h (pr\u00e9sidente nationale de la CR, NDLR), c&rsquo;est tout\u00a0\u00bb, s&rsquo;est justifi\u00e9e la FDSEA47.<\/span><span data-ccp-props=\"{&quot;134233117&quot;:false,&quot;134233118&quot;:false,&quot;335559738&quot;:300,&quot;335559739&quot;:180}\">\u00a0<\/span><\/p>\n<p><span data-contrast=\"auto\">\u00ab\u00a0Il a pris peur, alors que notre intention n&rsquo;\u00e9tait absolument pas de le garder en otage\u00a0\u00bb, a r\u00e9pondu Serge Bousquet-Cassagne. \u00ab\u00a0Tant pis. Les paysans de France (&#8230;) auront compris qui les d\u00e9fend et qui ne les d\u00e9fend pas.\u00a0\u00bb<\/span><span data-ccp-props=\"{&quot;134233117&quot;:false,&quot;134233118&quot;:false,&quot;335559738&quot;:300,&quot;335559739&quot;:180}\">\u00a0<\/span><\/p>\n<p><span data-contrast=\"auto\">\u00ab\u00a0Apr\u00e8s la chasse \u00e0 (Marine) Tondelier, le tapis rouge \u00e0 (Jordan) Bardella, ils veulent la chasse \u00e0 Rousseau. C&rsquo;est \u00e7a, la d\u00e9mocratie ?\u00a0\u00bb, a r\u00e9agi aupr\u00e8s de l&rsquo;AFP Emilie Etcheverry, directrice de la FDSEA47.<\/span><span data-ccp-props=\"{&quot;134233117&quot;:false,&quot;134233118&quot;:false,&quot;335559738&quot;:300,&quot;335559739&quot;:180}\">\u00a0<\/span><\/p>\n<p><span data-contrast=\"auto\">Fin mars 2023, la Coordination rurale avait r\u00e9serv\u00e9 un accueil muscl\u00e9 \u00e0 la secr\u00e9taire nationale des \u00e9cologistes et le 10 novembre dernier, Serge Bousquet-Cassagne avait accueilli le pr\u00e9sident du Rassemblement National, en visite dans le d\u00e9partement, \u00ab\u00a0comme le messie\u00a0\u00bb.<\/span><span data-ccp-props=\"{&quot;134233117&quot;:false,&quot;134233118&quot;:false,&quot;335559738&quot;:300,&quot;335559739&quot;:180}\">\u00a0<\/span><\/p>\n<p><span data-contrast=\"none\" data-ccp-parastyle=\"heading 2\"><strong>&#8211; \u00ab\u00a0Chaos\u00a0\u00bb &#8211;<\/strong><\/span><span data-ccp-props=\"{&quot;134233117&quot;:false,&quot;134233118&quot;:false,&quot;134245418&quot;:true,&quot;134245529&quot;:true,&quot;201341983&quot;:0,&quot;335559738&quot;:349,&quot;335559739&quot;:360,&quot;335559740&quot;:450}\">\u00a0<\/span><\/p>\n<p><span data-contrast=\"auto\">Arnaud Rousseau a fustig\u00e9 le \u00ab\u00a0mode op\u00e9ratoire\u00a0\u00bb de gens \u00ab\u00a0qui veulent le chaos\u00a0\u00bb.<\/span><span data-ccp-props=\"{&quot;134233117&quot;:false,&quot;134233118&quot;:false,&quot;335559738&quot;:300,&quot;335559739&quot;:180}\">\u00a0<\/span><\/p>\n<p><span data-contrast=\"auto\">\u00ab\u00a0Pour (avoir des r\u00e9sultats), il faut travailler. Il faut travailler \u00e0 Bruxelles, \u00e0 Paris. Et il ne faut pas simplement utiliser l&rsquo;outil de communication\u00a0\u00bb, a-t-il d\u00e9clar\u00e9 \u00e0 la presse \u00e0 son arriv\u00e9e \u00e0 Agen.<\/span><span data-ccp-props=\"{&quot;134233117&quot;:false,&quot;134233118&quot;:false,&quot;335559738&quot;:300,&quot;335559739&quot;:180}\">\u00a0<\/span><\/p>\n<p><span data-contrast=\"auto\">La derni\u00e8re action d&rsquo;envergure men\u00e9e cette semaine par la CR, le blocage du port de commerce de Bordeaux, entam\u00e9 mercredi soir, s&rsquo;est achev\u00e9e vendredi matin.<\/span><span data-ccp-props=\"{&quot;134233117&quot;:false,&quot;134233118&quot;:false,&quot;335559738&quot;:300,&quot;335559739&quot;:180}\">\u00a0<\/span><\/p>\n<p><span data-contrast=\"auto\">Jos\u00e9 P\u00e9rez, copr\u00e9sident de la CR47, a estim\u00e9 que le Premier ministre Michel Barnier avait r\u00e9pondu aux revendications concernant la \u00ab\u00a0surtransposition\u00a0\u00bb des r\u00e8gles impos\u00e9es par l&rsquo;Union europ\u00e9enne, qui p\u00e9naliserait certaines fili\u00e8res.<\/span><span data-ccp-props=\"{&quot;134233117&quot;:false,&quot;134233118&quot;:false,&quot;335559738&quot;:300,&quot;335559739&quot;:180}\">\u00a0<\/span><\/p>\n<p><span data-contrast=\"auto\">La CR des Landes a d\u00e9bloqu\u00e9 \u00e9galement une centrale d&rsquo;achat Leclerc \u00e0 Mont-de-Marsan. Deux autres plateformes de la grande distribution restaient bloqu\u00e9es vendredi en Charente.<\/span><span data-ccp-props=\"{&quot;134233117&quot;:false,&quot;134233118&quot;:false,&quot;335559738&quot;:300,&quot;335559739&quot;:180}\">\u00a0<\/span><\/p>\n<p><span data-contrast=\"auto\">Selon les autorit\u00e9s, 335 agriculteurs avec 186 engins agricoles \u00e9taient mobilis\u00e9s \u00e0 la mi-journ\u00e9e dans sept d\u00e9partements, principalement dans le Sud-Ouest et le Sud.<\/span><span data-ccp-props=\"{&quot;134233117&quot;:false,&quot;134233118&quot;:false,&quot;335559738&quot;:300,&quot;335559739&quot;:180}\">\u00a0<\/span><\/p>\n<p><span data-contrast=\"auto\">Les prochaines manifestations, \u00e0 l&rsquo;appel de la FNSEA, doivent avoir lieu mardi, mercredi et jeudi prochains.<\/span><span data-ccp-props=\"{&quot;134233117&quot;:false,&quot;134233118&quot;:false,&quot;335559738&quot;:300,&quot;335559739&quot;:180}\">\u00a0<\/span><\/p>\n<p><span data-ccp-props=\"{}\">\u00a0<\/span><\/p>\n<\/div>\n<p><script>(function(d, s, id) {  var js, fjs = d.getElementsByTagName(s)[0];  if (d.getElementById(id)) return;  js = d.createElement(s); js.id = id;  js.src = \"\/\/connect.facebook.net\/fr_FR\/sdk.js#xfbml=1&version=v2.3\";  fjs.parentNode.insertBefore(js, fjs);}(document, \"script\", \"facebook-jssdk\"));<\/script><br \/>\n<br \/><br \/>\n<br \/><a href=\"https:\/\/www.francesoir.fr\/politique-france\/agriculteurs-visite-tendue-d-arnaud-rousseau-agen-la-bataille-fnsea-cr-se-durcit\" target=\"_blank\"\">Source link <\/a><\/p>\n","protected":false},"excerpt":{"rendered":"<p>Le d\u00e9placement du pr\u00e9sident de la FNSEA Arnaud Rousseau \u00e0 Agen (Lot-et-Garonne), fief de la Coordination rurale, a \u00e9t\u00e9 perturb\u00e9 vendredi par ce virulent syndicat concurrent, \u00e9pilogue d&rsquo;une semaine de&hellip; <\/p>\n","protected":false},"author":1,"featured_media":713,"comment_status":"open","ping_status":"open","sticky":false,"template":"","format":"standard","meta":{"footnotes":""},"categories":[1],"tags":[],"class_list":["post-712","post","type-post","status-publish","format-standard","has-post-thumbnail","hentry","category-non-classe"],"_links":{"self":[{"href":"https:\/\/monde25.info\/index.php\/wp-json\/wp\/v2\/posts\/712","targetHints":{"allow":["GET"]}}],"collection":[{"href":"https:\/\/monde25.info\/index.php\/wp-json\/wp\/v2\/posts"}],"about":[{"href":"https:\/\/monde25.info\/index.php\/wp-json\/wp\/v2\/types\/post"}],"author":[{"embeddable":true,"href":"https:\/\/monde25.info\/index.php\/wp-json\/wp\/v2\/users\/1"}],"replies":[{"embeddable":true,"href":"https:\/\/monde25.info\/index.php\/wp-json\/wp\/v2\/comments?post=712"}],"version-history":[{"count":0,"href":"https:\/\/monde25.info\/index.php\/wp-json\/wp\/v2\/posts\/712\/revisions"}],"wp:featuredmedia":[{"embeddable":true,"href":"https:\/\/monde25.info\/index.php\/wp-json\/wp\/v2\/media\/713"}],"wp:attachment":[{"href":"https:\/\/monde25.info\/index.php\/wp-json\/wp\/v2\/media?parent=712"}],"wp:term":[{"taxonomy":"category","embeddable":true,"href":"https:\/\/monde25.info\/index.php\/wp-json\/wp\/v2\/categories?post=712"},{"taxonomy":"post_tag","embeddable":true,"href":"https:\/\/monde25.info\/index.php\/wp-json\/wp\/v2\/tags?post=712"}],"curies":[{"name":"wp","href":"https:\/\/api.w.org\/{rel}","templated":true}]}}