{"id":716,"date":"2024-11-23T04:08:14","date_gmt":"2024-11-23T03:08:14","guid":{"rendered":"https:\/\/monde25.info\/index.php\/2024\/11\/23\/la-france-a-t-elle-perdu-le-marche-algerien-rt-en-francais\/"},"modified":"2024-11-23T04:08:14","modified_gmt":"2024-11-23T03:08:14","slug":"la-france-a-t-elle-perdu-le-marche-algerien-rt-en-francais","status":"publish","type":"post","link":"https:\/\/monde25.info\/index.php\/2024\/11\/23\/la-france-a-t-elle-perdu-le-marche-algerien-rt-en-francais\/","title":{"rendered":"la France a-t-elle \u00abperdu\u00bb le march\u00e9 alg\u00e9rien ? \u2014 RT en fran\u00e7ais"},"content":{"rendered":"<p> <br \/>\n<br \/><img decoding=\"async\" src=\"https:\/\/mf.b37mrtl.ru\/french\/images\/2024.11\/thumbnail\/6740bc516f7ccc17b25f4539.jpg\" \/><\/p>\n<div>\n<p class=\"text__summary\">\n                                        La France perd le march\u00e9 alg\u00e9rien du bl\u00e9 tendre sur fond de crise diplomatique entre Alger et Paris depuis juillet dernier, selon la presse alg\u00e9rienne. En 2023, les exportations fran\u00e7aises de c\u00e9r\u00e9ales vers l\u2019Alg\u00e9rie avaient d\u00e9j\u00e0 chut\u00e9 de 80%.\n                                    <\/p>\n<p>La crise diplomatique entre la France et l\u2019Alg\u00e9rie, provoqu\u00e9e fin juillet dernier par la reconnaissance par Emmanuel Macron de la souverainet\u00e9 marocaine sur le Sahara occidental aurait largement impact\u00e9 le commerce des c\u00e9r\u00e9ales entre Paris et Alger, \u00e0 en croire la presse alg\u00e9rienne.<\/p>\n<p>\u00abLa France a perdu le march\u00e9 alg\u00e9rien du bl\u00e9 tendre\u00bb, \u00e9crit dans ce sens le quotidien Al Watan le 21 novembre, citant des responsables de l\u2019\u00c9tablissement public fran\u00e7ais des produits de l\u2019agriculture et de la mer, FranceAgriMer.<\/p>\n<p>Il y a quelques semaines, \u00abun appel d\u2019offres n\u2019a pas \u00e9t\u00e9 envoy\u00e9 aux op\u00e9rateurs fran\u00e7ais\u00bb, a not\u00e9 Beno\u00eet Pi\u00e8trement, pr\u00e9sident du conseil sp\u00e9cialis\u00e9 \u00abgrandes cultures\u00bb de FranceAgriMer, cit\u00e9 par le journal. Selon lui, \u00abdes raisons diplomatiques font que les relations avec l\u2019Alg\u00e9rie sont plus que compliqu\u00e9es\u00bb.<\/p>\n<p>\u00a0\u00abPour des raisons ind\u00e9pendantes de tout ce qui concerne les c\u00e9r\u00e9ales, les relations diplomatiques avec la France sont compliqu\u00e9es (\u2026). Voil\u00e0, on a perdu ce march\u00e9\u2026\u00bb, regrette le repr\u00e9sentant de FranceAgriMer, pour qui, il y a n\u00e9cessit\u00e9 de se positionner sur d\u2019autres march\u00e9s de la r\u00e9gion, tout en restant optimiste sur la reprise des ventes de c\u00e9r\u00e9ales \u00e0 l\u2019Alg\u00e9rie.<\/p>\n<p>\u00abIl faut voir dans le temps : il y a quelques ann\u00e9es, c\u2019\u00e9tait compliqu\u00e9 pour d\u2019autres raisons avec le Maroc, et les relations sont redevenues tr\u00e8s bonnes\u2026 Il ne faut certainement pas l\u00e2cher \u00bb, a-t-il notamment d\u00e9clar\u00e9.<\/p>\n<h4><strong>Potentielle escalade\u00a0?<\/strong><\/h4>\n<p>D\u00e9but octobre, l\u2019Alg\u00e9rie avait en effet exclu le bl\u00e9 fran\u00e7ais d\u2019un important appel d\u2019offres qu\u2019elle venait de lancer pour l\u2019acquisition de 500 000 tonnes de c\u00e9r\u00e9ales, alimentant les sp\u00e9culations autour d\u2019une potentielle escalade de mesures restrictives au commerce avec la France.<\/p>\n<p>Le 7 novembre, le gouvernement alg\u00e9rien avait d\u00e9menti \u00abcat\u00e9goriquement\u00bb les informations \u00aberron\u00e9es\u00bb et \u00abtotalement infond\u00e9es\u00bb selon lesquelles Alger aurait suspendu toute relation commerciale avec Paris dans un contexte de crise diplomatique entre les deux pays.<\/p>\n<p>La veille, l\u2019ancien ambassadeur de France \u00e0 Alger, Xavier Driencourt, avait all\u00e9gu\u00e9 que les banques alg\u00e9riennes avaient suspendu le traitement des domiciliations d\u2019importation en provenance de France ainsi que les op\u00e9rations d\u2019export vers ce pays.<\/p>\n<p>L\u2019incident intervient alors que la reconnaissance par Emmanuel Macron de la souverainet\u00e9 marocaine sur le Sahara occidental le 30 juillet dernier avait provoqu\u00e9 une crise diplomatique d\u2019ampleur entre Paris et Alger, dont les relations sont d\u00e9j\u00e0 tendues.<\/p>\n<p>L\u2019Alg\u00e9rie avait retir\u00e9 dans la foul\u00e9e son ambassadeur en France \u00abavec effet imm\u00e9diat\u00bb et le chef d\u2019\u00c9tat Abdelmadjid Tebboune avait rejet\u00e9 l\u2019id\u00e9e d\u2019une visite en France, pourtant \u00abattendue cet automne\u00bb selon l&rsquo;\u00c9lys\u00e9e.<\/p>\n<h4><strong>Chute \u00abspectaculaire\u00bb<\/strong><\/h4>\n<p>Avant m\u00eame le d\u00e9but de cette derni\u00e8re crise, les exportations de bl\u00e9 fran\u00e7ais vers l\u2019Alg\u00e9rie ont baiss\u00e9 de mani\u00e8re significative ces derni\u00e8res ann\u00e9es, sur fond de refroidissements r\u00e9guliers dans les relations entre les deux pays.<\/p>\n<p>En mars dernier, les m\u00e9dias alg\u00e9riens et fran\u00e7ais avaient largement relay\u00e9 un rapport des Douanes fran\u00e7aises faisant \u00e9tat d\u2019une chute \u00abspectaculaire\u00bb des exportations fran\u00e7aises de c\u00e9r\u00e9ales vers l\u2019Alg\u00e9rie en 2023.<\/p>\n<p>\u00abPrincipale composante du poste agricole depuis 2003, les c\u00e9r\u00e9ales ont notamment vu leurs ventes reculer de 80%, passant de 834 millions d\u2019euros en 2022 \u00e0 166 millions d\u2019euros en 2023\u00bb, notait le rapport, soulignant que ce march\u00e9 \u00e9tait un \u00absecteur traditionnellement important des ventes fran\u00e7aises\u00bb.<\/p>\n<p>La m\u00eame source soulignait que cette trajectoire s\u2019expliquait par \u00abl\u2019entr\u00e9e sur le march\u00e9 des bl\u00e9s de la mer Noire, russes en particulier, \u00e0 la suite d\u2019une modification fin 2021 du cadre normatif et technique r\u00e9gissant les importations de l\u2019acheteur public (OAIC, ndlr) disposant du monopole des achats de bl\u00e9\u00bb.<\/p>\n<p>Entre juillet 2023 et janvier 2024, l\u2019Alg\u00e9rie a import\u00e9 1,6 million de tonnes de bl\u00e9 de Russie, selon le site Alg\u00e9rie \u00c9co. \u00abLa Russie s\u2019est hiss\u00e9e au rang de premier fournisseur de bl\u00e9 pour l\u2019Alg\u00e9rie\u00bb, s\u2019est f\u00e9licit\u00e9 Rusagrotrans, le principal transitaire agricole russe, le 12 f\u00e9vrier dernier.<\/p>\n<\/div>\n<p><br \/>\n<br \/><a href=\"https:\/\/francais.rt.com\/france\/114896-cereales-france-a-t-elle-perdu-marche-algerien\" target=\"_blank\"\">Source link <\/a><\/p>\n","protected":false},"excerpt":{"rendered":"<p>La France perd le march\u00e9 alg\u00e9rien du bl\u00e9 tendre sur fond de crise diplomatique entre Alger et Paris depuis juillet dernier, selon la presse alg\u00e9rienne. En 2023, les exportations fran\u00e7aises&hellip; <\/p>\n","protected":false},"author":1,"featured_media":717,"comment_status":"open","ping_status":"open","sticky":false,"template":"","format":"standard","meta":{"footnotes":""},"categories":[1],"tags":[],"class_list":["post-716","post","type-post","status-publish","format-standard","has-post-thumbnail","hentry","category-non-classe"],"_links":{"self":[{"href":"https:\/\/monde25.info\/index.php\/wp-json\/wp\/v2\/posts\/716","targetHints":{"allow":["GET"]}}],"collection":[{"href":"https:\/\/monde25.info\/index.php\/wp-json\/wp\/v2\/posts"}],"about":[{"href":"https:\/\/monde25.info\/index.php\/wp-json\/wp\/v2\/types\/post"}],"author":[{"embeddable":true,"href":"https:\/\/monde25.info\/index.php\/wp-json\/wp\/v2\/users\/1"}],"replies":[{"embeddable":true,"href":"https:\/\/monde25.info\/index.php\/wp-json\/wp\/v2\/comments?post=716"}],"version-history":[{"count":0,"href":"https:\/\/monde25.info\/index.php\/wp-json\/wp\/v2\/posts\/716\/revisions"}],"wp:featuredmedia":[{"embeddable":true,"href":"https:\/\/monde25.info\/index.php\/wp-json\/wp\/v2\/media\/717"}],"wp:attachment":[{"href":"https:\/\/monde25.info\/index.php\/wp-json\/wp\/v2\/media?parent=716"}],"wp:term":[{"taxonomy":"category","embeddable":true,"href":"https:\/\/monde25.info\/index.php\/wp-json\/wp\/v2\/categories?post=716"},{"taxonomy":"post_tag","embeddable":true,"href":"https:\/\/monde25.info\/index.php\/wp-json\/wp\/v2\/tags?post=716"}],"curies":[{"name":"wp","href":"https:\/\/api.w.org\/{rel}","templated":true}]}}