{"id":73,"date":"2024-11-14T08:46:07","date_gmt":"2024-11-14T07:46:07","guid":{"rendered":"https:\/\/monde25.info\/index.php\/2024\/11\/14\/quand-la-renovation-urbaine-est-antisociale\/"},"modified":"2024-11-14T08:46:07","modified_gmt":"2024-11-14T07:46:07","slug":"quand-la-renovation-urbaine-est-antisociale","status":"publish","type":"post","link":"https:\/\/monde25.info\/index.php\/2024\/11\/14\/quand-la-renovation-urbaine-est-antisociale\/","title":{"rendered":"quand la r\u00e9novation urbaine est antisociale"},"content":{"rendered":"<p> <br \/>\n<\/p>\n<div>\n<p class=\"indication_lieu\">Roubaix (Nord), reportage<\/p>\n<p>\u00c0 quelques encablures de la gare de Roubaix, Florian Vertriest, 30 ans, fait visiter la place de la Grand-M\u00e8re, situ\u00e9e dans le quartier de l\u2019Alma\u00a0: avec ses coursives et son architecture unique, l\u2019endroit a du cachet. Il n\u2019y a pas si longtemps, la place de la Grand-M\u00e8re portait encore bien son nom du fait de la pr\u00e9sence d\u2019un foyer interg\u00e9n\u00e9rationnel abritant de nombreuses femmes de <i>\u00ab<small class=\"fine d-inline\">\u00a0<\/small>chibanis<small class=\"fine d-inline\">\u00a0<\/small>\u00bb<\/i>, ces travailleurs maghr\u00e9bins arriv\u00e9s en France apr\u00e8s la Seconde Guerre mondiale. Un r\u00e9seau d\u2019entraide solide s\u2019y \u00e9tait d\u00e9velopp\u00e9<small class=\"fine d-inline\">\u00a0<\/small>; mais au nom d\u2019un projet de r\u00e9novation urbaine, le foyer est promis \u00e0 la destruction, comme 486\u00a0autres b\u00e2timents du quartier, qui ne seront pas reconstruits.<\/p>\n<p>Relog\u00e9es dans un nouveau foyer, ces personnes \u00e2g\u00e9es ont mal v\u00e9cu la rupture. <i>\u00ab<small class=\"fine d-inline\">\u00a0<\/small>En six mois, on en a perdu trois, dont celle qui avait la meilleure sant\u00e9<\/i>, dit Florian Vertriest, la voix tremblante d\u2019\u00e9motion. <i>Il y a des grands-m\u00e8res qui se perdent dans la ville.<small class=\"fine d-inline\">\u00a0<\/small>\u00bb<\/i> Pour le Roubaisien, cette situation est un exemple, parmi des dizaines, des torts qu\u2019il attribue au projet d\u2019urbanisme. <i>\u00ab<small class=\"fine d-inline\">\u00a0<\/small>Cette r\u00e9novation urbaine est un g\u00e2chis social, un g\u00e2chis environnemental, un g\u00e2chis \u00e9conomique.<small class=\"fine d-inline\">\u00a0<\/small>\u00bb<\/i><\/p>\n<div class=\"spip_document_86066 spip_document spip_documents spip_document_image spip_documents_center spip_document_center spip_document_avec_legende\" data-legende-len=\"116\" data-legende-lenx=\"xx\">\n<figure class=\"spip_doc_inner\">\n      <picture><source type=\"image\/webp\" srcset=\"https:\/\/reporterre.net\/local\/cache-vignettes\/L1050xH700\/hl_sdubromel_alma-26-ed29d.jpg@.webp?1731420029\"><img decoding=\"async\" src=\"https:\/\/reporterre.net\/IMG\/jpg\/hl_sdubromel_alma-26.jpg\" width=\"1200\" height=\"800\" loading=\"lazy\" alt=\"\"\/><br \/>\n    <\/source><\/picture><figcaption class=\"spip_doc_legende\">\n<p>Construit entre les ann\u00e9es 1970-1980, le quartier \u00e9tait un mod\u00e8le d\u2019architecture.<br \/>\n<i>\u00a9 St\u00e9phane Dubromel \/ Reporterre<\/i><\/p>\n<\/figcaption><\/figure>\n<\/p><\/div>\n<p>N\u00e9 dans les ann\u00e9es 1970-1980, le quartier de l\u2019Alma, peupl\u00e9 de 6\u00a0800\u00a0habitants, est aujourd\u2019hui l\u2019un des plus d\u00e9grad\u00e9s et d\u00e9favoris\u00e9s de Roubaix \u2014 elle-m\u00eame l\u2019une des villes les plus pauvres de France. Le quartier est l\u2019objet d\u2019un <a target=\"_blank\" href=\"https:\/\/www.lillemetropole.fr\/renouvellement-urbain-quartiers-de-lalma-de-lepeule-du-pile-et-des-trois-ponts-roubaix\" class=\"spip_out\" rel=\"external\">projet de r\u00e9novation urbaine<\/a> lanc\u00e9 il y a une dizaine d\u2019ann\u00e9es. Au menu, la d\u00e9molition de 486\u00a0b\u00e2timents (34\u00a0\u00e0\u00a037<small class=\"fine d-inline\">\u00a0<\/small>% du quartier), mais aussi la r\u00e9habilitation de 392\u00a0logements. Le tout pour un montant total de 133\u00a0millions d\u2019euros \u2014 dont 45\u00a0millions financ\u00e9s par la m\u00e9tropole europ\u00e9enne de Lille (<span class=\"caps\">MEL<\/span>) et 39 millions pour l\u2019Agence nationale pour la r\u00e9novation urbaine (Anru).<\/p>\n<p>Or, le projet conna\u00eet une contestation grandissante depuis 2021. D\u00e9non\u00e7ant la verticalit\u00e9 du processus de d\u00e9cision, Florian Vertriest, enfant de l\u2019Alma, est devenu pr\u00e9sident du collectif contre les d\u00e9molitions \u00e0 l\u2019Alma-Gare. En 2023, un r\u00e9f\u00e9r\u00e9-suspension a \u00e9t\u00e9 d\u00e9pos\u00e9 par le collectif devant le tribunal administratif pour stopper les travaux. Sans succ\u00e8s.<\/p>\n<div class=\"spip_document_86059 spip_document spip_documents spip_document_image spip_documents_center spip_document_center spip_document_avec_legende\" data-legende-len=\"136\" data-legende-lenx=\"xxx\">\n<figure class=\"spip_doc_inner\">\n      <picture><source type=\"image\/webp\" srcset=\"https:\/\/reporterre.net\/local\/cache-vignettes\/L1050xH700\/hl_sdubromel_alma-18-4897c.jpg@.webp?1731420029\"><img decoding=\"async\" src=\"https:\/\/reporterre.net\/IMG\/jpg\/hl_sdubromel_alma-18.jpg\" width=\"1200\" height=\"800\" loading=\"lazy\" alt=\"\"\/><br \/>\n    <\/source><\/picture><figcaption class=\"spip_doc_legende\">\n<p>Florian Vertriest, membre fondateur du collectif Non \u00e0 la d\u00e9molition dans le quartier de l\u2019Alma-Gare.<br \/>\n<i>\u00a9 St\u00e9phane Dubromel \/ Reporterre<\/i><\/p>\n<\/figcaption><\/figure>\n<\/p><\/div>\n<h2 class=\"spip\">Une \u00ab<small class=\"fine d-inline\">\u00a0<\/small>strat\u00e9gie du pourrissement<small class=\"fine d-inline\">\u00a0<\/small>\u00bb<\/h2>\n<p>Constitu\u00e9 d\u2019habitants, mais aussi de sociologues et d\u2019urbanistes, le collectif reproche aux acteurs \u2014 mairie, m\u00e9tropole, Anru \u2014 d\u2019avoir mis aux oubliettes le principe de <i>\u00ab<small class=\"fine d-inline\">\u00a0<\/small>coconstruction<small class=\"fine d-inline\">\u00a0<\/small>\u00bb<\/i>. <i>\u00ab<small class=\"fine d-inline\">\u00a0<\/small>S\u2019il y avait eu de la discussion, le projet aurait ressembl\u00e9 au souhait des habitants<\/i>, dit Florian Vertriest. <i>L\u00e0, il y a eu du m\u00e9pris et des r\u00e9unions d\u2019information descendantes.<small class=\"fine d-inline\">\u00a0<\/small>\u00bb<\/i> Le pr\u00e9sident du collectif insiste sur le manque d\u2019information des habitants, et \u00e9voque notamment une r\u00e9union en visioconf\u00e9rence, alors que de nombreux habitants du quartier sont touch\u00e9s par la <i>\u00ab<small class=\"fine d-inline\">\u00a0<\/small>fracture num\u00e9rique<small class=\"fine d-inline\">\u00a0<\/small>\u00bb<\/i>.<\/p>\n<p>Le but affich\u00e9 des nombreuses destructions est de r\u00e9duire la densification du quartier. Pour les opposants, l\u2019objectif non avou\u00e9 des promoteurs du projet est le changement de population\u00a0: faire le vide dans le quartier, et attendre qu\u2019il redevienne attractif. <i>\u00ab<small class=\"fine d-inline\">\u00a0<\/small>On veut faire partir les gens \u00e0 tout prix\u00a0: c\u2019est la strat\u00e9gie du pourrissement<\/i>, estime Julien Talpin, sociologue, chercheur au Centre national de la recherche scientifique (<span class=\"caps\">CNRS<\/span>) et sp\u00e9cialiste de Roubaix. <i>Les habitants de l\u2019Alma le subissent de plein fouet. Le quartier a \u00e9t\u00e9 laiss\u00e9 \u00e0 l\u2019abandon depuis des ann\u00e9es pour justifier tout cela, c\u2019est une strat\u00e9gie pour produire du consentement, pour que les gens acceptent de partir.<small class=\"fine d-inline\">\u00a0<\/small>\u00bb<\/i><\/p>\n<p>De son c\u00f4t\u00e9, le d\u00e9put\u00e9 La France insoumise (<span class=\"caps\">LFI<\/span>) de la circonscription, David Guiraud, soutien affich\u00e9 du collectif et candidat \u00e0 la mairie de Roubaix, d\u00e9nonce l\u2019aspect <i>\u00ab<small class=\"fine d-inline\">\u00a0<\/small>s\u00e9curitaire<small class=\"fine d-inline\">\u00a0<\/small>\u00bb<\/i> du projet. <i>\u00ab<small class=\"fine d-inline\">\u00a0<\/small>On veut mettre les habitants ailleurs. Cette mani\u00e8re de concevoir la r\u00e9novation urbaine est antisociale.<small class=\"fine d-inline\">\u00a0<\/small>\u00bb<\/i><\/p>\n<div class=\"spip_document_86065 spip_document spip_documents spip_document_image spip_documents_center spip_document_center spip_document_avec_legende\" data-legende-len=\"76\" data-legende-lenx=\"xx\">\n<figure class=\"spip_doc_inner\">\n      <picture><source type=\"image\/webp\" srcset=\"https:\/\/reporterre.net\/local\/cache-vignettes\/L1050xH700\/hl_sdubromel_alma-27-32d60.jpg@.webp?1731420030\"><img decoding=\"async\" src=\"https:\/\/reporterre.net\/IMG\/jpg\/hl_sdubromel_alma-27.jpg\" width=\"1200\" height=\"800\" loading=\"lazy\" alt=\"\"\/><br \/>\n    <\/source><\/picture><figcaption class=\"spip_doc_legende\">\n<p>Dans le hall d\u2019un immeuble encore occup\u00e9.<br \/>\n<i>\u00a9 St\u00e9phane Dubromel \/ Reporterre<\/i><\/p>\n<\/figcaption><\/figure>\n<\/p><\/div>\n<p>Des contre-propositions sont n\u00e9es d\u2019un travail men\u00e9 par le collectif. Une place importante y est accord\u00e9e \u00e0 la culture, et surtout \u00e0 l\u2019\u00e9cologie. P\u00eale-m\u00eale, les propositions sugg\u00e8rent l\u2019installation de pompes \u00e0 chaleur, de la v\u00e9g\u00e9talisation, et surtout le respect de l\u2019esprit originel du quartier de l\u2019Alma, un quartier pi\u00e9ton, accessible aux personnes \u00e0 mobilit\u00e9 r\u00e9duite et port\u00e9 sur les mobilit\u00e9s douces. <i>\u00ab<small class=\"fine d-inline\">\u00a0<\/small>Notre projet alternatif s\u2019oriente vers des \u00eelots 100<small class=\"fine d-inline\">\u00a0<\/small>% pi\u00e9tons. Dans nos propositions, des \u00eelots n\u2019ont plus aucun v\u00e9hicule en surface<small class=\"fine d-inline\">\u00a0<\/small>\u00bb<\/i>, explique Florian Vertriest.<\/p>\n<p>Enfin, m\u00eame si beaucoup d\u2019immeubles sont dans un piteux \u00e9tat, le collectif veut conserver une partie des logements de bonne qualit\u00e9. <i>\u00ab<small class=\"fine d-inline\">\u00a0<\/small>On ne conteste pas tout<\/i>, affirme Florian Vertriest. <i>Sur 486 d\u00e9molitions, on en conteste 249. Par contre, des b\u00e2timents historiques r\u00e9sultent de la lutte des ann\u00e9es 1970-1980, ils sont un patrimoine mat\u00e9riel et immat\u00e9riel qu\u2019on serait incapables de reconstruire dans sa qualit\u00e9.<small class=\"fine d-inline\">\u00a0<\/small>\u00bb <\/i><\/p>\n<div class=\"spip_document_86057 spip_document spip_documents spip_document_image spip_documents_center spip_document_center spip_document_avec_legende\" data-legende-len=\"86\" data-legende-lenx=\"xx\">\n<figure class=\"spip_doc_inner\">\n      <picture><source type=\"image\/webp\" srcset=\"https:\/\/reporterre.net\/local\/cache-vignettes\/L1050xH700\/hl_sdubromel_alma-21-bf50a.jpg@.webp?1731420030\"><img decoding=\"async\" src=\"https:\/\/reporterre.net\/IMG\/jpg\/hl_sdubromel_alma-21.jpg\" width=\"1200\" height=\"800\" loading=\"lazy\" alt=\"\"\/><br \/>\n    <\/source><\/picture><figcaption class=\"spip_doc_legende\">\n<p>Le plan guide du quartier propos\u00e9 par le collectif.<br \/>\n<i>\u00a9 St\u00e9phane Dubromel \/ Reporterre<\/i><\/p>\n<\/figcaption><\/figure>\n<\/p><\/div>\n<h2 class=\"spip\">Un \u00ab<small class=\"fine d-inline\">\u00a0<\/small>choc paysager<small class=\"fine d-inline\">\u00a0<\/small>\u00bb plut\u00f4t que des \u00ab<small class=\"fine d-inline\">\u00a0<\/small>d\u00e9molitions<small class=\"fine d-inline\">\u00a0<\/small>\u00bb<\/h2>\n<p>Pour la mairie, le projet est lanc\u00e9, et doit aller de l\u2019avant. <i>\u00ab<small class=\"fine d-inline\">\u00a0<\/small>Quand j\u2019\u00e9coute certaines critiques, j\u2019en suis \u00e0 me demander s\u2019ils sont convaincus qu\u2019il faut de la r\u00e9novation urbaine\u00a0<\/i><small class=\"fine d-inline\">\u00a0<\/small>\u00bb, dit le maire (divers droite), Guillaume Delbar. Selon lui, le but de cette r\u00e9novation urbaine \u2014 392 logements seront r\u00e9habilit\u00e9s \u2014 est de rendre au quartier une certaine attractivit\u00e9, et \u00e0 d\u00e9densifier <i>\u00ab<small class=\"fine d-inline\">\u00a0<\/small>la quatri\u00e8me ville la plus dense de France<small class=\"fine d-inline\">\u00a0<\/small>\u00bb<\/i>.<\/p>\n<p>Nicolas Deslandre, directeur des grands projets urbains \u00e0 la mairie de Roubaix, d\u00e9fend le principe social du projet\u00a0: <i>\u00ab<small class=\"fine d-inline\">\u00a0<\/small>Un logement social d\u00e9moli, c\u2019est un logement social reconstruit.<small class=\"fine d-inline\">\u00a0<\/small>\u00bb<\/i> Mais pas dans le quartier, ce qu\u2019il  justifie ainsi\u00a0: <i>\u00ab<small class=\"fine d-inline\">\u00a0<\/small>Il y a un r\u00e9\u00e9quilibrage n\u00e9cessaire des logements sociaux sur la m\u00e9tropole [de Lille], en particulier sur les communes qui ne respectent pas la loi <span class=\"caps\">SRU<\/span> [relative \u00e0 la solidarit\u00e9 et au renouvellement urbains]. La reconstruction, vous ne la retrouverez pas sur site<small class=\"fine d-inline\">\u00a0<\/small>\u00bb<\/i>, dit-il.<\/p>\n<div class=\"spip_document_86067 spip_document spip_documents spip_document_image spip_documents_center spip_document_center spip_document_avec_legende\" data-legende-len=\"76\" data-legende-lenx=\"xx\">\n<figure class=\"spip_doc_inner\">\n      <picture><source type=\"image\/webp\" srcset=\"https:\/\/reporterre.net\/local\/cache-vignettes\/L1050xH700\/hl_sdubromel_alma-24-9d505.jpg@.webp?1731420030\"><img decoding=\"async\" src=\"https:\/\/reporterre.net\/IMG\/jpg\/hl_sdubromel_alma-24.jpg\" width=\"1200\" height=\"800\" loading=\"lazy\" alt=\"\"\/><br \/>\n    <\/source><\/picture><figcaption class=\"spip_doc_legende\">\n<p>486 b\u00e2timents du quartier seront d\u00e9molis.<br \/>\n<i>\u00a9 St\u00e9phane Dubromel \/ Reporterre<\/i><\/p>\n<\/figcaption><\/figure>\n<\/p><\/div>\n<p>La municipalit\u00e9 d\u00e9fend aussi le volet \u00e9cologique du projet\u00a0: pour elle, r\u00e9duire la densification du quartier permettra une meilleure gestion de l\u2019eau et un meilleur am\u00e9nagement des \u00eelots de fra\u00eecheur. L\u2019embl\u00e9matique place de la Grand-M\u00e8re sera v\u00e9g\u00e9talis\u00e9e, un choix justifi\u00e9 pour <i>\u00ab<small class=\"fine d-inline\">\u00a0<\/small>retrouver un environnement paisible et attractif<small class=\"fine d-inline\">\u00a0<\/small>\u00bb<\/i>, dit Nicolas Deslandre, pr\u00e9f\u00e9rant le terme <i>\u00ab<small class=\"fine d-inline\">\u00a0<\/small>d\u2019am\u00e9nagement<small class=\"fine d-inline\">\u00a0<\/small>\u00bb<\/i> ou de <i>\u00ab<small class=\"fine d-inline\">\u00a0<\/small>choc paysager<small class=\"fine d-inline\">\u00a0<\/small>\u00bb<\/i> \u00e0 celui de <i>\u00ab<small class=\"fine d-inline\">\u00a0<\/small>d\u00e9molition<small class=\"fine d-inline\">\u00a0<\/small>\u00bb<\/i>. <i>\u00ab<small class=\"fine d-inline\">\u00a0<\/small>Si on fait de la r\u00e9novation thermique sur des logements sans am\u00e9nager les \u00eelots de chaleur, cela ne sert \u00e0 rien de r\u00e9nover. L\u2019\u00e9t\u00e9, la place de la Grand-M\u00e8re est une fournaise.<small class=\"fine d-inline\">\u00a0<\/small>\u00bb<\/i><\/p>\n<blockquote class=\"spip\">\n<p>\u00ab<small class=\"fine d-inline\">\u00a0<\/small>Si l\u2019on ne se met pas autour d\u2019une table, <br class=\"manualbr\"\/>\u00e7a finira mal<small class=\"fine d-inline\">\u00a0<\/small>\u00bb<\/p>\n<\/blockquote>\n<p>Le maire, Guillaume Delbar, d\u00e9ment les accusations de verticalit\u00e9\u00a0: <i>\u00ab<small class=\"fine d-inline\">\u00a0<\/small>On est la ville o\u00f9 il y a eu le plus de concertations<small class=\"fine d-inline\">\u00a0<\/small>\u00bb<\/i>, affirme-t-il. Il dit rester ouvert \u00e0 des n\u00e9gociations sur l\u2019am\u00e9nagement, mais il ne touchera pas aux grandes lignes. <i>\u00ab<small class=\"fine d-inline\">\u00a0<\/small>Le cadre a \u00e9t\u00e9 contractualis\u00e9 apr\u00e8s des discussions. Le cadre n\u2019\u00e9voluera pas.<small class=\"fine d-inline\">\u00a0<\/small>\u00bb<\/i> Le premier \u00e9dile affirme ne pas avoir re\u00e7u les propositions alternatives du collectif, ce que conteste ce dernier.<\/p>\n<h2 class=\"spip\">Un \u00ab<small class=\"fine d-inline\">\u00a0<\/small>mur de la honte<small class=\"fine d-inline\">\u00a0<\/small>\u00bb et des drones<\/h2>\n<p>Depuis 2023, la situation est tr\u00e8s tendue \u00e0 l\u2019Alma. Au milieu du quartier, rue Archim\u00e8de, un mur de 3\u00a0m\u00e8tres de haut prot\u00e8ge un chantier de d\u00e9molition surveill\u00e9 par des drones. Le chantier, attaqu\u00e9 en fin d\u2019ann\u00e9e derni\u00e8re, a \u00e9t\u00e9 stopp\u00e9 pendant des mois puisqu\u2019il \u00e9tait impossible de poursuivre les op\u00e9rations sans une protection polici\u00e8re.<\/p>\n<p>Lorsque le bruit de la reprise imminente du chantier a couru, d\u00e9but novembre, le <i>\u00ab<small class=\"fine d-inline\">\u00a0<\/small>mur<small class=\"fine d-inline\">\u00a0<\/small>\u00bb<\/i> a \u00e9t\u00e9 abattu par des inconnus \u2014 avant d\u2019\u00eatre relev\u00e9 \u2014 et d\u2019importants renforts policiers sont arriv\u00e9s\u00a0: des <span class=\"caps\">CRS<\/span> pratiquant des fouilles sur les habitants, barricadant les rues et se postant sur les toits. <i>\u00ab<small class=\"fine d-inline\">\u00a0<\/small>Si l\u2019on ne se met pas autour d\u2019une table, \u00e7a finira mal<\/i>, certifie Florian Vertriest. <i>\u00c0 partir du moment o\u00f9 l\u2019on doit d\u00e9ployer des hommes pour prot\u00e9ger des murs, \u00e7a ne peut que finir mal. Notre crainte, c\u2019est que \u00e7a finisse par un affrontement.<small class=\"fine d-inline\">\u00a0<\/small>\u00bb<\/i><\/p>\n<div class=\"spip_document_86062 spip_document spip_documents spip_document_image spip_documents_center spip_document_center spip_document_avec_legende\" data-legende-len=\"105\" data-legende-lenx=\"xx\">\n<figure class=\"spip_doc_inner\">\n      <picture><source type=\"image\/webp\" srcset=\"https:\/\/reporterre.net\/local\/cache-vignettes\/L1050xH700\/hl_sdubromel_alma-12-614b2.jpg@.webp?1731420030\"><img decoding=\"async\" src=\"https:\/\/reporterre.net\/IMG\/jpg\/hl_sdubromel_alma-12.jpg\" width=\"1200\" height=\"800\" loading=\"lazy\" alt=\"\"\/><br \/>\n    <\/source><\/picture><figcaption class=\"spip_doc_legende\">\n<p>Le \u00ab<small class=\"fine d-inline\">\u00a0<\/small><small class=\"fine d-inline\">\u00a0<\/small>mur de la honte<small class=\"fine d-inline\">\u00a0<\/small><small class=\"fine d-inline\">\u00a0<\/small>\u00bb, \u00e9rig\u00e9 pour prot\u00e9ger les travaux de d\u00e9molition.<br \/>\n<i>\u00a9 St\u00e9phane Dubromel \/ Reporterre<\/i><\/p>\n<\/figcaption><\/figure>\n<\/p><\/div>\n<p>Lorsque les habitants ont appris au d\u00e9but de l\u2019automne \u2014 par des personnes bien inform\u00e9es \u2014 que ce chantier de d\u00e9molition n\u00e9cessitait des coupures d\u2019eau chaude et d\u2019\u00e9lectricit\u00e9 pour des raisons techniques, leur col\u00e8re s\u2019est amplifi\u00e9e. Une banderole comportant le message <i>\u00ab<small class=\"fine d-inline\">\u00a0<\/small>Monsieur le maire a choisi\u00a0: d\u00e9molir, plut\u00f4t que nous chauffer<small class=\"fine d-inline\">\u00a0<\/small>\u00bb<\/i> a \u00e9t\u00e9 d\u00e9ploy\u00e9e le 10\u00a0octobre dernier au conseil municipal, au cours d\u2019un \u00e9pisode qui aura fait <a target=\"_blank\" href=\"#1\" class=\"spip_ancre\">couler beaucoup d\u2019encre et attis\u00e9 les tensions<\/a>.<\/p>\n<p><i>\u00ab<small class=\"fine d-inline\">\u00a0<\/small>M\u00eame des gens qui ne prenaient pas parti se retrouvent aujourd\u2019hui contre le projet. Les personnes priv\u00e9es de chauffage et d\u2019eau chaude, autant vous dire qu\u2019elles sont sacr\u00e9ment \u00e9nerv\u00e9es<small class=\"fine d-inline\">\u00a0<\/small>\u00bb<\/i>, dit un habitant plut\u00f4t \u00e2g\u00e9, lors d\u2019une r\u00e9union d\u2019habitants, le 3\u00a0novembre.<\/p>\n<div class=\"spip_document_86061 spip_document spip_documents spip_document_image spip_documents_center spip_document_center spip_document_avec_legende\" data-legende-len=\"119\" data-legende-lenx=\"xx\">\n<figure class=\"spip_doc_inner\">\n      <picture><source type=\"image\/webp\" srcset=\"https:\/\/reporterre.net\/local\/cache-vignettes\/L1050xH700\/hl_sdubromel_alma-15-97b7d.jpg@.webp?1731420031\"><img decoding=\"async\" src=\"https:\/\/reporterre.net\/IMG\/jpg\/hl_sdubromel_alma-15.jpg\" width=\"1200\" height=\"800\" loading=\"lazy\" alt=\"\"\/><br \/>\n    <\/source><\/picture><figcaption class=\"spip_doc_legende\">\n<p>Le \u00ab<small class=\"fine d-inline\">\u00a0<\/small><small class=\"fine d-inline\">\u00a0<\/small>mur de la honte<small class=\"fine d-inline\">\u00a0<\/small><small class=\"fine d-inline\">\u00a0<\/small>\u00bb mesure 3 m\u00e8tres de haut et prot\u00e8ge le chantier de d\u00e9molition.<br \/>\n<i>\u00a9 St\u00e9phane Dubromel \/ Reporterre<\/i><\/p>\n<\/figcaption><\/figure>\n<\/p><\/div>\n<p>Le maire de Roubaix, lui, assume la n\u00e9cessit\u00e9 de couper le chauffage \u00e0 un certain nombre d\u2019habitants pour faire avancer le chantier. <i>\u00ab<small class=\"fine d-inline\">\u00a0<\/small>Les coupures de chauffage viennent du fait que le chantier ait \u00e9t\u00e9 bloqu\u00e9 pendant pas mal de temps. Il y a eu 27 plaintes, diverses et vari\u00e9es, li\u00e9es \u00e0 des menaces faites soit \u00e0 des soci\u00e9t\u00e9s prestataires, soit \u00e0 des agents de la m\u00e9tropole de la ville, qui font qu\u2019on a perdu du temps. L\u2019id\u00e9e, c\u2019est d\u2019arr\u00eater d\u2019en perdre. Les victimes, ce sont les habitants qui vivent dans des conditions difficiles.<small class=\"fine d-inline\">\u00a0<\/small>\u00bb<\/i><\/p>\n<p><center><br \/>\n  <\/p>\n<p><\/center><\/p>\n<hr class=\"spip\"\/>\n<h2 class=\"spip\"\/>\n<p class=\"indication_lieu\">Un conseil municipal sous tension<\/p>\n<p>Lors du conseil municipal de Roubaix du 10\u00a0octobre dernier, des incidents ont \u00e9clat\u00e9 entre le collectif, venu avec une soixantaine de jeunes du quartier, et la police. Le collectif accuse la mairie d\u2019avoir donn\u00e9 des directives r\u00e9pressives \u00e0 la police municipale. La mairie \u2014 et une partie de la presse de droite ou d\u2019extr\u00eame droite, \u00e0 l\u2019instar du <i>Journal du dimanche<\/i> ou de CNews \u2014 d\u00e9nonce, \u00e0 mots plus ou moins couverts, une manipulation de La France insoumise (<span class=\"caps\">LFI<\/span>) , et une manipulation des jeunes du quartier.<\/p>\n<p><i>\u00ab<small class=\"fine d-inline\">\u00a0<\/small>Il y a d\u2019une mani\u00e8re assez claire, des liens forts. Quand Florian Vertriest s\u2019est pr\u00e9sent\u00e9 au tribunal [pour un recours contre le projet], le d\u00e9put\u00e9 [de la circonscription, David Guiraud] n\u2019\u00e9tait pas loin. On gagnerait \u00e0 ce que les masques tombent d\u00e9finitivement<small class=\"fine d-inline\">\u00a0<\/small>\u00bb<\/i>, dit le maire \u00e0 <i>Reporterre<\/i>. Le collectif affirme \u00eatre <i>\u00ab<small class=\"fine d-inline\">\u00a0<\/small>ouvert \u00e0 tout soutien politique, d\u2019o\u00f9 qu\u2019il vienne<small class=\"fine d-inline\">\u00a0<\/small>\u00bb<\/i>. L\u2019article de nos confr\u00e8res de <a target=\"_blank\" href=\"https:\/\/www.streetpress.com\/sujet\/1729007263-perturbation-conseil-municpal-roubaix-lfi-pouvoir-politique-extreme-droite-fake-news-habitants-alma-lutte-sociale\" class=\"spip_out\" rel=\"external\">StreetPress<\/a> fait le r\u00e9cit de cette soir\u00e9e agit\u00e9e.<\/p>\n<aside class=\"boite_encarts\">\n<div class=\"encart encart_gris noprint\">\n<p><strong>Il est de retour.<\/strong><\/p>\n<p>Dans quelques semaines, Donald Trump se r\u00e9-installera \u00e0 la Maison Blanche.<\/p>\n<p>Un milliardaire, pour qui le r\u00e9chauffement climatique est \u00ab<small class=\"fine d-inline\">\u00a0<\/small>un canular<small class=\"fine d-inline\">\u00a0<\/small>\u00bb, sera \u00e0 la t\u00eate de la plus grande puissance mondiale.<\/p>\n<p>Dans une d\u00e9cennie cruciale pour l\u2019\u00e9cologie, nous ne pouvons pas nous permettre de perdre plus de temps.<\/p>\n<p>La soci\u00e9t\u00e9 civile doit continuer de se soulever, de se mobiliser et de faire pression sur les puissants.<\/p>\n<p>Mais pour agir, il faut savoir.<\/p>\n<p><strong>Depuis 11 ans, nous publions des articles de qualit\u00e9 sur l\u2019\u00e9cologie, en acc\u00e8s libre et sans publicit\u00e9, pour tous.<\/strong><\/p>\n<p>Nous avons la conviction que l\u2019urgence \u00e9cologique est l\u2019enjeu majeur de notre \u00e9poque.<br class=\"autobr\"\/><br \/>\n Et comme plus de 2 millions de lectrices et lecteurs chaque mois, vous partagez sans doute cette conviction&#8230;<\/p>\n<p>Alors si vous en avez les moyens, sachez qu\u2019un don, m\u00eame d\u20191\u20ac, est un acte de soutien fort pour l\u2019\u00e9cologie et le journalisme ind\u00e9pendant.<br class=\"autobr\"\/><br \/>\n (Et \u00e7a vous prendra moins de temps que la lecture de ce texte).<\/p>\n<p><strong>Si vous le pouvez, choisissez un soutien mensuel. Merci.<\/strong><\/p>\n<p><a target=\"_blank\" href=\"https:\/\/reporterre.net\/dons\" class=\"bt_soutenir\">Je soutiens <i>Reporterre<\/i><\/a><\/p>\n<\/p><\/div>\n<div class=\"encart encart_vert noprint montre_1023\">\n<div class=\"infolettre-form-container noprint\">\n<p>Abonnez-vous \u00e0 la lettre d\u2019info de Reporterre<\/p>\n<\/div><\/div>\n<\/aside>\n<aside class=\"boite_apresarticle encart_note\">\n<h4>Apr\u00e8s cet article<\/h4>\n<p>      <a target=\"_blank\" href=\"https:\/\/reporterre.net\/Logements-vacants-retaper-du-vieux-plutot-que-construire-du-neuf\" class=\"lien_article\">\n      <picture class=\"vignette_gauche\"><source type=\"image\/webp\" srcset=\"https:\/\/reporterre.net\/local\/cache-gd2\/64\/3de9ecd4d4db8dfa5412a824cc49d7.jpg@.webp?1730139652\"><img decoding=\"async\" src=\"https:\/\/reporterre.net\/local\/cache-gd2\/64\/3de9ecd4d4db8dfa5412a824cc49d7.jpg?1730139652\" width=\"450\" height=\"300\" alt=\"\" class=\"marge12\" loading=\"lazy\"\/><br \/>\n<\/source><\/picture>\n<p class=\"libelle\">\n<p>          Enqu\u00eate \u2014<\/p>\n<p>      Habitat et urbanisme\n    <\/p>\n<p class=\"titre pol20\">Logements vacants\u00a0: retaper du vieux plut\u00f4t que construire du neuf<\/p>\n<p>      <\/a><br \/>\n    <\/aside>\n<aside class=\"boite_complement texte\">\n<p>      <!-- zone_forum --><br \/>\n          <\/aside>\n<aside class=\"boite_lireaussi noprint\">\n<\/aside>\n<aside class=\"colonne\">\n<div class=\"article_info cache_1023 noprint\">\n<p>    <span class=\"date\">13 novembre 2024  \u00e0 09h44<\/span><\/p>\n<p>    <span class=\"date_modif\">Mis \u00e0 jour le 13 novembre 2024 \u00e0 17h30<\/span>      <\/p>\n<p class=\"duree_lecture\">\n        Dur\u00e9e de lecture : 9 minutes\n      <\/p>\n<\/p><\/div>\n<div class=\"bloc_infolettre\">\n<div class=\"infolettre-form-container noprint\">\n<p>Abonnez-vous \u00e0 la lettre d\u2019info de Reporterre<\/p>\n<\/div><\/div>\n<\/aside><\/div>\n<p><br \/>\n<br \/><a href=\"https:\/\/reporterre.net\/Faire-partir-les-gens-a-tout-prix-quand-la-renovation-urbaine-est-antisociale\" target=\"_blank\"\">Source link <\/a><\/p>\n","protected":false},"excerpt":{"rendered":"<p>Roubaix (Nord), reportage \u00c0 quelques encablures de la gare de Roubaix, Florian Vertriest, 30 ans, fait visiter la place de la Grand-M\u00e8re, situ\u00e9e dans le quartier de l\u2019Alma\u00a0: avec ses&hellip; <\/p>\n","protected":false},"author":1,"featured_media":74,"comment_status":"open","ping_status":"open","sticky":false,"template":"","format":"standard","meta":{"footnotes":""},"categories":[1],"tags":[],"class_list":["post-73","post","type-post","status-publish","format-standard","has-post-thumbnail","hentry","category-non-classe"],"_links":{"self":[{"href":"https:\/\/monde25.info\/index.php\/wp-json\/wp\/v2\/posts\/73","targetHints":{"allow":["GET"]}}],"collection":[{"href":"https:\/\/monde25.info\/index.php\/wp-json\/wp\/v2\/posts"}],"about":[{"href":"https:\/\/monde25.info\/index.php\/wp-json\/wp\/v2\/types\/post"}],"author":[{"embeddable":true,"href":"https:\/\/monde25.info\/index.php\/wp-json\/wp\/v2\/users\/1"}],"replies":[{"embeddable":true,"href":"https:\/\/monde25.info\/index.php\/wp-json\/wp\/v2\/comments?post=73"}],"version-history":[{"count":0,"href":"https:\/\/monde25.info\/index.php\/wp-json\/wp\/v2\/posts\/73\/revisions"}],"wp:featuredmedia":[{"embeddable":true,"href":"https:\/\/monde25.info\/index.php\/wp-json\/wp\/v2\/media\/74"}],"wp:attachment":[{"href":"https:\/\/monde25.info\/index.php\/wp-json\/wp\/v2\/media?parent=73"}],"wp:term":[{"taxonomy":"category","embeddable":true,"href":"https:\/\/monde25.info\/index.php\/wp-json\/wp\/v2\/categories?post=73"},{"taxonomy":"post_tag","embeddable":true,"href":"https:\/\/monde25.info\/index.php\/wp-json\/wp\/v2\/tags?post=73"}],"curies":[{"name":"wp","href":"https:\/\/api.w.org\/{rel}","templated":true}]}}