{"id":7388,"date":"2025-04-30T23:10:42","date_gmt":"2025-04-30T21:10:42","guid":{"rendered":"https:\/\/monde25.info\/index.php\/2025\/04\/30\/francois-bayrou-premier-ministre-francais-le-plus-impopulaire-depuis-1981-rt-en-francais\/"},"modified":"2025-04-30T23:10:42","modified_gmt":"2025-04-30T21:10:42","slug":"francois-bayrou-premier-ministre-francais-le-plus-impopulaire-depuis-1981-rt-en-francais","status":"publish","type":"post","link":"https:\/\/monde25.info\/index.php\/2025\/04\/30\/francois-bayrou-premier-ministre-francais-le-plus-impopulaire-depuis-1981-rt-en-francais\/","title":{"rendered":"Fran\u00e7ois Bayrou, Premier ministre fran\u00e7ais le plus impopulaire \u00abdepuis 1981\u00bb \u2014 RT en fran\u00e7ais"},"content":{"rendered":"<p> <br \/>\n<br \/><img decoding=\"async\" src=\"https:\/\/mf.b37mrtl.ru\/french\/images\/2025.04\/thumbnail\/681261b26f7ccc48535775a7.jpg\" \/><\/p>\n<div>\n<p class=\"text__summary\">\n                                        D\u2019apr\u00e8s le barom\u00e8tre politique Verian pour Le Figaro, publi\u00e9 ce 30 avril, la cote de popularit\u00e9 de Fran\u00e7ois Bayrou serait pass\u00e9e sous celle de Jean-Marc Ayrault, faisant de lui le Premier ministre fran\u00e7ais le plus impopulaire \u00abdepuis 1981\u00bb. En quatre mois, le locataire de Matignon a perdu 11 points dans les sondages.\n                                    <\/p>\n<p>Il y a des records dont se passeraient bien leurs d\u00e9tenteurs. En recul de trois points en cette fin avril, d\u2019apr\u00e8s le <a target=\"_blank\" href=\"https:\/\/www.veriangroup.com\/fr\/news-and-insights\/barom%C3%A8tre-politique-verian-pour-le-figaro-magazine-2025-mai\">barom\u00e8tre politique<\/a> Verian pour <em>Le Figaro Magazine<\/em>, la cote de popularit\u00e9 de Fran\u00e7ois Bayrou est tomb\u00e9e \u00e0 14 %, d\u00e9tr\u00f4nant les 16 % de Jean-Marc Ayrault en mars 2014, mois o\u00f9 il avait <a target=\"_blank\" href=\"https:\/\/www.legifrance.gouv.fr\/jorf\/id\/JORFTEXT000028811095\">quitt\u00e9 Matignon<\/a>. Celui-ci \u00e9tait alors Premier ministre de Fran\u00e7ois Hollande depuis pr\u00e8s de deux ans, l\u00e0 o\u00f9 Fran\u00e7ois Bayrou ne cumule que quatre mois et demi de mandat.<\/p>\n<p>C\u2019est \u00ab le niveau le plus faible jamais enregistr\u00e9 pour un Premier ministre depuis 1981 \u00bb, a insist\u00e9 l\u2019institut de sondage dans son analyse. \u00ab Le doute s\u2019\u00e9tend jusque dans son propre camp, o\u00f9 moins de la moiti\u00e9 (49 %, +2) des sympathisants lui accordent leur confiance \u00bb, peut-on encore lire.<\/p>\n<h3>Jordan Bardella talonn\u00e9 par Marine Le Pen<\/h3>\n<p>En t\u00eate des personnalit\u00e9s politiques, que les Fran\u00e7ais souhaiteraient voir jouer un r\u00f4le plus important \u00e0 l\u2019avenir, caracole Jordan Bardella. Avec 39 % d\u2019opinion favorable, le pr\u00e9sident du Rassemblement national (RN) apparait loin de la premi\u00e8re figure \u00e0 gauche\u00a0: Rapha\u00ebl Glucksmann (23 %). Bardella, en recul de 1 point, se voit suivi de pr\u00e8s par Marine Le Pen \u00ab qui rebondit malgr\u00e9 sa r\u00e9cente condamnation (38 %, +2) \u00bb. \u00c9douard Philippe (33 %), \u00ab \u00e0 son niveau le plus bas depuis son d\u00e9part de Matignon \u00bb, cl\u00f4ture le podium.<\/p>\n<p>L\u2019institut de sondage s\u2019attarde \u00e9galement sur Gabriel Attal qui, comme Bruno Retailleau, reculerait dans l\u2019opinion \u00e0 respectivement 29 % (-2) et 28 % (-3) d\u2019opinion favorable. Toujours du c\u00f4t\u00e9 du bloc gouvernemental, la pr\u00e9sidente de l\u2019Assembl\u00e9e nationale Ya\u00ebl Braun-Pivet enregistrerait la \u00ab plus forte progression \u00bb du moins avec 4 points gagn\u00e9s, passant \u00e0 15 % d\u2019opinion favorable.<\/p>\n<p>Autre ex-Premier ministre\u00a0mis en avant par Verian : Dominique de Villepin. Celui-ci enregistrerait un regain de 2 points d\u2019opinion favorable, pour s\u2019\u00e9tablir \u00e0 17 %\u00a0: \u00ab il gagne 11 points \u00e0 l\u2019extr\u00eame gauche (29 %), 2 points \u00e0 l\u2019extr\u00eame droite (13 %) et 4 points chez ceux qui ne se positionnent pas (11 %) \u00bb a ainsi \u00e9tay\u00e9 l\u2019institut de sondage.<\/p>\n<\/div>\n<p><br \/>\n<br \/><a href=\"https:\/\/francais.rt.com\/france\/120184-sondage-francois-bayrou-record-impopularite\" target=\"_blank\"\">Source link <\/a><\/p>\n","protected":false},"excerpt":{"rendered":"<p>D\u2019apr\u00e8s le barom\u00e8tre politique Verian pour Le Figaro, publi\u00e9 ce 30 avril, la cote de popularit\u00e9 de Fran\u00e7ois Bayrou serait pass\u00e9e sous celle de Jean-Marc Ayrault, faisant de lui le&hellip; <\/p>\n","protected":false},"author":1,"featured_media":7389,"comment_status":"open","ping_status":"open","sticky":false,"template":"","format":"standard","meta":{"footnotes":""},"categories":[1],"tags":[],"class_list":["post-7388","post","type-post","status-publish","format-standard","has-post-thumbnail","hentry","category-non-classe"],"_links":{"self":[{"href":"https:\/\/monde25.info\/index.php\/wp-json\/wp\/v2\/posts\/7388","targetHints":{"allow":["GET"]}}],"collection":[{"href":"https:\/\/monde25.info\/index.php\/wp-json\/wp\/v2\/posts"}],"about":[{"href":"https:\/\/monde25.info\/index.php\/wp-json\/wp\/v2\/types\/post"}],"author":[{"embeddable":true,"href":"https:\/\/monde25.info\/index.php\/wp-json\/wp\/v2\/users\/1"}],"replies":[{"embeddable":true,"href":"https:\/\/monde25.info\/index.php\/wp-json\/wp\/v2\/comments?post=7388"}],"version-history":[{"count":0,"href":"https:\/\/monde25.info\/index.php\/wp-json\/wp\/v2\/posts\/7388\/revisions"}],"wp:featuredmedia":[{"embeddable":true,"href":"https:\/\/monde25.info\/index.php\/wp-json\/wp\/v2\/media\/7389"}],"wp:attachment":[{"href":"https:\/\/monde25.info\/index.php\/wp-json\/wp\/v2\/media?parent=7388"}],"wp:term":[{"taxonomy":"category","embeddable":true,"href":"https:\/\/monde25.info\/index.php\/wp-json\/wp\/v2\/categories?post=7388"},{"taxonomy":"post_tag","embeddable":true,"href":"https:\/\/monde25.info\/index.php\/wp-json\/wp\/v2\/tags?post=7388"}],"curies":[{"name":"wp","href":"https:\/\/api.w.org\/{rel}","templated":true}]}}