{"id":7394,"date":"2025-05-01T01:22:56","date_gmt":"2025-04-30T23:22:56","guid":{"rendered":"https:\/\/monde25.info\/index.php\/2025\/05\/01\/israel-est-en-feu-des-incendies-puissants-ravagent-le-pays-changements-terrestres-sott-net\/"},"modified":"2025-05-01T01:22:56","modified_gmt":"2025-04-30T23:22:56","slug":"israel-est-en-feu-des-incendies-puissants-ravagent-le-pays-changements-terrestres-sott-net","status":"publish","type":"post","link":"https:\/\/monde25.info\/index.php\/2025\/05\/01\/israel-est-en-feu-des-incendies-puissants-ravagent-le-pays-changements-terrestres-sott-net\/","title":{"rendered":"Isra\u00ebl est en feu, des incendies puissants ravagent le pays \u2014 Changements Terrestres \u2014 Sott.net"},"content":{"rendered":"<p> <br \/>\n<\/p>\n<div>\n      Plusieurs incendies d\u00e9vastateurs ont \u00e9t\u00e9 constat\u00e9s, ce mercredi 30 avril, \u00e0 l&rsquo;ouest de J\u00e9rusalem. Les secours isra\u00e9liens sont mobilis\u00e9s et des vid\u00e9os montrant la gravit\u00e9 de la situation ont fait le tour des r\u00e9seaux sociaux.<br \/>\n<\/p>\n<div class=\"article-image-super to-center\"><a target=\"_blank\" href=\"https:\/\/fr.sott.net\/image\/s36\/726998\/full\/2025_04_30t141011z_441956315_r.jpg\" target=\"_blank\" title=\"\u00a9 Oren Ben Hakoon\/Reuters\"><img decoding=\"async\" src=\"https:\/\/fr.sott.net\/image\/s36\/726998\/super\/2025_04_30t141011z_441956315_r.jpg\" alt=\"lohlk\" title=\"Cliquer pour agrandir\"\/><\/a><\/p>\n<p><span class=\"tiny\">\u00a9 Oren Ben Hakoon\/Reuters<\/span><span class=\"caption\">Sur les r\u00e9seaux sociaux, plusieurs vid\u00e9os ont \u00e9t\u00e9 publi\u00e9es, t\u00e9moignant de la gravit\u00e9 de la situation.<\/span><\/p>\n<\/div>\n<p>Des flammes qui font craindre le pire. Ce mercredi 30 avril, la police <a target=\"_blank\" href=\"https:\/\/www.cnews.fr\/monde\/2025-04-30\/londres-un-palestinien-arme-dun-couteau-arrete-alors-quil-tentait-de-sintroduire\">isra\u00e9lienne<\/a> a ferm\u00e9 l&rsquo;autoroute entre <a target=\"_blank\" href=\"https:\/\/www.cnews.fr\/france\/2024-11-08\/jerusalem-voici-les-quatre-domaines-dont-la-france-est-proprietaire-1584690\">J\u00e9rusalem<\/a> et Tel Aviv et \u00e9vacu\u00e9 des communes le long de cet axe routier en raison d&rsquo;incendies dans la zone, d\u00e9j\u00e0 ravag\u00e9e par le feu il y a une semaine.<\/p>\n<p>\u00c0 l&rsquo;heure o\u00f9 les secours sont fortement mobilis\u00e9s pour faire face aux flammes, qui ne cessent de se propager en raison des vents violents et des temp\u00e9ratures \u00e9lev\u00e9es, l&rsquo;arm\u00e9e a \u00e9t\u00e9 d\u00e9ploy\u00e9e sous l&rsquo;ordre du ministre de la D\u00e9fense, Isra\u00ebl Katz.<\/p>\n<p>Au moins 22 personnes ont \u00e9t\u00e9 l\u00e9g\u00e8rement bless\u00e9es. Elles ont \u00e9t\u00e9 prises en charge par les services d&rsquo;urgence du Magen David Adom (MDA) et la situation a \u00e9t\u00e9 qualifi\u00e9e d&rsquo;\u00ab urgence nationale \u00bb.<\/p>\n<p>Sur les r\u00e9seaux sociaux, plusieurs vid\u00e9os ont \u00e9t\u00e9 publi\u00e9es, t\u00e9moignant de la gravit\u00e9 de la situation. La passag\u00e8re d&rsquo;un v\u00e9hicule a film\u00e9 ces flammes qui d\u00e9vorent l&rsquo;axe routier entre J\u00e9rusalem et <a target=\"_blank\" href=\"https:\/\/www.cnews.fr\/monde\/2025-01-22\/attaque-au-couteau-tel-aviv-ce-que-lon-sait-du-suspect-1622718\">Tel Aviv<\/a>. La vid\u00e9o, d&rsquo;une dur\u00e9e de 34 secondes, montre des v\u00e9hicules l&rsquo;importance des fum\u00e9es et du feu.<\/p>\n<p><iframe loading=\"lazy\" width=\"600\" height=\"827\" src=\"https:\/\/www.sott.net\/embed\/Tf5maKkSXiX2HoKaApsIltq4EW3\" allowfullscreen=\"\" allow=\"encrypted-media; web-share;\"><\/iframe><\/p>\n<p>Sur une autre vid\u00e9o, on peut voir les automobilistes abandonner leur voiture au milieu des voies alors que les flammes ravagent les zones bois\u00e9es pr\u00e8s de l&rsquo;autoroute.<\/p>\n<p><iframe loading=\"lazy\" width=\"600\" height=\"875\" src=\"https:\/\/www.sott.net\/embed\/Olqtsag3BH4v-1culcUpNnD55aV\" allowfullscreen=\"\" allow=\"encrypted-media; web-share;\"><\/iframe><\/p>\n<p>\u00ab C&rsquo;est l&rsquo;un des \u00e9v\u00e9nements les plus difficiles dont je me souvienne \u00bb, a comment\u00e9 un commissaire des pompiers et des secours, dont les propos ont \u00e9t\u00e9 relat\u00e9s par le m\u00e9dia isra\u00e9lien N12 News.<\/p>\n<p>D&rsquo;autres images montrent des militaires et des secouristes courir sur les voies tandis que les voitures \u00e9taient \u00e0 l&rsquo;arr\u00eat, compl\u00e8tement vides.<\/p>\n<p><iframe loading=\"lazy\" width=\"600\" height=\"532\" src=\"https:\/\/www.sott.net\/embed\/toF7w1g7BSCiRnaPHV84hgO4KLg\" allowfullscreen=\"\" allow=\"encrypted-media; web-share;\"><\/iframe><\/p>\n<p>En raison de cette situation catastrophique, le Premier ministre isra\u00e9lien Benjamin Netanyahou a annonc\u00e9 l&rsquo;arriv\u00e9e imminente de trois avions d&rsquo;Italie et de Croatie pour aider \u00e0 lutter contre les importants incendies.<\/p>\n<p>\u00ab Il a \u00e9t\u00e9 convenu jusqu&rsquo;\u00e0 pr\u00e9sent que trois avions provenant d&rsquo;Italie et de Croatie arriveront en Isra\u00ebl d\u00e8s que possible \u00bb, selon un communiqu\u00e9 du bureau du Premier ministre.<\/p>\n<div class=\"article-image to-center\"><a target=\"_blank\" href=\"https:\/\/fr.sott.net\/image\/s36\/726997\/full\/Hka1181glee_0_0_699_852_0_x_la.jpg\" target=\"_blank\"><img decoding=\"async\" loading=\"lazy\" src=\"https:\/\/fr.sott.net\/image\/s36\/726997\/medium\/Hka1181glee_0_0_699_852_0_x_la.jpg\" alt=\"njkk\" title=\"Cliquer pour agrandir\"\/><\/a><\/div>\n<\/p><\/div>\n<p><br \/>\n<br \/><a href=\"https:\/\/fr.sott.net\/article\/44320-Israel-est-en-feu-des-incendies-puissants-ravagent-le-pays\" target=\"_blank\"\">Source link <\/a><\/p>\n","protected":false},"excerpt":{"rendered":"<p>Plusieurs incendies d\u00e9vastateurs ont \u00e9t\u00e9 constat\u00e9s, ce mercredi 30 avril, \u00e0 l&rsquo;ouest de J\u00e9rusalem. Les secours isra\u00e9liens sont mobilis\u00e9s et des vid\u00e9os montrant la gravit\u00e9 de la situation ont fait&hellip; <\/p>\n","protected":false},"author":1,"featured_media":7395,"comment_status":"open","ping_status":"open","sticky":false,"template":"","format":"standard","meta":{"footnotes":""},"categories":[1],"tags":[],"class_list":["post-7394","post","type-post","status-publish","format-standard","has-post-thumbnail","hentry","category-non-classe"],"_links":{"self":[{"href":"https:\/\/monde25.info\/index.php\/wp-json\/wp\/v2\/posts\/7394","targetHints":{"allow":["GET"]}}],"collection":[{"href":"https:\/\/monde25.info\/index.php\/wp-json\/wp\/v2\/posts"}],"about":[{"href":"https:\/\/monde25.info\/index.php\/wp-json\/wp\/v2\/types\/post"}],"author":[{"embeddable":true,"href":"https:\/\/monde25.info\/index.php\/wp-json\/wp\/v2\/users\/1"}],"replies":[{"embeddable":true,"href":"https:\/\/monde25.info\/index.php\/wp-json\/wp\/v2\/comments?post=7394"}],"version-history":[{"count":0,"href":"https:\/\/monde25.info\/index.php\/wp-json\/wp\/v2\/posts\/7394\/revisions"}],"wp:featuredmedia":[{"embeddable":true,"href":"https:\/\/monde25.info\/index.php\/wp-json\/wp\/v2\/media\/7395"}],"wp:attachment":[{"href":"https:\/\/monde25.info\/index.php\/wp-json\/wp\/v2\/media?parent=7394"}],"wp:term":[{"taxonomy":"category","embeddable":true,"href":"https:\/\/monde25.info\/index.php\/wp-json\/wp\/v2\/categories?post=7394"},{"taxonomy":"post_tag","embeddable":true,"href":"https:\/\/monde25.info\/index.php\/wp-json\/wp\/v2\/tags?post=7394"}],"curies":[{"name":"wp","href":"https:\/\/api.w.org\/{rel}","templated":true}]}}