{"id":7403,"date":"2025-05-01T05:15:02","date_gmt":"2025-05-01T03:15:02","guid":{"rendered":"https:\/\/monde25.info\/index.php\/2025\/05\/01\/serguei-choigou-denonce-les-methodes-terroristes-de-kiev-et-met-en-garde-contre-tout-deploiement-occidental-rt-en-francais\/"},"modified":"2025-05-01T05:15:02","modified_gmt":"2025-05-01T03:15:02","slug":"serguei-choigou-denonce-les-methodes-terroristes-de-kiev-et-met-en-garde-contre-tout-deploiement-occidental-rt-en-francais","status":"publish","type":"post","link":"https:\/\/monde25.info\/index.php\/2025\/05\/01\/serguei-choigou-denonce-les-methodes-terroristes-de-kiev-et-met-en-garde-contre-tout-deploiement-occidental-rt-en-francais\/","title":{"rendered":"Sergue\u00ef Cho\u00efgou d\u00e9nonce les m\u00e9thodes terroristes de Kiev et met en garde contre tout d\u00e9ploiement occidental \u2014 RT en fran\u00e7ais"},"content":{"rendered":"<p> <br \/>\n<br \/><img decoding=\"async\" src=\"https:\/\/mf.b37mrtl.ru\/french\/images\/2025.04\/thumbnail\/68125c386f7ccc6f0225ef16.jpg\" \/><\/p>\n<div>\n<p class=\"text__summary\">\n                                        Accusant l\u2019Ukraine de terrorisme, Sergue\u00ef Cho\u00efgou, a dress\u00e9 un tableau alarmant des pratiques employ\u00e9es par Kiev. Il d\u00e9nonce des attaques cibl\u00e9es contre les civils et des sabotages sur des infrastructures strat\u00e9giques russes. Il a pr\u00e9venu que tout d\u00e9ploiement militaire occidental en Ukraine serait consid\u00e9r\u00e9 comme une cible l\u00e9gitime par Moscou.\n                                    <\/p>\n<p>Le secr\u00e9taire du Conseil de s\u00e9curit\u00e9 russe, Sergue\u00ef Cho\u00efgou, a affirm\u00e9 ce 30 avril que Kiev avait bascul\u00e9 dans une logique terroriste face \u00e0 l\u2019incapacit\u00e9 de contenir l\u2019avanc\u00e9e des forces russes. \u00ab\u00a0Kiev applique des m\u00e9thodes terroristes en utilisant des armes de l\u2019OTAN contre les zones civiles r\u00e9sidentielles, en menant des sabotages et des assassinats politiques, et en utilisant les civils comme boucliers humains\u00a0\u00bb. Sergue\u00ef Cho\u00efgou a cit\u00e9 l\u2019attaque contre la station de mesure de gaz de Soudja, utilis\u00e9e pour l\u2019exportation vers l\u2019Europe, et les tentatives contre le Consortium d\u2019ol\u00e9oducs de la mer Caspienne. Il accuse \u00e9galement les forces ukrainiennes de pillages dans des villages russes et d\u2019assassinats de civils. \u0421es actes sont qualifi\u00e9s par Moscou \u00ab\u00a0de terrorisme d\u2019\u00c9tat\u00a0\u00bb.<\/p>\n<h2><strong>Alerte sur\u00a0une pr\u00e9sence militaire occidentale en Ukraine<\/strong><\/h2>\n<p>Le secr\u00e9taire du Conseil de s\u00e9curit\u00e9 russe a aussi lanc\u00e9 un avertissement clair \u00e0 l\u2019Occident concernant toute pr\u00e9sence militaire sur le sol ukrainien. \u00ab\u00a0Pour la Russie, le d\u00e9ploiement de forces militaires de pays occidentaux sur le territoire ukrainien est totalement inacceptable. Ces unit\u00e9s seront consid\u00e9r\u00e9es comme des cibles l\u00e9gitimes pour les forces arm\u00e9es de la F\u00e9d\u00e9ration de Russie\u00a0\u00bb, a-t-il d\u00e9clar\u00e9. Il a \u00e9voqu\u00e9 les plans de \u00ab\u00a0pseudo-missions de paix\u00a0\u00bb servant de pr\u00e9texte \u00e0 une future occupation des r\u00e9gions occidentales de l\u2019Ukraine par les Europ\u00e9ens.<\/p>\n<h2><strong>L\u2019Europe accus\u00e9e de saboter le dialogue russo-am\u00e9ricain<\/strong><\/h2>\n<p>Sergue\u00ef Cho\u00efgou a \u00e9galement accus\u00e9 les pays europ\u00e9ens de faire obstacle \u00e0 une sortie du conflit en Ukraine. \u00ab\u00a0Les \u00c9tats europ\u00e9ens cherchent \u00e0 prolonger le conflit et emp\u00eachent une normalisation des relations entre Moscou et Washington\u00a0\u00bb, a-t-il affirm\u00e9. Il a rappel\u00e9 que des \u00e9changes avec l\u2019administration am\u00e9ricaine avaient permis de tracer des pistes de coop\u00e9ration pour une solution politique, mais que ces efforts sont constamment entrav\u00e9s par l\u2019attitude agressive de l\u2019Union europ\u00e9enne. Pour le secr\u00e9taire du Conseil de s\u00e9curit\u00e9 russe, l\u2019Europe pousse d\u00e9lib\u00e9r\u00e9ment Kiev \u00e0 refuser tout compromis et \u00e0 poursuivre l\u2019escalade militaire.<\/p>\n<\/div>\n<p><br \/>\n<br \/><a href=\"https:\/\/francais.rt.com\/russie\/120183-serguei-choigou-denonce-methodes-terroristes-de-kiev-et-met-en-garde-toutes-troupes-occidentales\" target=\"_blank\"\">Source link <\/a><\/p>\n","protected":false},"excerpt":{"rendered":"<p>Accusant l\u2019Ukraine de terrorisme, Sergue\u00ef Cho\u00efgou, a dress\u00e9 un tableau alarmant des pratiques employ\u00e9es par Kiev. Il d\u00e9nonce des attaques cibl\u00e9es contre les civils et des sabotages sur des infrastructures&hellip; <\/p>\n","protected":false},"author":1,"featured_media":7404,"comment_status":"open","ping_status":"open","sticky":false,"template":"","format":"standard","meta":{"footnotes":""},"categories":[1],"tags":[],"class_list":["post-7403","post","type-post","status-publish","format-standard","has-post-thumbnail","hentry","category-non-classe"],"_links":{"self":[{"href":"https:\/\/monde25.info\/index.php\/wp-json\/wp\/v2\/posts\/7403","targetHints":{"allow":["GET"]}}],"collection":[{"href":"https:\/\/monde25.info\/index.php\/wp-json\/wp\/v2\/posts"}],"about":[{"href":"https:\/\/monde25.info\/index.php\/wp-json\/wp\/v2\/types\/post"}],"author":[{"embeddable":true,"href":"https:\/\/monde25.info\/index.php\/wp-json\/wp\/v2\/users\/1"}],"replies":[{"embeddable":true,"href":"https:\/\/monde25.info\/index.php\/wp-json\/wp\/v2\/comments?post=7403"}],"version-history":[{"count":0,"href":"https:\/\/monde25.info\/index.php\/wp-json\/wp\/v2\/posts\/7403\/revisions"}],"wp:featuredmedia":[{"embeddable":true,"href":"https:\/\/monde25.info\/index.php\/wp-json\/wp\/v2\/media\/7404"}],"wp:attachment":[{"href":"https:\/\/monde25.info\/index.php\/wp-json\/wp\/v2\/media?parent=7403"}],"wp:term":[{"taxonomy":"category","embeddable":true,"href":"https:\/\/monde25.info\/index.php\/wp-json\/wp\/v2\/categories?post=7403"},{"taxonomy":"post_tag","embeddable":true,"href":"https:\/\/monde25.info\/index.php\/wp-json\/wp\/v2\/tags?post=7403"}],"curies":[{"name":"wp","href":"https:\/\/api.w.org\/{rel}","templated":true}]}}