{"id":7409,"date":"2025-05-01T08:32:41","date_gmt":"2025-05-01T06:32:41","guid":{"rendered":"https:\/\/monde25.info\/index.php\/2025\/05\/01\/la-panne-en-espagne-peut-nous-faire-repenser-les-systemes-electriques\/"},"modified":"2025-05-01T08:32:41","modified_gmt":"2025-05-01T06:32:41","slug":"la-panne-en-espagne-peut-nous-faire-repenser-les-systemes-electriques","status":"publish","type":"post","link":"https:\/\/monde25.info\/index.php\/2025\/05\/01\/la-panne-en-espagne-peut-nous-faire-repenser-les-systemes-electriques\/","title":{"rendered":"La panne en Espagne peut nous faire repenser les syst\u00e8mes \u00e9lectriques"},"content":{"rendered":"<p> <br \/>\n<br \/><img loading=\"lazy\" decoding=\"async\" src=\"https:\/\/reporterre.net\/local\/cache-vignettes\/L700xH467\/line-tower-mast-electricity-energy-high-voltage-985446-pxhere_com_1_-299d9.jpg?1746020084\" class=\"spip_logo\" width=\"700\" height=\"467\" alt=\"\" \/><\/p>\n<p>La panne \u00e9lectrique de lundi 28\u00a0avril a plong\u00e9 la p\u00e9ninsule ib\u00e9rique dans le d\u00e9sarroi. Pour certains chercheurs et ing\u00e9nieurs, cet \u00e9pisode doit ouvrir une r\u00e9flexion collective sur les r\u00e9seaux et sur notre rapport \u00e0 l&rsquo;\u00e9lectricit\u00e9. <br class=\"autobr\" \/> Quinze\u00a0gigawatts\u00a0(<span class=\"caps\">GW<\/span>), l&rsquo;\u00e9quivalent de 60<small class=\"fine d-inline\">\u00a0<\/small>% de la demande en \u00e9lectricit\u00e9 du pays, \u00e9vapor\u00e9s en 5\u00a0secondes. L&rsquo;Espagne a connu un effondrement sans pr\u00e9c\u00e9dent de son r\u00e9seau \u00e9lectrique, lundi 28\u00a0avril, qui s&rsquo;est propag\u00e9 au Portugal voisin. Mardi apr\u00e8s-midi, la cause\u00a0(\u2026)<\/p>\n<p>                    <a target=\"_blank\" href=\"https:\/\/reporterre.net\/La-panne-en-Espagne-peut-nous-faire-repenser-les-systemes-electriques?utm_source=RSS&amp;utm_medium=RSS\">Lire la suite<\/a><\/p>\n<p>                    &#8211;<br \/>\n                        <a target=\"_blank\" href=\"https:\/\/reporterre.net\/Autres-infos\" rel=\"directory\">Info<\/a><\/p>\n<p>                    \/<br \/>\n                        <a target=\"_blank\" href=\"https:\/\/reporterre.net\/Energie\" rel=\"tag\">\u00c9nergie<\/a><br \/>\n                    ,<br \/>\n                        <a target=\"_blank\" href=\"https:\/\/reporterre.net\/Alternatives\" rel=\"tag\">Alternatives<\/a><br \/>\n<br \/><br \/>\n<br \/><a href=\"https:\/\/reporterre.net\/La-panne-en-Espagne-peut-nous-faire-repenser-les-systemes-electriques\" target=\"_blank\"\">Source link <\/a><\/p>\n","protected":false},"excerpt":{"rendered":"<p>La panne \u00e9lectrique de lundi 28\u00a0avril a plong\u00e9 la p\u00e9ninsule ib\u00e9rique dans le d\u00e9sarroi. Pour certains chercheurs et ing\u00e9nieurs, cet \u00e9pisode doit ouvrir une r\u00e9flexion collective sur les r\u00e9seaux et&hellip; <\/p>\n","protected":false},"author":1,"featured_media":0,"comment_status":"open","ping_status":"open","sticky":false,"template":"","format":"standard","meta":{"footnotes":""},"categories":[1],"tags":[],"class_list":["post-7409","post","type-post","status-publish","format-standard","hentry","category-non-classe"],"_links":{"self":[{"href":"https:\/\/monde25.info\/index.php\/wp-json\/wp\/v2\/posts\/7409","targetHints":{"allow":["GET"]}}],"collection":[{"href":"https:\/\/monde25.info\/index.php\/wp-json\/wp\/v2\/posts"}],"about":[{"href":"https:\/\/monde25.info\/index.php\/wp-json\/wp\/v2\/types\/post"}],"author":[{"embeddable":true,"href":"https:\/\/monde25.info\/index.php\/wp-json\/wp\/v2\/users\/1"}],"replies":[{"embeddable":true,"href":"https:\/\/monde25.info\/index.php\/wp-json\/wp\/v2\/comments?post=7409"}],"version-history":[{"count":0,"href":"https:\/\/monde25.info\/index.php\/wp-json\/wp\/v2\/posts\/7409\/revisions"}],"wp:attachment":[{"href":"https:\/\/monde25.info\/index.php\/wp-json\/wp\/v2\/media?parent=7409"}],"wp:term":[{"taxonomy":"category","embeddable":true,"href":"https:\/\/monde25.info\/index.php\/wp-json\/wp\/v2\/categories?post=7409"},{"taxonomy":"post_tag","embeddable":true,"href":"https:\/\/monde25.info\/index.php\/wp-json\/wp\/v2\/tags?post=7409"}],"curies":[{"name":"wp","href":"https:\/\/api.w.org\/{rel}","templated":true}]}}