{"id":7410,"date":"2025-05-01T09:06:13","date_gmt":"2025-05-01T07:06:13","guid":{"rendered":"https:\/\/monde25.info\/index.php\/2025\/05\/01\/vivre-et-travailler-avec-un-handicap-invisible\/"},"modified":"2025-05-01T09:06:13","modified_gmt":"2025-05-01T07:06:13","slug":"vivre-et-travailler-avec-un-handicap-invisible","status":"publish","type":"post","link":"https:\/\/monde25.info\/index.php\/2025\/05\/01\/vivre-et-travailler-avec-un-handicap-invisible\/","title":{"rendered":"Vivre et travailler avec un handicap invisible"},"content":{"rendered":"<p> <br \/>\n<\/p>\n<div>\n<h4><strong>Quelles sont les difficult\u00e9s rencontr\u00e9es au quotidien pour les personnes porteuses de handicap invisible ? Comment articuler ses g\u00eanes ou ses douleurs avec ses proches, son travail et sa vie de tous les jours ? 80% des handicaps \u00e9tant invisibles, il y a fort \u00e0 parier que chacun d\u2019entre nous fr\u00e9quente une personne qui est touch\u00e9e\u2026 sans le savoir. T\u00e9moignages.<\/strong><\/h4>\n<p>Au travers <strong>du t\u00e9moignage de Lauriane atteinte de spondylarthrite ankylosante, de celui de Marie* atteinte de surdit\u00e9 et de celui Alice, fondatrice du m\u00e9dia Petite Mu,<\/strong> tentons une approche de ce que repr\u00e9sente le handicap invisible aujourd\u2019hui.<\/p>\n<figure id=\"attachment_715516\" aria-describedby=\"caption-attachment-715516\" style=\"width: 1024px\" class=\"wp-caption alignnone\"><img fetchpriority=\"high\" decoding=\"async\" class=\"wp-image-715516\" src=\"https:\/\/mrmondialisation.org\/wp-content\/uploads\/2025\/02\/126384903-10f2cbc833-o.jpg\" alt=\"\" width=\"1024\" height=\"768\" srcset=\"https:\/\/mrmondialisation.org\/wp-content\/uploads\/2025\/02\/126384903-10f2cbc833-o.jpg 800w, https:\/\/mrmondialisation.org\/wp-content\/uploads\/2025\/02\/126384903-10f2cbc833-o-768x576.jpg 768w, https:\/\/mrmondialisation.org\/wp-content\/uploads\/2025\/02\/126384903-10f2cbc833-o-696x522.jpg 696w, https:\/\/mrmondialisation.org\/wp-content\/uploads\/2025\/02\/126384903-10f2cbc833-o-560x420.jpg 560w, https:\/\/mrmondialisation.org\/wp-content\/uploads\/2025\/02\/126384903-10f2cbc833-o-80x60.jpg 80w, https:\/\/mrmondialisation.org\/wp-content\/uploads\/2025\/02\/126384903-10f2cbc833-o-265x198.jpg 265w\" sizes=\"(max-width: 1024px) 100vw, 1024px\"\/><figcaption id=\"caption-attachment-715516\" class=\"wp-caption-text\">\u00catre en situation de handicap n\u2019est pas toujours synonyme de sympt\u00f4mes visibles <a target=\"_blank\" href=\"https:\/\/www.flickr.com\/photos\/annamatic3000\/126384903\/in\/photolist-caKQ4-5ojaWb-5HJvQ2-5zEb7Q-6N8ztd-5qtpmp-724xkH-29k54QN-2bdeKc4-rM8rmm-5KhKcw-2nqox6Q-NbmdMm-2j3mKCj-ekp3LJ-4TcN5c-9dQTB8-ejSyPr-5D5Fuw-ptENJ4-pcbtFQ-5KhKbE-pcbtuh-n2ZA5j-n2QkbE-RKk5-HVbWTK-n2Q7zN-dML6hh-akAN5d-akAN5j-633RmL-poXZhv-RF2S2f-dDNDRN-AcWEVu-zxEhbp-AuxNiz-zxvXDm-hg6Ane-4NSqZJ-AvxkLg-8QM5Cx-9qJrn3-zxvWFj-5gZyvR-Asftmy-AsfuKW-n2NCta-HVdFNb\" target=\"_blank\" rel=\"noopener\">\u00a9Flickr<\/a><\/figcaption><\/figure>\n<h2><strong>Le handicap en France en quelques chiffres<\/strong><\/h2>\n<p>La liste des handicaps invisibles est longue et aux caract\u00e9ristiques tr\u00e8s variables :<strong> scl\u00e9rose en plaques, tendinite, endom\u00e9triose, surdit\u00e9, autisme, maladie de Crohn, d\u00e9pression<\/strong>\u2026 Aujourd\u2019hui en France, <strong>12 millions de personnes<\/strong> sont porteuses de handicap : parmi elles, <strong>9,6 millions sont atteintes d\u2019un handicap dit \u00ab invisible\u00a0\u00bb<\/strong>.<\/p>\n<p>Les chiffres montrent \u00e9galement que les personnes porteuses de handicap, quel qu\u2019il soit, <a target=\"_blank\" href=\"https:\/\/handicap.agriculture.gouv.fr\/chiffres-cles-sur-le-handicap-a284.html\" target=\"_blank\" rel=\"noopener\">sont <strong>davantage touch\u00e9es par le ch\u00f4mage<\/strong><\/a>. En 2023, le <strong>taux d\u2019activit\u00e9 des travailleurs handicap\u00e9s atteignait 45%, contre 74% en g\u00e9n\u00e9ral<\/strong>. On estime qu\u2019une personne sur deux sera touch\u00e9e \u00e0 un moment de sa vie par un handicap invisible, et qu\u2019une sur dix le cache en entreprise.<\/p>\n<figure id=\"attachment_715523\" aria-describedby=\"caption-attachment-715523\" style=\"width: 1024px\" class=\"wp-caption alignnone\"><img loading=\"lazy\" decoding=\"async\" class=\"wp-image-715523 size-full\" src=\"https:\/\/mrmondialisation.org\/wp-content\/uploads\/2025\/02\/6270133242-1ccb04fd8c-b.jpg\" alt=\"\" width=\"1024\" height=\"716\" srcset=\"https:\/\/mrmondialisation.org\/wp-content\/uploads\/2025\/02\/6270133242-1ccb04fd8c-b.jpg 1024w, https:\/\/mrmondialisation.org\/wp-content\/uploads\/2025\/02\/6270133242-1ccb04fd8c-b-768x537.jpg 768w, https:\/\/mrmondialisation.org\/wp-content\/uploads\/2025\/02\/6270133242-1ccb04fd8c-b-696x487.jpg 696w, https:\/\/mrmondialisation.org\/wp-content\/uploads\/2025\/02\/6270133242-1ccb04fd8c-b-601x420.jpg 601w, https:\/\/mrmondialisation.org\/wp-content\/uploads\/2025\/02\/6270133242-1ccb04fd8c-b-100x70.jpg 100w\" sizes=\"auto, (max-width: 1024px) 100vw, 1024px\"\/><figcaption id=\"caption-attachment-715523\" class=\"wp-caption-text\">80% des handicaps ne sont pas visibles\u2026 \u00a9<a target=\"_blank\" href=\"https:\/\/www.flickr.com\/photos\/ziostyl58\/6270133242\/in\/photolist-ay55ay-A8xJB-5GzYjf-5XdsDG-4Eu4p9-4GpkfZ-7Q9QqW-vFEYw-YQG4em-bvrDY6-6PYcTX-5v9w7H-mgodT-4SvKsP-tVvvp-27fNik-5okn8-kF7dY-pTp2C3-5CyDGi-W9spq-5z23A7-86J1mu-86J1tf-7HeVUA-4X4g86-2FNnYx-8h36eh-4A7bXk-BhPkg-29xtj-5X9VJb-29xty-cFriX-6xXXRf-dPzFW-VEwxa-8vVviQ-4PxZ33-gWdK-a3e6iD-cqx31L-4qTViv-ewUcg-bg3zV6-6xF7JN-5Umfc-2mPVeW7-8ioGzG-EvQksi\" target=\"_blank\" rel=\"noopener\">Unsplash<\/a><\/figcaption><\/figure>\n<h2><strong>D\u00e9couvrir son handicap, de la g\u00eane \u00e0 la douleur<\/strong><\/h2>\n<p>Marie, 37 ans, <strong>vit depuis dix ans avec une <a target=\"_blank\" href=\"https:\/\/fr.wikipedia.org\/wiki\/Otospongiose\" target=\"_blank\" rel=\"noopener\">otospongiose<\/a>, maladie qui entra\u00eene une surdit\u00e9 progressive<\/strong> dite de transmission, due \u00e0 des foyers anormaux d\u2019ossification sur l\u2019\u00e9trier. Dans 80% des cas, les deux oreilles sont touch\u00e9es mais de fa\u00e7on d\u00e9cal\u00e9e, entra\u00eenant parfois des d\u00e9sagr\u00e9ments li\u00e9s \u00e0 une compensation, comme de l\u2019hyperacousie. Enfin,<strong> les troubles de l\u2019audition sont souvent accompagn\u00e9s d\u2019acouph\u00e8nes.<\/strong><\/p>\n<p><em>\u00ab Mon otospongiose <\/em><em>a \u00e9t\u00e9 diagnostiqu\u00e9e \u00e0 l\u2019\u00e2ge de 26 ans suite \u00e0 une baisse d\u2019audition, principalement de l\u2019oreille droite, <\/em>raconte Marie, <em><strong>Deux scanners espac\u00e9s de dix ans ont d\u00e9montr\u00e9 que la maladie avait progress\u00e9. D\u00e9sormais, certaines fr\u00e9quences me sont inaudibles<\/strong>, et je ne d\u00e9tecte plus les sons en de\u00e7\u00e0 de 38 d\u00e9cibels. Une personne qui parle bas, m\u00eame face \u00e0 moi et sans bruit de fond, m\u2019est presque incompr\u00e9hensible.\u00a0\u00bb<\/em><\/p>\n<p>Lauriane, 28 ans, a \u00e9t\u00e9 <strong>diagnostiqu\u00e9e \u00e0 l\u2019\u00e2ge de 18 ans d\u2019une <a target=\"_blank\" href=\"https:\/\/www.ameli.fr\/assure\/sante\/themes\/spondylarthrite-ankylosante\/symptomes-diagnostic-evolution\" target=\"_blank\" rel=\"noopener\">spondylarthrite ankylosante<\/a> et d\u2019un rhumatisme psoriasique<\/strong>. <em>\u00ab <\/em><em>J\u2019ai toujours souffert de douleurs tr\u00e8s fortes, de fi\u00e8vre, sans qu\u2019aucun m\u00e9decin ne mette de nom sur ce que j\u2019avais. <strong>C\u2019est suite \u00e0 une batterie de tests que le diagnostic a \u00e9t\u00e9 pos\u00e9, avec la d\u00e9couverte du g\u00e8ne HLA B27<\/strong>, souvent h\u00e9r\u00e9ditaire : on a alors su que mon p\u00e8re l\u2019avait et en souffrait aussi. A contrario, ma soeur, porteuse, n\u2019a jamais d\u00e9velopp\u00e9 de sympt\u00f4me.\u00a0\u00bb<\/em><\/p>\n<figure id=\"attachment_715521\" aria-describedby=\"caption-attachment-715521\" style=\"width: 1024px\" class=\"wp-caption alignnone\"><img loading=\"lazy\" decoding=\"async\" class=\"wp-image-715521 size-medium\" src=\"https:\/\/mrmondialisation.org\/wp-content\/uploads\/2025\/02\/joyce-hankins-ig96k-hidk0-unsplash-1024x768.jpg\" alt=\"\" width=\"1024\" height=\"768\" srcset=\"https:\/\/mrmondialisation.org\/wp-content\/uploads\/2025\/02\/joyce-hankins-ig96k-hidk0-unsplash-1024x768.jpg 1024w, https:\/\/mrmondialisation.org\/wp-content\/uploads\/2025\/02\/joyce-hankins-ig96k-hidk0-unsplash-1524x1143.jpg 1524w, https:\/\/mrmondialisation.org\/wp-content\/uploads\/2025\/02\/joyce-hankins-ig96k-hidk0-unsplash-768x576.jpg 768w, https:\/\/mrmondialisation.org\/wp-content\/uploads\/2025\/02\/joyce-hankins-ig96k-hidk0-unsplash-1536x1152.jpg 1536w, https:\/\/mrmondialisation.org\/wp-content\/uploads\/2025\/02\/joyce-hankins-ig96k-hidk0-unsplash-696x522.jpg 696w, https:\/\/mrmondialisation.org\/wp-content\/uploads\/2025\/02\/joyce-hankins-ig96k-hidk0-unsplash-1068x801.jpg 1068w, https:\/\/mrmondialisation.org\/wp-content\/uploads\/2025\/02\/joyce-hankins-ig96k-hidk0-unsplash-560x420.jpg 560w, https:\/\/mrmondialisation.org\/wp-content\/uploads\/2025\/02\/joyce-hankins-ig96k-hidk0-unsplash-80x60.jpg 80w, https:\/\/mrmondialisation.org\/wp-content\/uploads\/2025\/02\/joyce-hankins-ig96k-hidk0-unsplash-265x198.jpg 265w, https:\/\/mrmondialisation.org\/wp-content\/uploads\/2025\/02\/joyce-hankins-ig96k-hidk0-unsplash.jpg 1920w\" sizes=\"auto, (max-width: 1024px) 100vw, 1024px\"\/><figcaption id=\"caption-attachment-715521\" class=\"wp-caption-text\">La spondylarthrite cr\u00e9e des lombalgies et autres douleurs musculo-squelettiques \u00a9<a target=\"_blank\" href=\"https:\/\/unsplash.com\/fr\/photos\/presse-papiers-marron-et-noir-avec-cordon-epiniere-blanc-imprimer-le-manuel-IG96K_HiDk0\" target=\"_blank\" rel=\"noopener\">Unsplash<\/a><\/figcaption><\/figure>\n<p>D\u00e8s lors, la vie de Lauriane va s\u2019articuler autour de <strong>longs protocoles m\u00e9dicamenteux, allant des anti-douleurs \u00e0 la bioth\u00e9rapie et m\u00eame la chimioth\u00e9rapie<\/strong>. Maladie inflammatoire d\u00e9g\u00e9n\u00e9rative, la spondylarthrite ankylosante touche en premier lieu les articulations et avance par pouss\u00e9es, r\u00e9duisant la mobilit\u00e9.<\/p>\n<p><strong>Avec le temps, le seuil de douleur augmente et les m\u00e9dicaments avec<\/strong>, \u00e0 en devenir parfois cobaye de nouvelles th\u00e9rapies lourdes.<\/p>\n<blockquote>\n<p><strong><em>\u00ab <\/em><em>Parfois, je ne sais plus ce qui est le pire, <\/em><em>vivre avec les traitements, l\u2019immunod\u00e9pression qu\u2019ils entra\u00eenent, leur liste interminable d\u2019effets secondaires\u2026 Ou vivre sans, et subir chaque jour la maladie qui \u00e9volue.\u00a0\u00bb<\/em><\/strong><\/p>\n<\/blockquote>\n<p><strong>Malgr\u00e9 des sympt\u00f4mes virulents, Lauriane garde le sourire et tente de conserver ses passions<\/strong>, comme la course \u00e0 pied. <em>\u00ab <\/em><em>Il y a des moments o\u00f9 je subis une fatigue extr\u00eame, n\u2019arrive plus \u00e0 mettre mes chaussures, \u00e0 ouvrir une bouteille\u2026 C\u2019est dur pour quelqu\u2019un de sportif comme moi, mais <strong>je fais tout pour ne pas perdre ma mobilit\u00e9<\/strong>, en pratiquant notamment le renforcement musculaire.\u00a0\u00bb<\/em><\/p>\n<div class=\"td-a-rec td-a-rec-id-content_inline  tdi_1 td_block_template_1\">\n<span class=\"td-adspot-title\">&#8211; Pour une information libre ! &#8211;<\/span><a target=\"_blank\" href=\"https:\/\/fr.tipeee.com\/mr-mondialisation\" class=\"tipeee-project-small\">Soutenir Mr Japanization sur Tipeee<\/a>\n<\/div>\n<p>Du m\u00eame \u00e2ge que Lauriane, <strong>Alice a cr\u00e9\u00e9 en 2023 <a target=\"_blank\" href=\"https:\/\/www.petitemu.fr\/\" target=\"_blank\" rel=\"noopener\">le m\u00e9dia Petite Mu<\/a>, afin de sensibiliser au handicap invisible<\/strong>. En 2021, la jeune femme apprend \u00eatre <strong>touch\u00e9e par une <a target=\"_blank\" href=\"https:\/\/www.ameli.fr\/assure\/sante\/themes\/sclerose-en-plaques\/symptomes-diagnostic-formes-maladie\" target=\"_blank\" rel=\"noopener\">scl\u00e9rose en plaques<\/a>.<\/strong> Apr\u00e8s une longue phase de d\u00e9ni, elle r\u00e9alise qu\u2019aucun m\u00e9dia n\u2019existe au sujet du handicap invisible. Or, Alice souhaite <strong>lib\u00e9rer la parole et cr\u00e9er un climat de confiance<\/strong>, notamment en entreprise : <em>\u00ab <\/em><em>J\u2019aimerais que le handicap ne soit plus un frein dans notre vie quotidienne.\u00a0\u00bb<\/em><\/p>\n<h2><strong>Le regard des autres : comment r\u00e9v\u00e9ler l\u2019invisible ?<\/strong><\/h2>\n<p><em>\u00ab Je pense que l\u2019une des premi\u00e8res difficult\u00e9s li\u00e9es au handicap invisible, c\u2019est de <strong>devoir en permanence se justifier<\/strong>, <\/em>explique Alice<em>. L\u2019inconscient collectif associe le handicap \u00e0 un fauteuil, une amputation\u2026 Quand il est invisible, la plupart des personnes touch\u00e9es n\u2019en parlent pas et pr\u00e9f\u00e8rent \u00eatre dans <strong>une strat\u00e9gie de compensation constante.<\/strong>\u00ab\u00a0<\/em><\/p>\n<p>Que ce soit au travail ou dans la vie de tous les jours, <strong>la surdit\u00e9 \u00ab moyenne\u00a0\u00bb de Marie la perturbe<\/strong> : <em>\u00ab <\/em><em>Je travaille dans le commerce et me retrouve confront\u00e9e \u00e0 des situations de quiproquos. <strong>Je dis parfois \u00ab\u00a0oui\u00a0\u00bb \u00e0 des coll\u00e8gues que je n\u2019ai pas entendus..<\/strong>. Si un client parle bas, je dois lui demander de r\u00e9p\u00e9ter. C\u2019est assez p\u00e9nible, il m\u2019est arriv\u00e9 de faire face \u00e0 des r\u00e9flexions du type \u00ab\u00a0Il faut se laver les oreilles\u00a0\u00bb\u2026\u00a0\u00bb<\/em><\/p>\n<p>Il existe encore de nombreux clich\u00e9s autour de la surdit\u00e9, qui est souvent associ\u00e9e \u00e0 l\u2019\u00e2ge. <em><strong>\u00ab<\/strong> <\/em><em><strong>Une personne jeune et en pleine sant\u00e9 n\u2019a aucun moyen de faire para\u00eetre qu\u2019elle est malentendante<\/strong>,<\/em> souligne Marie, <em>mais je n\u2019en veux \u00e0 personne : ce n\u2019est pas \u00e9crit sur mon front.<strong> Finalement, c\u2019est \u00e0 moi de faire ce travail de sensibilisation<\/strong>\u2026\u00a0\u00bb<\/em><\/p>\n<figure id=\"attachment_715519\" aria-describedby=\"caption-attachment-715519\" style=\"width: 1024px\" class=\"wp-caption alignnone\"><img loading=\"lazy\" decoding=\"async\" class=\"wp-image-715519 size-medium\" src=\"https:\/\/mrmondialisation.org\/wp-content\/uploads\/2025\/02\/mark-paton-lvmjreyivja-unsplash-1024x798.jpg\" alt=\"\" width=\"1024\" height=\"798\" srcset=\"https:\/\/mrmondialisation.org\/wp-content\/uploads\/2025\/02\/mark-paton-lvmjreyivja-unsplash-1024x798.jpg 1024w, https:\/\/mrmondialisation.org\/wp-content\/uploads\/2025\/02\/mark-paton-lvmjreyivja-unsplash-1524x1187.jpg 1524w, https:\/\/mrmondialisation.org\/wp-content\/uploads\/2025\/02\/mark-paton-lvmjreyivja-unsplash-768x598.jpg 768w, https:\/\/mrmondialisation.org\/wp-content\/uploads\/2025\/02\/mark-paton-lvmjreyivja-unsplash-1536x1197.jpg 1536w, https:\/\/mrmondialisation.org\/wp-content\/uploads\/2025\/02\/mark-paton-lvmjreyivja-unsplash-696x542.jpg 696w, https:\/\/mrmondialisation.org\/wp-content\/uploads\/2025\/02\/mark-paton-lvmjreyivja-unsplash-1068x832.jpg 1068w, https:\/\/mrmondialisation.org\/wp-content\/uploads\/2025\/02\/mark-paton-lvmjreyivja-unsplash-539x420.jpg 539w, https:\/\/mrmondialisation.org\/wp-content\/uploads\/2025\/02\/mark-paton-lvmjreyivja-unsplash.jpg 1920w\" sizes=\"auto, (max-width: 1024px) 100vw, 1024px\"\/><figcaption id=\"caption-attachment-715519\" class=\"wp-caption-text\">Le port d\u2019un appareil auditif peut rebuter lorsque l\u2019on est encore jeune \u00a9<a target=\"_blank\" href=\"https:\/\/unsplash.com\/fr\/photos\/une-femme-met-une-paire-de-lunettes-lvmjREyiVJA\" target=\"_blank\" rel=\"noopener\">Unsplah<\/a><\/figcaption><\/figure>\n<p>Apr\u00e8s de longues d\u00e9marches, <strong>Lauriane a obtenu la <a target=\"_blank\" href=\"https:\/\/www.service-public.fr\/particuliers\/vosdroits\/F34049\" target=\"_blank\" rel=\"noopener\">CMI (Carte Mobilit\u00e9 Inclusion)<\/a><\/strong> qui lui permet notamment de se garer sur les places r\u00e9serv\u00e9es aux personnes handicap\u00e9es ou d\u2019utiliser les coupes-files.<em> \u00ab Je subis r\u00e9guli\u00e8rement des regards interrogatifs,<\/em> explique Lauriane. <em><strong>Je suis jeune et quand je ne suis pas en pleine crise, je peux marcher m\u00eame si j\u2019ai mal. Les gens ne comprennent pas<\/strong>. Sauf que j\u2019ai besoin de beaucoup d\u2019espace pour sortir de ma voiture, et qu\u2019il y a des jours o\u00f9 je n\u2019en suis pas capable de parcourir plus de 200 m\u00e8tres. <\/em><strong>Utiliser la CMI sans handicap visible, cela fait tiquer<\/strong> : <em>\u00ab <\/em><em>Une fois, j\u2019ai \u00e9t\u00e9 agress\u00e9e verbalement par un homme qui m\u2019a cri\u00e9 \u00ab\u00a0Je suis plus handicap\u00e9 que vous !\u00a0\u00bb\u2026\u00a0\u00bb<\/em><\/p>\n<p>Des discriminations \u00e9galement v\u00e9cues par Alice, d\u00e8s le premier jour de l\u2019usage de sa CMI : <strong><em>\u00ab <\/em><\/strong><em><strong>J\u2019ai carr\u00e9ment \u00e9t\u00e9 insult\u00e9e<\/strong> par un jeune couple, sous pr\u00e9texte que je pouvais marcher,<\/em> se souvient-elle, <em>ils m\u2019ont reproch\u00e9 d\u2019utiliser une fausse carte\u2026 Une violence qui m\u2019a marqu\u00e9e. Le jugement des autres fait partie des plus grosses difficult\u00e9s rencontr\u00e9es.\u00a0\u00bb <\/em><\/p>\n<p>A l\u2019instar de Lauriane, Alice a de bons et de mauvais jours, selon l\u2019intensit\u00e9 de ses sympt\u00f4mes. S\u2019il existe <strong>de nombreuses personnes d\u00e9tentrices de la CMI qui peuvent marcher<\/strong>, elle\u00a0ne s\u2019obtient pas sans un<strong> long parcours de demandes<\/strong>, appuy\u00e9es par des m\u00e9decins. <strong>Elle n\u2019a rien d\u2019une chance<\/strong>.<\/p>\n<figure id=\"attachment_715459\" aria-describedby=\"caption-attachment-715459\" style=\"width: 1024px\" class=\"wp-caption alignnone\"><img loading=\"lazy\" decoding=\"async\" class=\"wp-image-715459 size-medium\" src=\"https:\/\/mrmondialisation.org\/wp-content\/uploads\/2025\/02\/2897437147-8f0f801318-k-1024x768.jpg\" alt=\"\" width=\"1024\" height=\"768\" srcset=\"https:\/\/mrmondialisation.org\/wp-content\/uploads\/2025\/02\/2897437147-8f0f801318-k-1024x768.jpg 1024w, https:\/\/mrmondialisation.org\/wp-content\/uploads\/2025\/02\/2897437147-8f0f801318-k-1524x1143.jpg 1524w, https:\/\/mrmondialisation.org\/wp-content\/uploads\/2025\/02\/2897437147-8f0f801318-k-768x576.jpg 768w, https:\/\/mrmondialisation.org\/wp-content\/uploads\/2025\/02\/2897437147-8f0f801318-k-1536x1152.jpg 1536w, https:\/\/mrmondialisation.org\/wp-content\/uploads\/2025\/02\/2897437147-8f0f801318-k-696x522.jpg 696w, https:\/\/mrmondialisation.org\/wp-content\/uploads\/2025\/02\/2897437147-8f0f801318-k-1068x801.jpg 1068w, https:\/\/mrmondialisation.org\/wp-content\/uploads\/2025\/02\/2897437147-8f0f801318-k-560x420.jpg 560w, https:\/\/mrmondialisation.org\/wp-content\/uploads\/2025\/02\/2897437147-8f0f801318-k-80x60.jpg 80w, https:\/\/mrmondialisation.org\/wp-content\/uploads\/2025\/02\/2897437147-8f0f801318-k-265x198.jpg 265w, https:\/\/mrmondialisation.org\/wp-content\/uploads\/2025\/02\/2897437147-8f0f801318-k.jpg 2048w\" sizes=\"auto, (max-width: 1024px) 100vw, 1024px\"\/><figcaption id=\"caption-attachment-715459\" class=\"wp-caption-text\">Le handicap invisible, gard\u00e9 secret, peut devenir source d\u2019incompr\u00e9hension et de quiproquos <a target=\"_blank\" href=\"https:\/\/unsplash.com\/fr\/photos\/un-panneau-de-signalisation-indiquant-disabled-sur-le-bord-de-la-route-NKyIkM83i9Q&quot; target=&quot;_blank&quot; rel=&quot;noopener&quot;\" target=\"_blank\" rel=\"noopener\">\u00a9Unsplash<\/a><\/figcaption><\/figure>\n<h2><strong>D\u00e9marches administratives, acc\u00e8s au travail\u2026 Un parcours sem\u00e9 d\u2019emb\u00fbches<\/strong><\/h2>\n<p>Il aura fallu \u00e0 Lauriane <strong>des ann\u00e9es de d\u00e9marches pour enfin obtenir son RQTH<\/strong>, il y a deux mois. <em>\u00ab <\/em><em><a target=\"_blank\" href=\"https:\/\/mrmondialisation.org\/handicap-un-veritable-combat-pour-faire-valoir-ses-droits\/\" target=\"_blank\" rel=\"noopener\"><strong>L\u2019administration fran\u00e7aise est ubuesque<\/strong><\/a>,<\/em> l\u00e2che-t-elle avec un demi-sourire, <em>maintenant que j\u2019ai enfin mon RQTH,<strong> je dois refaire une demande pour ma CMI, en suspens \u00e0 cause de lenteurs administratives\u2026<\/strong> <strong>R\u00e9sultat, ma carte n\u2019est plus valide et je suis parfois forc\u00e9e de frauder.<\/strong> La spondylarthrite est une maladie d\u00e9g\u00e9n\u00e9rative : devoir r\u00e9guli\u00e8rement refaire une demande, c\u2019est un peu idiot\u2026\u00a0\u00bb<\/em><\/p>\n<p>C\u00f4t\u00e9 travail, <strong>Lauriane n\u2019a jamais r\u00e9v\u00e9l\u00e9 son handicap lors d\u2019entretiens d\u2019embauche<\/strong>. Peur du refus de certaines missions, de la croire inapte, ou a contrario de l\u2019utiliser pour remplir le quota employeur \u00ab travailleur handicap\u00e9\u00a0\u00bb\u2026 <em>\u00ab\u00a0Durant mes \u00e9tudes, un poste m\u2019a \u00e9t\u00e9 refus\u00e9 suite \u00e0 une alternance o\u00f9 j\u2019\u00e9tais souvent absente \u00e0 cause de traitements inefficaces,<\/em> explique-t-elle.<em><strong> Mes coll\u00e8gues actuels savent que j\u2019ai des probl\u00e8mes de sant\u00e9 mais ne m\u2019ont jamais questionn\u00e9e.<\/strong> Je sais que je devrai finir par en parler. Il y a des matins o\u00f9 il me faut plusieurs heures avant de me \u00ab\u00a0d\u00e9verouiller\u00a0\u00bb\u2026 C\u2019est dur \u00e0 associer avec des horaires de travail classique.\u00a0\u00bb<\/em><\/p>\n<figure id=\"attachment_715526\" aria-describedby=\"caption-attachment-715526\" style=\"width: 1024px\" class=\"wp-caption alignnone\"><img loading=\"lazy\" decoding=\"async\" class=\"wp-image-715526 size-medium\" src=\"https:\/\/mrmondialisation.org\/wp-content\/uploads\/2025\/02\/car-park-5104593-1280-1024x680.jpg\" alt=\"\" width=\"1024\" height=\"680\" srcset=\"https:\/\/mrmondialisation.org\/wp-content\/uploads\/2025\/02\/car-park-5104593-1280-1024x680.jpg 1024w, https:\/\/mrmondialisation.org\/wp-content\/uploads\/2025\/02\/car-park-5104593-1280-768x510.jpg 768w, https:\/\/mrmondialisation.org\/wp-content\/uploads\/2025\/02\/car-park-5104593-1280-696x462.jpg 696w, https:\/\/mrmondialisation.org\/wp-content\/uploads\/2025\/02\/car-park-5104593-1280-1068x709.jpg 1068w, https:\/\/mrmondialisation.org\/wp-content\/uploads\/2025\/02\/car-park-5104593-1280-632x420.jpg 632w, https:\/\/mrmondialisation.org\/wp-content\/uploads\/2025\/02\/car-park-5104593-1280.jpg 1280w\" sizes=\"auto, (max-width: 1024px) 100vw, 1024px\"\/><figcaption id=\"caption-attachment-715526\" class=\"wp-caption-text\">Les porteurs de carte CMI ne sont pas tous en fauteuil \u00a9<a target=\"_blank\" href=\"https:\/\/pixabay.com\/fr\/photos\/parking-handicap-handicap%C3%A9-pmr-5104593\/\" target=\"_blank\" rel=\"noopener\">Pixabay<\/a><\/figcaption><\/figure>\n<p>Marie, qui vient d\u2019\u00eatre appareill\u00e9e et entre dans les d\u00e9marches de <a target=\"_blank\" href=\"https:\/\/www.service-public.fr\/particuliers\/vosdroits\/F1650\" target=\"_blank\" rel=\"noopener\">RQTH (Reconnaissance de la Qualit\u00e9 de Travailleur Handicap\u00e9)<\/a>, a <strong>fait profil bas lors de son embauche<\/strong> : <em>\u00ab\u00a0Je n\u2019en ai pas parl\u00e9 de <strong>peur que cela ne fasse obstacle<\/strong>, mais si je reste trop longtemps en caisse, cela m\u2019\u00e9puise car je fais constamment r\u00e9p\u00e9ter. J\u2019ai fini par aborder le sujet avec mon patron, qui s\u2019est montr\u00e9 compr\u00e9hensif. Nous avons pu r\u00e9adapter mon poste ensemble.\u00a0\u00bb<\/em><\/p>\n<p>Alice travaille au quotidien \u00e0 adapter le monde du travail \u00e0 celui du handicap. <em>\u00ab\u00a0Je constate une <strong>\u00e9volution positive, m\u00eame si le chemin \u00e0 parcourir est encore tr\u00e8s long<\/strong>. La notion de productivit\u00e9 reste dure \u00e0 associer au mot \u00ab\u00a0handicap\u00a0\u00bb, mais de plus en plus d\u2019entreprises s\u2019adaptent car <strong>nous sommes aussi capables que les autres<\/strong>, \u00e0 condition d\u2019avoir les am\u00e9nagements n\u00e9cessaires. <strong>Une entreprise inclusive a tout \u00e0 y gagner, \u00e0 commencer par le regard des autres salari\u00e9s<\/strong>. Nous manquons d\u2019informations, ne savons pas quoi faire face \u00e0 quelqu\u2019un en situation de handicap\u2026 Il y a encore beaucoup de tabous, mais c\u2019est en les \u00e9voquant et en les d\u00e9dramatisant que cela avancera.\u00a0\u00bb<\/em><\/p>\n<blockquote>\n<p><strong><em>\u00ab J\u2019ai encore du mal \u00e0 utiliser le mot \u00ab\u00a0handicap\u00a0\u00bb, avant tout parce que je ne me sens <\/em><em>pas l\u00e9gitime.<\/em><\/strong><\/p>\n<\/blockquote>\n<h2><strong>\u00catre handicap\u00e9, une question de l\u00e9gitimit\u00e9 ?<\/strong><\/h2>\n<p><strong>Parler de handicap ne va pas de soi quand c\u2019est une maladie acquise car dans ce cas, on ne na\u00eet pas en situation de handicap, on le devient.<\/strong> Une \u00e9tape psychologiquement difficile \u00e0 franchir.<\/p>\n<p><em>\u00ab Le mot \u00ab\u00a0handicap\u00a0\u00bb est tout r\u00e9cent pour moi,<\/em> souligne Marie, <em>mais j\u2019ai compris que <strong>se taire est une erreur, car comment faire deviner ce qui ne se voit pas ?<\/strong> R\u00e9cemment, un client m\u2019a faite r\u00e9p\u00e9ter en pr\u00e9cisant \u00ab\u00a0D\u00e9sol\u00e9, je suis malentendant.\u00a0\u00bb En quelques mots, il a su me montrer l\u2019invisible et ce que je n\u2019arrive pas, pour ma part, \u00e0 exprimer. J\u2019ai encore du mal \u00e0 utiliser le mot \u00ab\u00a0handicap\u00a0\u00bb, avant tout parce que <strong>je ne me sens <\/strong><\/em><em><strong>pas l\u00e9gitime <\/strong>: je ne souffre pas, et l\u2019appareillage m\u2019aide \u00e0 retrouver une partie de mon audition. Toutefois, j\u2019ai compris que <strong>le handicap ne se d\u00e9finit pas par son aspect irr\u00e9versible, mais par la g\u00eane qu\u2019il apporte dans notre quotidien<\/strong>.<\/em>\u00a0\u00bb<\/p>\n<figure id=\"attachment_715525\" aria-describedby=\"caption-attachment-715525\" style=\"width: 1024px\" class=\"wp-caption alignnone\"><img loading=\"lazy\" decoding=\"async\" class=\"wp-image-715525 size-medium\" src=\"https:\/\/mrmondialisation.org\/wp-content\/uploads\/2025\/02\/mute-1220871-1280-1024x682.jpg\" alt=\"\" width=\"1024\" height=\"682\" srcset=\"https:\/\/mrmondialisation.org\/wp-content\/uploads\/2025\/02\/mute-1220871-1280-1024x682.jpg 1024w, https:\/\/mrmondialisation.org\/wp-content\/uploads\/2025\/02\/mute-1220871-1280-768x512.jpg 768w, https:\/\/mrmondialisation.org\/wp-content\/uploads\/2025\/02\/mute-1220871-1280-696x464.jpg 696w, https:\/\/mrmondialisation.org\/wp-content\/uploads\/2025\/02\/mute-1220871-1280-1068x712.jpg 1068w, https:\/\/mrmondialisation.org\/wp-content\/uploads\/2025\/02\/mute-1220871-1280-630x420.jpg 630w, https:\/\/mrmondialisation.org\/wp-content\/uploads\/2025\/02\/mute-1220871-1280.jpg 1280w\" sizes=\"auto, (max-width: 1024px) 100vw, 1024px\"\/><figcaption id=\"caption-attachment-715525\" class=\"wp-caption-text\">Les handicaps sensoriels touchent de nombreuses personnes, de tous \u00e2ges \u00a9<a target=\"_blank\" href=\"https:\/\/pixabay.com\/fr\/photos\/muet-sourd-aveugle-pas-vu-1220871\/\" target=\"_blank\" rel=\"noopener\">Pixabay<\/a><\/figcaption><\/figure>\n<p>Pour Lauriane, <strong>le mot \u00ab handicap\u00e9e\u00a0\u00bb n\u2019a rien de p\u00e9joratif mais elle n\u2019arrive pas \u00e0 l\u2019utiliser avec s\u00e9rieux<\/strong>. Elle aussi souffre d\u2019une question de <strong>l\u00e9gitimit\u00e9<\/strong>. Comment se dire porteur de handicap face \u00e0 des personnes en fauteuil roulant quand on peut marcher ? <strong>\u00ab <\/strong><em>J\u2019utilise le terme \u00ab\u00a0handicap\u00e9e\u00a0\u00bb quand je suis incapable de faire mes lacets et que je m\u2019exclame en rigolant \u00ab\u00a0Quelle handicap\u00e9e !\u00a0\u00bb. Je n\u2019arrive pas \u00e0 l\u2019employer s\u00e9rieusement. <strong>Ce n\u2019est pas une question de honte, ou de s\u00e9mantique<\/strong>\u2026 Je dis que j\u2019ai des probl\u00e8mes de sant\u00e9 mais pas que je suis handicap\u00e9e, sans doute parce que <strong>je consid\u00e8re que d\u2019autres personnes sont plus touch\u00e9es que moi<\/strong>\u00ab\u00a0<\/em><\/p>\n<p>Alice pr\u00e9f\u00e8re <strong>employer le terme \u00ab en situation de handicap\u00a0\u00bb<\/strong>, car pour elle, les personnes touch\u00e9es ne le sont pas forc\u00e9ment dans tous les contextes. Une appellation qui passe souvent mieux que le mot \u00ab handicap\u00e9\u00a0\u00bb, qui <em>\u00ab\u00a0repr\u00e9sente quelque chose d\u2019\u00e9norme, et engendre en effet un souci de l\u00e9gitimit\u00e9. Il faut comprendre qu\u2019<strong>il existe tous types de handicaps, plus ou moins lourds, plus ou moins visibles.<\/strong> Pourtant, d\u00e8s lors que l\u2019<strong>on n\u2019est \u00ab\u00a0pas capable de\u00a0\u00bb \u00e0 cause d\u2019une maladie physique ou psychique, on est en situation de handicap.<\/strong> Chaque personne l\u2019approche et l\u2019apprivoise ensuite \u00e0 sa mani\u00e8re, avec ses propres mots.\u00a0\u00bb<\/em><\/p>\n<p><em style=\"font-family: Verdana, BlinkMacSystemFont, -apple-system, 'Segoe UI', Roboto, Oxygen, Ubuntu, Cantarell, 'Open Sans', 'Helvetica Neue', sans-serif;\">*Le pr\u00e9nom a \u00e9t\u00e9 modifi\u00e9.<\/em><\/p>\n<p style=\"text-align: right;\"><em>\u2013 <strong>Renard polaire<\/strong><\/em><\/p>\n<hr\/>\n<p>Photo de couverture de <a target=\"_blank\" href=\"https:\/\/unsplash.com\/fr\/@gama26?utm_content=creditCopyText&amp;utm_medium=referral&amp;utm_source=unsplash\">Manuel Gast<\/a> sur <a target=\"_blank\" href=\"https:\/\/unsplash.com\/fr\/photos\/un-gros-plan-de-loreille-dune-personne-EOy8B9omFao?utm_content=creditCopyText&amp;utm_medium=referral&amp;utm_source=unsplash\">Unsplash<\/a><\/p>\n<div class=\"td-a-rec td-a-rec-id-content_bottom  tdi_2 td_block_template_1\">\n<span class=\"td-adspot-title\">&#8211; Cet article gratuit et ind\u00e9pendant existe gr\u00e2ce \u00e0 vous &#8211;<\/span><\/p>\n<div class=\"td-all-devices\">\n    <a target=\"_blank\" href=\"https:\/\/mrmondialisation.org\/donation\/\" title=\"Faire_un_don\"><img decoding=\"async\" class=\"donationArticle\" src=\"https:\/\/mrmondialisation.org\/wp-content\/uploads\/2022\/12\/220405-flikalicious-final.jpg\" alt=\"Donation\"\/><\/a>\n<\/div>\n<\/div><\/div>\n<p><br \/>\n<br \/><a href=\"https:\/\/mrmondialisation.org\/vivre-et-travailler-avec-un-handicap-invisible\/\" target=\"_blank\"\">Source link <\/a><\/p>\n","protected":false},"excerpt":{"rendered":"<p>Quelles sont les difficult\u00e9s rencontr\u00e9es au quotidien pour les personnes porteuses de handicap invisible ? Comment articuler ses g\u00eanes ou ses douleurs avec ses proches, son travail et sa vie&hellip; <\/p>\n","protected":false},"author":1,"featured_media":7411,"comment_status":"open","ping_status":"open","sticky":false,"template":"","format":"standard","meta":{"footnotes":""},"categories":[1],"tags":[],"class_list":["post-7410","post","type-post","status-publish","format-standard","has-post-thumbnail","hentry","category-non-classe"],"_links":{"self":[{"href":"https:\/\/monde25.info\/index.php\/wp-json\/wp\/v2\/posts\/7410","targetHints":{"allow":["GET"]}}],"collection":[{"href":"https:\/\/monde25.info\/index.php\/wp-json\/wp\/v2\/posts"}],"about":[{"href":"https:\/\/monde25.info\/index.php\/wp-json\/wp\/v2\/types\/post"}],"author":[{"embeddable":true,"href":"https:\/\/monde25.info\/index.php\/wp-json\/wp\/v2\/users\/1"}],"replies":[{"embeddable":true,"href":"https:\/\/monde25.info\/index.php\/wp-json\/wp\/v2\/comments?post=7410"}],"version-history":[{"count":0,"href":"https:\/\/monde25.info\/index.php\/wp-json\/wp\/v2\/posts\/7410\/revisions"}],"wp:featuredmedia":[{"embeddable":true,"href":"https:\/\/monde25.info\/index.php\/wp-json\/wp\/v2\/media\/7411"}],"wp:attachment":[{"href":"https:\/\/monde25.info\/index.php\/wp-json\/wp\/v2\/media?parent=7410"}],"wp:term":[{"taxonomy":"category","embeddable":true,"href":"https:\/\/monde25.info\/index.php\/wp-json\/wp\/v2\/categories?post=7410"},{"taxonomy":"post_tag","embeddable":true,"href":"https:\/\/monde25.info\/index.php\/wp-json\/wp\/v2\/tags?post=7410"}],"curies":[{"name":"wp","href":"https:\/\/api.w.org\/{rel}","templated":true}]}}