{"id":742,"date":"2024-11-23T14:03:21","date_gmt":"2024-11-23T13:03:21","guid":{"rendered":"https:\/\/monde25.info\/index.php\/2024\/11\/23\/vers-un-fiasco-pour-le-climat-a-la-cop29\/"},"modified":"2024-11-23T14:03:21","modified_gmt":"2024-11-23T13:03:21","slug":"vers-un-fiasco-pour-le-climat-a-la-cop29","status":"publish","type":"post","link":"https:\/\/monde25.info\/index.php\/2024\/11\/23\/vers-un-fiasco-pour-le-climat-a-la-cop29\/","title":{"rendered":"Vers un fiasco pour le climat \u00e0 la COP29"},"content":{"rendered":"<p> <br \/>\n<\/p>\n<div>\n<p class=\"indication_lieu\">Bakou (Azerba\u00efdjan), reportage<\/p>\n<p><i>\u00ab<small class=\"fine d-inline\">\u00a0<\/small>Il y aura une pl\u00e9ni\u00e8re \u00e0 12\u00a0heures. Ou \u00e0 14\u00a0heures.<small class=\"fine d-inline\">\u00a0<\/small>\u00bb<\/i> \u00c0 vrai dire, dans les trav\u00e9es d\u00e9sormais silencieuses du stade olympique de Bakou, personne ne sait vraiment o\u00f9 l\u2019on en est. L\u2019Azerba\u00efdjan, pays h\u00f4te de la <span class=\"caps\">COP29<\/span>, est le th\u00e9\u00e2tre d\u2019un fiasco international. Cens\u00e9es s\u2019\u00eatre achev\u00e9es le 22\u00a0novembre \u00e0 18\u00a0heures, les n\u00e9gociations sur le climat s\u2019enlisent totalement. <i>\u00ab<small class=\"fine d-inline\">\u00a0<\/small>Nous sommes clairement dans une impasse<small class=\"fine d-inline\">\u00a0<\/small>\u00bb<\/i>, confirme Rebecca Thissen, du Climate Action Network International. Et d\u00e9j\u00e0, plane l\u2019hypoth\u00e8se d\u2019une fin de <span class=\"caps\">COP<\/span> sans accord. <i>Reporterre<\/i> remonte le fil des derni\u00e8res vingt-quatre heures \u00e9coul\u00e9es pour vous d\u00e9crire ce qu\u2019il se joue en coulisses.<\/p>\n<p>D\u00e9taillant deux options totalement polaris\u00e9es, le brouillon d\u2019accord final paru le 21\u00a0novembre n\u2019a s\u00e9duit aucun n\u00e9gociateur. Per\u00e7ue comme une <a target=\"_blank\" href=\"https:\/\/reporterre.net\/COP29-le-projet-d-accord-final-provoque-la-colere-des-pays-du-Sud\"><i>\u00ab<small class=\"fine d-inline\">\u00a0<\/small>gifle<small class=\"fine d-inline\">\u00a0<\/small>\u00bb<\/i> par les pays du Sud<\/a>, et d\u00e9crite comme <i>\u00ab<small class=\"fine d-inline\">\u00a0<\/small>clairement inacceptable<small class=\"fine d-inline\">\u00a0<\/small>\u00bb<\/i> par ceux du Nord, cette version n\u2019\u00e9tait-elle qu\u2019un leurre<small class=\"fine d-inline\">\u00a0<\/small>? Oui, aux yeux d\u2019une source diplomatique fran\u00e7aise\u00a0: <i>\u00ab<small class=\"fine d-inline\">\u00a0<\/small>\u00c0 l\u2019approche de la cl\u00f4ture, il y a toujours un peu de th\u00e9\u00e2tre. La pl\u00e9ni\u00e8re de la veille, o\u00f9 chacun a scand\u00e9 ses positions de fa\u00e7on assez vocale, est l\u2019une des pi\u00e8ces de la sc\u00e9nographie de cette <span class=\"caps\">COP<\/span>.<small class=\"fine d-inline\">\u00a0<\/small>\u00bb<\/i> D\u2019apr\u00e8s elle, <i>\u00ab<small class=\"fine d-inline\">\u00a0<\/small>une fois purg\u00e9e cette dramatisation<small class=\"fine d-inline\">\u00a0<\/small>\u00bb<\/i>, un v\u00e9ritable texte de compromis \u2014 d\u00e9j\u00e0 pr\u00eat mais tenu secret par la pr\u00e9sidence \u2014 allait \u00eatre publi\u00e9.<\/p>\n<h2 class=\"spip\">La mission semblait pourtant claire<\/h2>\n<p>Aux alentours de 15 heures, le 22\u00a0novembre, cette fameuse copie myst\u00e8re a \u00e9t\u00e9 d\u00e9voil\u00e9e. \u00c0 peine celle-ci sortie de l\u2019imprimante, les \u00e9pith\u00e8tes fusent dans la bouche de la soci\u00e9t\u00e9 civile\u00a0: <i>\u00ab<small class=\"fine d-inline\">\u00a0<\/small>irrespectueuse<small class=\"fine d-inline\">\u00a0<\/small>\u00bb<\/i>, <i>\u00ab<small class=\"fine d-inline\">\u00a0<\/small>insultante<small class=\"fine d-inline\">\u00a0<\/small>\u00bb<\/i>, ou encore <i>\u00ab<small class=\"fine d-inline\">\u00a0<\/small>comment jouer au poker avec la vie des gens<small class=\"fine d-inline\">\u00a0<\/small>\u00bb<\/i>. La mission semblait pourtant claire\u00a0: fixer le montant de l\u2019enveloppe annuelle vers\u00e9e aux pays en d\u00e9veloppement pour affronter la crise climatique, baptis\u00e9 <i>\u00ab<small class=\"fine d-inline\">\u00a0<\/small>nouvel objectif collectif quantifi\u00e9<small class=\"fine d-inline\">\u00a0<\/small>\u00bb<\/i> ou <i>\u00ab<small class=\"fine d-inline\">\u00a0<\/small><span class=\"caps\">NCQG<\/span><small class=\"fine d-inline\">\u00a0<\/small>\u00bb<\/i>. Un consensus d\u2019experts avait chiffr\u00e9 les besoins dans une fourchette comprise entre 1\u00a0000 et 1\u00a0300 milliards de dollars par an (960 et 1\u00a0250 milliards d\u2019euros).<\/p>\n<div class=\"spip_document_86517 spip_document spip_documents spip_document_image spip_documents_center spip_document_center spip_document_avec_legende\" data-legende-len=\"177\" data-legende-lenx=\"xxx\">\n<figure class=\"spip_doc_inner\">\n      <picture><source type=\"image\/webp\" srcset=\"https:\/\/reporterre.net\/local\/cache-vignettes\/L1050xH700\/01067068-01_resized-2-a6dd9.jpg@.webp?1732352949\"><img decoding=\"async\" src=\"https:\/\/reporterre.net\/IMG\/jpg\/01067068-01_resized-2.jpg\" width=\"1200\" height=\"800\" loading=\"lazy\" alt=\"\"\/><br \/>\n    <\/source><\/picture><figcaption class=\"spip_doc_legende\">\n<p>Pour la premi\u00e8re fois, les pays du Nord ont jou\u00e9 cartes sur table en avan\u00e7ant une v\u00e9ritable proposition financi\u00e8re\u00a0: 250 milliards de dollars.<br \/>\n<i>\u00a9 Emmanuel Cl\u00e9venot \/ Reporterre<br \/>\n<\/i><\/p>\n<\/figcaption><\/figure>\n<\/p><\/div>\n<p>Or, pour la toute premi\u00e8re fois, les pays du Nord ont jou\u00e9 cartes sur table en avan\u00e7ant une v\u00e9ritable proposition financi\u00e8re\u00a0: 250\u00a0milliards. \u00c0 la lecture du projet d\u2019accord, le toll\u00e9 f\u00fbt imm\u00e9diat\u00a0: <i>\u00ab<small class=\"fine d-inline\">\u00a0<\/small>La justice climatique n\u2019a pas besoin d\u2019une telle plaisanterie<small class=\"fine d-inline\">\u00a0<\/small>\u00bb<\/i>, a d\u00e9nonc\u00e9 le K\u00e9nyan Obed Koringo, de l\u2019<span class=\"caps\">ONG<\/span> Care International. <i>\u00ab<small class=\"fine d-inline\">\u00a0<\/small>Il ne s\u2019agit pas de charit\u00e9. Personne n\u2019est en train de mendier de l\u2019argent<\/i>, a ajout\u00e9 l\u2019\u00c9tasunienne, Rachel Cleetus, directrice politique de l\u2019Union of Concerned Scientists. <i>Les pays riches ont une responsabilit\u00e9 historique dans le <a target=\"_blank\" href=\"Qu-est-ce-que-le-rechauffement-climatique\">changement climatique<\/a>, et aujourd\u2019hui, ils tentent de la fuir.<small class=\"fine d-inline\">\u00a0<\/small>\u00bb<\/i><\/p>\n<h2 class=\"spip\">Alourdir la dette des plus vuln\u00e9rables<\/h2>\n<p>Consult\u00e9e par <i>Reporterre<\/i>, la nouvelle version se construit sur <i>\u00ab<small class=\"fine d-inline\">\u00a0<\/small>la m\u00e9taphore de l\u2019oignon<small class=\"fine d-inline\">\u00a0<\/small>\u00bb<\/i>, si souvent \u00e9voqu\u00e9e dans les couloirs du stade olympique de Bakou. En clair, l\u2019article\u00a07 appelle bel et bien <i>\u00ab<small class=\"fine d-inline\">\u00a0<\/small>tous les acteurs \u00e0 travailler ensemble<small class=\"fine d-inline\">\u00a0<\/small>\u00bb<\/i> pour <i>\u00ab<small class=\"fine d-inline\">\u00a0<\/small>atteindre au moins 1\u00a0300 milliards de dollars<small class=\"fine d-inline\">\u00a0<\/small>\u00bb<\/i>. Il s\u2019agit l\u00e0 uniquement de la couche externe de l\u2019oignon, ouverte \u00e0 quiconque d\u00e9sire contribuer \u2014 que ce soit des \u00c9tats, des banques, des acteurs priv\u00e9s ou des philanthropes. Rien d\u2019obligatoire, donc.<\/p>\n<p>Le c\u0153ur du bulbe est, lui, compris dans l\u2019article\u00a08. Il fixe l\u2019objectif des \u00c9tats contribuant historiquement \u00e0 cette tirelire\u00a0: les fameux 250\u00a0milliards de dollars, d\u2019ici\u00a02035. Un chiffre jug\u00e9 <i>\u00ab<small class=\"fine d-inline\">\u00a0<\/small>minime<small class=\"fine d-inline\">\u00a0<\/small>\u00bb<\/i> par Rebecca Thissen, charg\u00e9e de plaidoyer au Climate Action Network International\u00a0: <i>\u00ab<small class=\"fine d-inline\">\u00a0<\/small>D\u2019autant qu\u2019une mention pr\u00e9cise que les pays d\u00e9velopp\u00e9s devront \u00ab\u00a0jouer un r\u00f4le moteur\u00a0\u00bb. L\u00e9galement, \u00e7a ne veut rien dire. Est-ce que filer 1\u00a0euro \u00e0 la cagnotte suffit<small class=\"fine d-inline\">\u00a0<\/small>? Personne ne sait.<small class=\"fine d-inline\">\u00a0<\/small>\u00bb<\/i><\/p>\n<p>Autre \u00e9l\u00e9ment de crispation\u00a0: rien n\u2019indique dans le brouillon d\u2019accord qu\u2019il s\u2019agira de dons. <i>\u00ab<small class=\"fine d-inline\">\u00a0<\/small>L\u2019ambigu\u00eft\u00e9 du paragraphe\u00a014, quant \u00e0 la question de savoir si ce financement est bas\u00e9 sur des subventions ou exempt de dette, nuit \u00e0 son efficacit\u00e9<small class=\"fine d-inline\">\u00a0<\/small>\u00bb<\/i>, d\u00e9clare Youth and Environnement Europe. Les nations les plus vuln\u00e9rables pourraient d\u00e8s lors \u00eatre contraintes d\u2019emprunter et de rembourser des int\u00e9r\u00eats pour affronter les r\u00e9percussions d\u2019une crise dont l\u2019historique responsable est leur <i>\u00ab<small class=\"fine d-inline\">\u00a0<\/small>banquier<small class=\"fine d-inline\">\u00a0<\/small>\u00bb<\/i>.<\/p>\n<h2 class=\"spip\">Mieux vaut quitter Bakou sans accord<\/h2>\n<p>Face \u00e0 cette fin de non-recevoir, que disent les pays riches<small class=\"fine d-inline\">\u00a0<\/small>? Qu\u2019il est <i>\u00ab<small class=\"fine d-inline\">\u00a0<\/small>tout simplement impossible<small class=\"fine d-inline\">\u00a0<\/small>\u00bb<\/i> d\u2019atteindre le millier de milliards r\u00e9clam\u00e9 avec l\u2019argent public, d\u2019apr\u00e8s les mots de Steven Guibeault, ministre canadien du climat. Une rh\u00e9torique partag\u00e9e par l\u2019ancienne pr\u00e9sidente de l\u2019Irlande, Mary Robinson\u00a0: <i>\u00ab<small class=\"fine d-inline\">\u00a0<\/small>Les budgets sont serr\u00e9s<small class=\"fine d-inline\">\u00a0<\/small>\u00bb<\/i>, a-t-elle d\u00e9clar\u00e9 au <i>Guardian<\/i>, avant d\u2019ajouter que l\u2019inflation, la crise Covid et la guerre en Ukraine avait mis \u00e0 rude \u00e9preuve les \u00e9conomies du Nord.<\/p>\n<p><i>\u00ab<small class=\"fine d-inline\">\u00a0<\/small>Vous pr\u00e9tendez que les caisses sont vides, mais vous distribuez des milliers de milliards aux marchands de mort que sont l\u2019industrie de l\u2019armement et celle des combustibles fossiles<\/i>, a r\u00e9torqu\u00e9 Asad Rehman, directeur de l\u2019association britannique de lutte contre la pauvret\u00e9 War on Want. <i>Dans les d\u00e9combres de Gaza, il y a non seulement les corps mutil\u00e9s de nos s\u0153urs et de nos fr\u00e8res, mais aussi la moralit\u00e9 des dirigeants occidentaux ayant arm\u00e9 et aliment\u00e9 ce g\u00e9nocide.<small class=\"fine d-inline\">\u00a0<\/small>\u00bb<\/i><\/p>\n<p>Le 22\u00a0novembre \u00e0 l\u2019aube, la pr\u00e9sidence de la <span class=\"caps\">COP<\/span> avait d\u00e9clar\u00e9 \u2014 non sans exc\u00e8s d\u2019optimisme une fois encore \u2014 que seuls quelques <i>\u00ab<small class=\"fine d-inline\">\u00a0<\/small>ajustements mineurs<small class=\"fine d-inline\">\u00a0<\/small>\u00bb<\/i> pourraient \u00eatre apport\u00e9s \u00e0 ces nouvelles pages. Ce, avant la publication d\u00e9finitive de l\u2019accord, actant la cl\u00f4ture du grand raout, \u00e0 la tomb\u00e9e de la nuit. Une affirmation accueillie par la moue sceptique d\u2019une source diplomatique fran\u00e7aise\u00a0: <i>\u00ab<small class=\"fine d-inline\">\u00a0<\/small>D\u00e9j\u00e0 une version finale<small class=\"fine d-inline\">\u00a0<\/small>? Je ne sais pas.<small class=\"fine d-inline\">\u00a0<\/small>\u00bb<\/i> Une chose est s\u00fbre\u00a0: du c\u00f4t\u00e9 de la soci\u00e9t\u00e9 civile, il en est hors de question\u00a0: <i>\u00ab<small class=\"fine d-inline\">\u00a0<\/small>Notre message est clair,<\/i> poursuit Obed Koringo. <i>Quitter Bakou avec aucun accord vaut mieux qu\u2019une telle b\u00eatise.<small class=\"fine d-inline\">\u00a0<\/small>\u00bb<\/i><\/p>\n<h2 class=\"spip\">Le record de Madrid en ligne de mire<\/h2>\n<p>La veille, devant la pl\u00e9ni\u00e8re enflamm\u00e9e des peuples, l\u2019activiste k\u00e9nyan Omar Elmawi a appel\u00e9 \u00e0 la mobilisation\u00a0: <i>\u00ab<small class=\"fine d-inline\">\u00a0<\/small>Imaginez un instant que nos anc\u00eatres aient baiss\u00e9 les bras face aux esclavagistes. Serions-nous ici aujourd\u2019hui<small class=\"fine d-inline\">\u00a0<\/small>? Eux se sont battus contre vents et marr\u00e9es pour que nous naissions libres. Alors oui, nous pouvons \u00eatre d\u00e9munis et fatigu\u00e9s, mais jamais nous n\u2019abandonnerons.<small class=\"fine d-inline\">\u00a0<\/small>\u00bb<\/i> Et d\u2019ajouter, dans une salle en effervescence\u00a0: <i>\u00ab<small class=\"fine d-inline\">\u00a0<\/small>Envoyons un message \u00e0 Nelson Mandela et Martin Luther King. Montrons-leur que nous ne sommes pas vaincus.<small class=\"fine d-inline\">\u00a0<\/small>\u00bb<\/i><\/p>\n<p>Reste qu\u2019\u00e0 cette vitesse, les d\u00e9l\u00e9gations les plus pr\u00e9caires commencent d\u00e9j\u00e0 \u00e0 d\u00e9serter les lieux. Les h\u00f4tels de la capitale azerba\u00efdjanaise \u00e9tant hors de prix, et les billets d\u2019avion n\u2019\u00e9tant pas toujours modifiables, certains d\u00e9l\u00e9gu\u00e9s n\u2019ont d\u2019autres choix que de rentrer au pays. Une strat\u00e9gie des pays riches pour se d\u00e9lester du bloc dissident, s\u2019interroge un journaliste suisse<small class=\"fine d-inline\">\u00a0<\/small>? <i>\u00ab<small class=\"fine d-inline\">\u00a0<\/small>Je n\u2019ose pas y croire<\/i>, lui r\u00e9torque une observatrice. <i>Ce serait d\u2019une honteuse malhonn\u00eatet\u00e9.<small class=\"fine d-inline\">\u00a0<\/small>\u00bb<\/i><\/p>\n<blockquote class=\"spip\">\n<p>\u00ab<small class=\"fine d-inline\">\u00a0<\/small>Montrons-leur que nous ne sommes pas vaincus<small class=\"fine d-inline\">\u00a0<\/small>\u00bb<\/p>\n<\/blockquote>\n<p>Le 23\u00a0novembre au matin, les couloirs de la <span class=\"caps\">COP<\/span> sont presque vides. Les tractations ont dur\u00e9 toute la nuit, mais pour l\u2019heure, aucune nouvelle version \u00e0 l\u2019horizon. <i>\u00ab<small class=\"fine d-inline\">\u00a0<\/small>J\u2019ai un billet d\u2019avion pour dimanche<\/i>, lance un diplomate. <i>S\u2019il faut le d\u00e9caler \u00e0 lundi, je le ferai. Seulement, \u00e0 un moment ou \u00e0 un autre, il faudra bien boucler les discussions.<small class=\"fine d-inline\">\u00a0<\/small>\u00bb<\/i><\/p>\n<p>La pr\u00e9sidence de Bakou entrera-t-elle dans l\u2019histoire en battant le record d\u00e9tenu par Madrid depuis 2019<small class=\"fine d-inline\">\u00a0<\/small>? Cette ann\u00e9e-l\u00e0, le coup de sifflet final de la <span class=\"caps\">COP25<\/span> \u00e9tait intervenu avec quarante-quatre heures de retard. Comme aime le dire le secr\u00e9taire g\u00e9n\u00e9ral des Nations unies\u2026 <i>\u00ab<small class=\"fine d-inline\">\u00a0<\/small>L\u2019horloge tourne.<small class=\"fine d-inline\">\u00a0<\/small>\u00bb<\/i><\/p>\n<aside class=\"boite_encarts\">\n<div class=\"encart encart_gris noprint\">\n<p><strong>Il est de retour.<\/strong><\/p>\n<p>Dans quelques semaines, Donald Trump se r\u00e9-installera \u00e0 la Maison Blanche.<\/p>\n<p>Un milliardaire, pour qui le r\u00e9chauffement climatique est \u00ab<small class=\"fine d-inline\">\u00a0<\/small>un canular<small class=\"fine d-inline\">\u00a0<\/small>\u00bb, sera \u00e0 la t\u00eate de la plus grande puissance mondiale.<\/p>\n<p>Dans une d\u00e9cennie cruciale pour l\u2019\u00e9cologie, nous ne pouvons pas nous permettre de perdre plus de temps.<\/p>\n<p>La soci\u00e9t\u00e9 civile doit continuer de se soulever, de se mobiliser et de faire pression sur les puissants.<\/p>\n<p>Mais pour agir, il faut savoir.<\/p>\n<p><strong>Depuis 11 ans, nous publions des articles de qualit\u00e9 sur l\u2019\u00e9cologie, en acc\u00e8s libre et sans publicit\u00e9, pour tous.<\/strong><\/p>\n<p>Nous avons la conviction que l\u2019urgence \u00e9cologique est l\u2019enjeu majeur de notre \u00e9poque.<br class=\"autobr\"\/><br \/>\n Et comme plus de 2 millions de lectrices et lecteurs chaque mois, vous partagez sans doute cette conviction&#8230;<\/p>\n<p>Alors si vous en avez les moyens, sachez qu\u2019un don, m\u00eame d\u20191\u20ac, est un acte de soutien fort pour l\u2019\u00e9cologie et le journalisme ind\u00e9pendant.<br class=\"autobr\"\/><br \/>\n (Et \u00e7a vous prendra moins de temps que la lecture de ce texte).<\/p>\n<p><strong>Si vous le pouvez, choisissez un soutien mensuel. Merci.<\/strong><\/p>\n<p><a target=\"_blank\" href=\"https:\/\/reporterre.net\/dons\" class=\"bt_soutenir\">Je soutiens <i>Reporterre<\/i><\/a><\/p>\n<\/p><\/div>\n<div class=\"encart encart_vert noprint montre_1023\">\n<div class=\"infolettre-form-container noprint\">\n<p>Abonnez-vous \u00e0 la lettre d\u2019info de Reporterre<\/p>\n<\/div><\/div>\n<\/aside>\n<aside class=\"boite_apresarticle encart_note\">\n<h4>Apr\u00e8s cet article<\/h4>\n<p>      <a target=\"_blank\" href=\"https:\/\/reporterre.net\/COP29-le-projet-d-accord-final-provoque-la-colere-des-pays-du-Sud\" class=\"lien_article\">\n      <picture class=\"vignette_gauche\"><source type=\"image\/webp\" srcset=\"https:\/\/reporterre.net\/https:\/\/reporterre.net\/local\/cache-gd2\/a2\/9b7fe573f97a46e134a71f49851719.jpg@.webp?1732268784\"><img decoding=\"async\" src=\"https:\/\/reporterre.net\/local\/cache-gd2\/a2\/9b7fe573f97a46e134a71f49851719.jpg?1732268784\" width=\"450\" height=\"300\" alt=\"\" class=\"marge12\" loading=\"lazy\"\/><br \/>\n<\/source><\/picture>\n<p class=\"libelle\">\n<p>          Reportage \u2014<\/p>\n<p>      COP29\n    <\/p>\n<p class=\"titre pol20\"><span class=\"caps\">COP29<\/span>\u00a0: le projet d\u2019accord final provoque la col\u00e8re des pays du Sud<\/p>\n<p>      <\/a><br \/>\n    <\/aside>\n<aside class=\"boite_complement texte\">\n<p>      <!-- zone_forum --><br \/>\n          <\/aside>\n<aside class=\"boite_lireaussi noprint\">\n<\/aside>\n<aside class=\"colonne\">\n<div class=\"article_info cache_1023 noprint\">\n<p>    <span class=\"date\">23 novembre 2024  \u00e0 10h08<\/span><\/p>\n<p class=\"duree_lecture\">\n        Dur\u00e9e de lecture : 7 minutes\n      <\/p>\n<\/p><\/div>\n<div class=\"bloc_infolettre\">\n<div class=\"infolettre-form-container noprint\">\n<p>Abonnez-vous \u00e0 la lettre d\u2019info de Reporterre<\/p>\n<\/div><\/div>\n<\/aside>\n<div id=\"galerie\">\n  <img decoding=\"async\" src=\"\" class=\"principale\" id=\"principale\"\/><\/p>\n<p id=\"legende\">legende<\/p>\n<\/div>\n<footer class=\"noprint\">\n<\/footer>\n<\/div>\n<p><br \/>\n<br \/><a href=\"https:\/\/reporterre.net\/Vers-un-fiasco-pour-le-climat-a-la-COP29\" target=\"_blank\"\">Source link <\/a><\/p>\n","protected":false},"excerpt":{"rendered":"<p>Bakou (Azerba\u00efdjan), reportage \u00ab\u00a0Il y aura une pl\u00e9ni\u00e8re \u00e0 12\u00a0heures. Ou \u00e0 14\u00a0heures.\u00a0\u00bb \u00c0 vrai dire, dans les trav\u00e9es d\u00e9sormais silencieuses du stade olympique de Bakou, personne ne sait vraiment&hellip; <\/p>\n","protected":false},"author":1,"featured_media":743,"comment_status":"open","ping_status":"open","sticky":false,"template":"","format":"standard","meta":{"footnotes":""},"categories":[1],"tags":[],"class_list":["post-742","post","type-post","status-publish","format-standard","has-post-thumbnail","hentry","category-non-classe"],"_links":{"self":[{"href":"https:\/\/monde25.info\/index.php\/wp-json\/wp\/v2\/posts\/742","targetHints":{"allow":["GET"]}}],"collection":[{"href":"https:\/\/monde25.info\/index.php\/wp-json\/wp\/v2\/posts"}],"about":[{"href":"https:\/\/monde25.info\/index.php\/wp-json\/wp\/v2\/types\/post"}],"author":[{"embeddable":true,"href":"https:\/\/monde25.info\/index.php\/wp-json\/wp\/v2\/users\/1"}],"replies":[{"embeddable":true,"href":"https:\/\/monde25.info\/index.php\/wp-json\/wp\/v2\/comments?post=742"}],"version-history":[{"count":0,"href":"https:\/\/monde25.info\/index.php\/wp-json\/wp\/v2\/posts\/742\/revisions"}],"wp:featuredmedia":[{"embeddable":true,"href":"https:\/\/monde25.info\/index.php\/wp-json\/wp\/v2\/media\/743"}],"wp:attachment":[{"href":"https:\/\/monde25.info\/index.php\/wp-json\/wp\/v2\/media?parent=742"}],"wp:term":[{"taxonomy":"category","embeddable":true,"href":"https:\/\/monde25.info\/index.php\/wp-json\/wp\/v2\/categories?post=742"},{"taxonomy":"post_tag","embeddable":true,"href":"https:\/\/monde25.info\/index.php\/wp-json\/wp\/v2\/tags?post=742"}],"curies":[{"name":"wp","href":"https:\/\/api.w.org\/{rel}","templated":true}]}}