{"id":7431,"date":"2025-05-01T16:49:11","date_gmt":"2025-05-01T14:49:11","guid":{"rendered":"https:\/\/monde25.info\/index.php\/2025\/05\/01\/lafc-m23-consolide-son-emprise-territoriale-la-population-entre-pressions-economiques-et-evacuations-militaires-rt-en-francais\/"},"modified":"2025-05-01T16:49:11","modified_gmt":"2025-05-01T14:49:11","slug":"lafc-m23-consolide-son-emprise-territoriale-la-population-entre-pressions-economiques-et-evacuations-militaires-rt-en-francais","status":"publish","type":"post","link":"https:\/\/monde25.info\/index.php\/2025\/05\/01\/lafc-m23-consolide-son-emprise-territoriale-la-population-entre-pressions-economiques-et-evacuations-militaires-rt-en-francais\/","title":{"rendered":"l\u2019AFC\/M23 consolide son emprise territoriale, la population entre pressions \u00e9conomiques et \u00e9vacuations militaires \u2014 RT en fran\u00e7ais"},"content":{"rendered":"<p> <br \/>\n<br \/><img decoding=\"async\" src=\"https:\/\/mf.b37mrtl.ru\/french\/images\/2025.05\/thumbnail\/68137f2487f3ec214a65b0b5.jpg\" \/><\/p>\n<div>\n<p class=\"text__summary\">\n                                        Au Nord-Kivu, l\u2019Alliance du Fleuve Congo\/M23 renforce son autorit\u00e9 sur les zones occup\u00e9es en instaurant une administration \u00e9conomique parall\u00e8le, pendant que les populations civiles et militaires subissent les cons\u00e9quences d\u2019une ins\u00e9curit\u00e9 persistante.\n                                    <\/p>\n<p>Une note circulaire sign\u00e9e le 30 avril 2025 par les dirigeants autoproclam\u00e9s du groupe arm\u00e9 AFC\/M23 a instaur\u00e9 un \u00ab\u00a0Bureau d\u2019Enregistrement et de D\u00e9veloppement\u00a0\u00bb dans les territoires qu\u2019il contr\u00f4le au Nord-Kivu. Selon M\u00e9dia Congo, cette structure impose d\u00e9sormais \u00e0 tous les op\u00e9rateurs \u00e9conomiques\u00a0\u2013 commer\u00e7ants, transporteurs, chauffeurs\u00a0\u2013 de s\u2019enregistrer pour obtenir un certificat d\u2019exercice. Pr\u00e9sent\u00e9e comme un m\u00e9canisme de \u00ab\u00a0transparence\u00a0\u00bb et de \u00ab\u00a0d\u00e9veloppement local\u00a0\u00bb, cette mesure est per\u00e7ue comme une tentative de l\u00e9gitimer l\u2019autorit\u00e9 du groupe rebelle et de capter les ressources \u00e9conomiques locales.<\/p>\n<p>Toujours selon M\u00e9dia Congo, de nombreux analystes alertent sur le fait que le M23 s\u2019arroge ainsi des pr\u00e9rogatives r\u00e9serv\u00e9es \u00e0 un \u00c9tat souverain\u00a0: d\u00e9livrance de documents, collecte de fonds et encadrement \u00e9conomique. Derri\u00e8re cette fa\u00e7ade administrative, c\u2019est une logique de contr\u00f4le politique et financier qui se met en place, en totale violation des lois de la R\u00e9publique D\u00e9mocratique du Congo.<\/p>\n<h2><strong>Les civils de retour face aux milices locales<\/strong><\/h2>\n<p>Dans le m\u00eame temps, les populations qui regagnent difficilement leurs localit\u00e9s apr\u00e8s des mois de d\u00e9placement continuent de faire face \u00e0 d&rsquo;autres formes de pression. \u00c0 Pinga, les habitants qui reviennent apr\u00e8s l\u2019offensive de l\u2019AFC\/M23 sont confront\u00e9s \u00e0 de nouvelles \u00ab\u00a0tracasseries\u00a0\u00bb impos\u00e9es par les miliciens. Ces derniers exigent des paiements mensuels sous forme de \u00ab\u00a0jetons de s\u00e9curit\u00e9\u00a0\u00bb, une pratique d\u00e9nonc\u00e9e par plusieurs civils comme une extorsion.<\/p>\n<p>Un habitant, interrog\u00e9 par Actualit\u00e9 Congo, confie\u00a0: \u00ab\u00a0Nous venons juste de rentrer. Nous n&rsquo;avons rien. Pourquoi nous faire souffrir doublement ?\u00a0\u00bb. Cette pression financi\u00e8re pousse m\u00eame certains d\u00e9plac\u00e9s \u00e0 retourner en brousse, redoutant les abus des miliciens.<\/p>\n<h2><strong>Une \u00e9vacuation encadr\u00e9e des militaires et policiers<\/strong><\/h2>\n<p>Pendant ce temps, une op\u00e9ration d\u2019\u00e9vacuation humanitaire a \u00e9t\u00e9 lanc\u00e9e \u00e0 Goma pour exfiltrer plusieurs centaines de militaires, policiers et leurs familles coinc\u00e9s depuis la prise de la ville par le M23. Selon L\u2019Interview Congo, cette op\u00e9ration est men\u00e9e par le Comit\u00e9 international de la Croix-Rouge (CICR), en coordination avec la MONUSCO et les forces arm\u00e9es congolaises (FARDC). Elle s\u2019inscrit dans un cadre humanitaire et respecte les Conventions de Gen\u00e8ve.<\/p>\n<p>Les FARDC ont salu\u00e9 le r\u00f4le du CICR, qualifiant son action de \u00ab\u00a0d\u00e9terminante\u00a0\u00bb, et ont remerci\u00e9 la MONUSCO pour avoir prot\u00e9g\u00e9 les membres des forces congolaises dans ses installations. Le g\u00e9n\u00e9ral-major Sylvain Ekenge, porte-parole des FARDC, a rappel\u00e9 que cette op\u00e9ration avait pour but d\u2019assurer la s\u00e9curit\u00e9 des personnes concern\u00e9es, dans le respect du droit international humanitaire.<\/p>\n<p>Malgr\u00e9 les discours d\u2019apaisement et les interventions humanitaires, la situation au Nord-Kivu reste marqu\u00e9e par une occupation militaire ill\u00e9gitime, des administrations parall\u00e8les et des pressions constantes sur les populations civiles.<\/p>\n<\/div>\n<p><br \/>\n<br \/><a href=\"https:\/\/francais.rt.com\/afrique\/120213-nord-kivu-afcm23-consolide-son-emprise-territoriale-population-entre-pression-militaire-evacuation\" target=\"_blank\"\">Source link <\/a><\/p>\n","protected":false},"excerpt":{"rendered":"<p>Au Nord-Kivu, l\u2019Alliance du Fleuve Congo\/M23 renforce son autorit\u00e9 sur les zones occup\u00e9es en instaurant une administration \u00e9conomique parall\u00e8le, pendant que les populations civiles et militaires subissent les cons\u00e9quences d\u2019une&hellip; <\/p>\n","protected":false},"author":1,"featured_media":7432,"comment_status":"open","ping_status":"open","sticky":false,"template":"","format":"standard","meta":{"footnotes":""},"categories":[1],"tags":[],"class_list":["post-7431","post","type-post","status-publish","format-standard","has-post-thumbnail","hentry","category-non-classe"],"_links":{"self":[{"href":"https:\/\/monde25.info\/index.php\/wp-json\/wp\/v2\/posts\/7431","targetHints":{"allow":["GET"]}}],"collection":[{"href":"https:\/\/monde25.info\/index.php\/wp-json\/wp\/v2\/posts"}],"about":[{"href":"https:\/\/monde25.info\/index.php\/wp-json\/wp\/v2\/types\/post"}],"author":[{"embeddable":true,"href":"https:\/\/monde25.info\/index.php\/wp-json\/wp\/v2\/users\/1"}],"replies":[{"embeddable":true,"href":"https:\/\/monde25.info\/index.php\/wp-json\/wp\/v2\/comments?post=7431"}],"version-history":[{"count":0,"href":"https:\/\/monde25.info\/index.php\/wp-json\/wp\/v2\/posts\/7431\/revisions"}],"wp:featuredmedia":[{"embeddable":true,"href":"https:\/\/monde25.info\/index.php\/wp-json\/wp\/v2\/media\/7432"}],"wp:attachment":[{"href":"https:\/\/monde25.info\/index.php\/wp-json\/wp\/v2\/media?parent=7431"}],"wp:term":[{"taxonomy":"category","embeddable":true,"href":"https:\/\/monde25.info\/index.php\/wp-json\/wp\/v2\/categories?post=7431"},{"taxonomy":"post_tag","embeddable":true,"href":"https:\/\/monde25.info\/index.php\/wp-json\/wp\/v2\/tags?post=7431"}],"curies":[{"name":"wp","href":"https:\/\/api.w.org\/{rel}","templated":true}]}}