{"id":744,"date":"2024-11-23T14:36:38","date_gmt":"2024-11-23T13:36:38","guid":{"rendered":"https:\/\/monde25.info\/index.php\/2024\/11\/23\/le-g20-met-k-o-les-agendas-du-g7\/"},"modified":"2024-11-23T14:36:38","modified_gmt":"2024-11-23T13:36:38","slug":"le-g20-met-k-o-les-agendas-du-g7","status":"publish","type":"post","link":"https:\/\/monde25.info\/index.php\/2024\/11\/23\/le-g20-met-k-o-les-agendas-du-g7\/","title":{"rendered":"Le G20 met K.O. les agendas du G7"},"content":{"rendered":"<p> <br \/>\n<\/p>\n<div>\n<p>par\u00a0<strong>Pepe Escobar<\/strong><\/p>\n<p><strong>Le G20 de Rio \u00e9tait enti\u00e8rement consacr\u00e9 au pouvoir du Sud mondial, l\u2019\u00e9radication de la pauvret\u00e9 et le progr\u00e8s \u00e9conomique r\u00e9el l\u2019emportant sur les anciens agendas du G7, \u00e0 savoir la guerre, le profit et le tordage de bras.<\/strong><\/p>\n<p>Le sommet du G20 qui s\u2019est tenu \u00e0 Rio en d\u00e9but de semaine a offert le spectacle assez intriguant d\u2019un monde profond\u00e9ment divis\u00e9, tant sur le plan g\u00e9opolitique que g\u00e9o\u00e9conomique, qui tente de se donner un air de vacances au soleil.<\/p>\n<p>Le public attentif a pu s\u2019amuser de beaucoup de choses. Le pr\u00e9sident fran\u00e7ais Emmanuel Macron, entour\u00e9 d\u2019une garde rapproch\u00e9e, se promenant sur la plage de Copacabana vers minuit ; la pr\u00e9sidente de la Commission europ\u00e9enne Ursula von der Leyen, pieds nus dans le sable, stup\u00e9faite par le clapotis des vagues ; le locataire de la Maison-Blanche, le pr\u00e9sident am\u00e9ricain Joe Biden \u2013 dont la date d\u2019expiration est dans moins de deux mois \u2013 manquant la photo de famille du G20 parce qu\u2019il s\u2019adressait \u00e0 un palmier.<\/p>\n<p>Juste avant le sommet, Biden a pos\u00e9 sur une sc\u00e8ne dans la for\u00eat tropicale, avec deux t\u00e9l\u00e9prompteurs g\u00e9ants, s\u2019engageant \u00e0 sauver l\u2019Amazonie juste au moment o\u00f9 ses manipulateurs \u00e0 Washington laissaient filtrer l\u2019\u00abautorisation\u00bb pour l\u2019Ukraine d\u2019attaquer des cibles \u00e0 l\u2019int\u00e9rieur de la F\u00e9d\u00e9ration de Russie avec des\u00a0<a target=\"_blank\" href=\"https:\/\/www.theguardian.com\/world\/2024\/nov\/19\/putin-warns-us-over-using-long-range-missiles-by-signing-new-nuclear-doctrine-ukraine\" target=\"_blank\" rel=\"noopener\" title=\"\">ATACMS<\/a> ; un pr\u00e9ambule qualifi\u00e9 pour une \u00e9ventuelle Troisi\u00e8me Guerre mondiale.<\/p>\n<p>Rio offrant un d\u00e9cor magnifique, les esprits devaient au moins s\u2019apaiser au Mus\u00e9e d\u2019art moderne r\u00e9nov\u00e9, lieu du G20 avec le Pain de Sucre en arri\u00e8re-plan. Cela a m\u00eame permis une poign\u00e9e de main courte et tendue entre le pr\u00e9sident br\u00e9silien Luiz In\u00e1cio Lula da Silva, v\u00e9ritable leader du Sud mondial, et le pr\u00e9sident argentin Javier Milei, un agent des \u00c9tats-Unis qui d\u00e9teste Lula.<\/p>\n<h5 class=\"wp-block-heading\"><strong>La Chine vole la vedette<\/strong><\/h5>\n<p>Le chef d\u2019\u00c9tat br\u00e9silien populiste, dont le capital politique transcende toutes les barri\u00e8res, \u00e9tait bien s\u00fbr un ma\u00eetre de c\u00e9r\u00e9monie impeccable, mais la v\u00e9ritable star du spectacle \u00e9tait le pr\u00e9sident chinois Xi Jinping \u2013 tout juste aur\u00e9ol\u00e9 de son pr\u00e9c\u00e9dent triomphe, lorsqu\u2019il a \u00e9t\u00e9 \u00e0 toutes fins utiles couronn\u00e9 roi du P\u00e9rou lors du sommet de la Coop\u00e9ration \u00e9conomique Asie-Pacifique (APEC) \u00e0 Lima \u2013 avec l\u2019<a target=\"_blank\" href=\"https:\/\/www.reuters.com\/world\/chinas-xi-arrives-lima-apec-open-pacific-megaport-2024-11-14\/\" target=\"_blank\" rel=\"noopener\" title=\"\">inauguration du port de Chancay, d\u2019une valeur de 1,3 milliard de dollars<\/a>,\u00a0le nouveau n\u0153ud sud-am\u00e9ricain de la Route de la soie maritime du Pacifique.<\/p>\n<p>La Chine \u00e9tant un adepte des corridors de connectivit\u00e9 mondiaux, Chancay-Shanghai est devenu instantan\u00e9ment un nouveau mot d\u2019ordre qui r\u00e9sonne dans tout le Sud mondial.<\/p>\n<p>Le r\u00f4le primordial de P\u00e9kin en tant que moteur et h\u00e9lice de la coop\u00e9ration dans la r\u00e9gion Asie-Pacifique s\u2019applique \u00e9galement \u00e0 la plupart des membres du G20. La Chine est le premier partenaire commercial des 13 \u00e9conomies de l\u2019APEC et est responsable de 64,2% de la croissance \u00e9conomique de l\u2019Asie-Pacifique.<\/p>\n<p>Ce r\u00f4le de premier plan s\u2019\u00e9tend aux coll\u00e8gues chinois des BRICS au sein du G20, ainsi qu\u2019aux tout nouveaux pays partenaires des BRICS, tels que l\u2019Indon\u00e9sie et la Turquie. Comparez cela au contingent G7\/OTAN du G20, \u00e0 commencer par les \u00c9tats-Unis, dont les principales offres mondiales vont des guerres \u00e9ternelles et des r\u00e9volutions de couleur \u00e0 la militarisation de l\u2019information et de la culture, aux guerres commerciales, \u00e0 un tsunami de sanctions et \u00e0 la confiscation\/au vol d\u2019actifs.<\/p>\n<p>Comme on pouvait s\u2019y attendre, le G20 a \u00e9t\u00e9 marqu\u00e9 par de graves tensions sous-jacentes, notamment en ce qui concerne le face-\u00e0-face entre le G7 et le partenariat strat\u00e9gique entre la Russie et la Chine. Le pr\u00e9sident russe Vladimir Poutine n\u2019a m\u00eame pas pris la peine d\u2019y assister, envoyant \u00e0 la place son ministre des Affaires \u00e9trang\u00e8res Sergue\u00ef Lavrov.<\/p>\n<p>Quant \u00e0 P\u00e9kin, apr\u00e8s 7 ans de guerre commerciale et technologique combin\u00e9e Trump-Biden, l\u2019\u00e9conomie chinoise continue de cro\u00eetre de 5,2% par an. Les exportations ne repr\u00e9sentent plus que 16% du PIB de la Chine, de sorte que la puissance \u00e9conomique est beaucoup moins vuln\u00e9rable aux machinations du commerce ext\u00e9rieur. Et la part des \u00c9tats-Unis dans ces 16% n\u2019est plus que de 15% ; autrement dit, le commerce avec les \u00c9tats-Unis ne repr\u00e9sente plus que 2,4% du PIB chinois.<\/p>\n<p>M\u00eame dans le cadre de ce que l\u2019on peut qualifier de sanctions totales de l\u2019OTANistan dans le domaine de la technologie, les entreprises technologiques chinoises se d\u00e9veloppent \u00e0 une vitesse vertigineuse. En cons\u00e9quence, toutes les entreprises technologiques occidentales sont en grande difficult\u00e9 : r\u00e9duction massive des effectifs, r\u00e9duction des usines et fermetures.<\/p>\n<p>Pendant ce temps, l\u2019exc\u00e9dent commercial de la Chine avec le reste du monde a atteint le chiffre record de mille milliards de dollars am\u00e9ricains. C\u2019est ce que les \u00e9conomistes occidentaux horrifi\u00e9s qualifient de \u00abtrajectoire de collision\u00bb de la Chine avec certaines des plus grandes \u00e9conomies du monde, pourtant en perte de vitesse.<\/p>\n<h5 class=\"wp-block-heading\"><strong>Efforts pour \u00abukrainiser\u00bb l\u2019ordre du jour du G20<\/strong><\/h5>\n<p>Les Br\u00e9siliens ont d\u00fb esquiver un certain nombre de balles pour obtenir un certain succ\u00e8s lors de ce sommet du G20. \u00c0 la veille du sommet, le Think Tankland am\u00e9ricain s\u2019est lanc\u00e9 dans une campagne de propagande tous azimuts, accusant les pays des BRICS de ne rien faire d\u2019autre que de prendre position et de se plaindre. Le G20, au contraire, avec \u00abtous les principaux cr\u00e9anciers sur la table\u00bb, pourrait \u00eatre en mesure de redresser les \u00abgriefs financiers\u00bb et les d\u00e9ficits de d\u00e9veloppement.<\/p>\n<p>Les Br\u00e9siliens ont \u00e9t\u00e9 suffisamment intelligents pour comprendre qu\u2019un bloc de l\u2019OTAN endett\u00e9, affichant un leadership politique plus que nul, ne ferait rien dans le cadre du G20 pour redresser les \u00abgriefs financiers\u00bb, sans parler de contribuer \u00e0 \u00abl\u2019\u00e9mancipation\u00bb des pays du Sud mondial.<\/p>\n<p>La seule chose qui int\u00e9resserait les \u00e9lites financi\u00e8res du H\u00e9g\u00e9mon lors d\u2019une r\u00e9union du G20 est d\u2019\u00abapprofondir les partenariats\u00bb, un euph\u00e9misme pour une cooptation et une vassalisation accrues en vue de 2026, date \u00e0 laquelle les \u00c9tats-Unis accueilleront le G20.<\/p>\n<p>La Chine, tout comme le Br\u00e9sil, avait d\u2019autres id\u00e9es. C\u2019est ainsi qu\u2019est n\u00e9e la campagne de lutte contre la faim et la pauvret\u00e9, officiellement lanc\u00e9e \u00e0 Rio. Le\u00a0<em>Global Times<\/em>\u00a0<a target=\"_blank\" href=\"https:\/\/www.globaltimes.cn\/page\/202411\/1323424.shtml\" target=\"_blank\" rel=\"noopener\" title=\"\">a de nouveau soulign\u00e9<\/a>\u00a0comment la Chine \u00ab<em>a sorti 800 millions de personnes de la pauvret\u00e9 et a atteint les objectifs de r\u00e9duction de la pauvret\u00e9 de l\u2019Agenda 2030 de l\u2019ONU pour le d\u00e9veloppement durable en avance sur le calendrier<\/em>\u00bb.<\/p>\n<p>Dans son discours au G20, Xi a appel\u00e9 tous les membres \u00e0 \u00ab<em>prendre un nouveau d\u00e9part depuis Rio<\/em>\u00bb, en pratiquant une \u00ab<em>mondialisation inclusive<\/em>\u00bb et un \u00ab<em>v\u00e9ritable multilat\u00e9ralisme<\/em>\u00bb. L\u2019OTANistan, comme le sait chaque grain de sable du d\u00e9sert du Sahel, a tout simplement horreur du multilat\u00e9ralisme.<\/p>\n<p>Le th\u00e8me officiel du G20 de Rio \u00e9tait \u00abConstruire un monde juste et une plan\u00e8te durable\u00bb. Les classes dirigeantes de l\u2019H\u00e9g\u00e9mon, ind\u00e9pendamment de qui si\u00e8ge \u00e0 la Maison-Blanche, ne sont pas int\u00e9ress\u00e9es par un \u00abmonde juste\u00bb, mais seulement par le maintien de privil\u00e8ges unilat\u00e9raux. Quant \u00e0 la \u00abplan\u00e8te durable\u00bb, c\u2019est un code pour ce que veut le gang de Davos : l\u2019imbrication toxique des int\u00e9r\u00eats de l\u2019ONU, du Forum \u00e9conomique mondial (WEF) et de l\u2019OTAN.<\/p>\n<p>Le G7\/OTANistan a tent\u00e9 par tous les moyens de d\u00e9tourner l\u2019ordre du jour du G20 de Rio, comme l\u2019ont confirm\u00e9 des sources diplomatiques. Pourtant, les Br\u00e9siliens sont rest\u00e9s fermes dans la d\u00e9fense de la multipolarit\u00e9 men\u00e9e par le Sud mondial, n\u00e9gociant un ordre du jour de compromis qui, \u00e0 toutes fins pratiques, \u00e9vitait de s\u2019enfoncer davantage dans les derni\u00e8res guerres \u00e9ternelles de l\u2019H\u00e9g\u00e9mon, l\u2019Ukraine et Gaza.<\/p>\n<p>L\u2019OTANistan dans son ensemble soutenant de facto le g\u00e9nocide de Gaza, la d\u00e9claration finale en 85 points du G20 pouvait, au mieux, offrir quelques g\u00e9n\u00e9ralit\u00e9s consensuelles, appelant au moins \u00e0 un cessez-le-feu \u00e0 Gaza \u2013 ce qui a \u00e9t\u00e9 rapidement\u00a0<a target=\"_blank\" href=\"https:\/\/thecradle.co\/articles-id\/27781\" target=\"_blank\" rel=\"noopener\" title=\"\">rejet\u00e9 par les \u00c9tats-Unis<\/a>\u00a0au Conseil de s\u00e9curit\u00e9 de l\u2019ONU imm\u00e9diatement apr\u00e8s la conclusion du sommet du G20.<\/p>\n<p>Lors de sa conf\u00e9rence de presse du G20, Lavrov a offert quelques p\u00e9pites suppl\u00e9mentaires. Il a\u00a0<a target=\"_blank\" href=\"https:\/\/x.com\/SputnikInt\/status\/1858887590029541882\" target=\"_blank\" rel=\"noopener\" title=\"\">d\u00e9clar\u00e9<\/a>\u00a0que si l\u2019Occident a \u00ab<em>essay\u00e9 d\u2019\u00abukrainiser\u00bb l\u2019ordre du jour du G20, d\u2019autres membres ont insist\u00e9 pour que d\u2019autres conflits soient inclus dans la d\u00e9claration finale\u2026 Ces pays ont accept\u00e9 \u00e0 contrec\u0153ur de discuter des points de la d\u00e9claration finale du G20 sur le Moyen-Orient<\/em>\u00bb.<\/p>\n<h5 class=\"wp-block-heading\"><strong>Indon\u00e9sie, Inde, Br\u00e9sil, Afrique du Sud<\/strong><\/h5>\n<p>L\u2019empreinte personnelle de Lula au G20 repr\u00e9sentait une d\u00e9marche du Sud mondial : \u00e9tablir une alliance contre la faim, la pauvret\u00e9 et les in\u00e9galit\u00e9s sociales, et en m\u00eame temps imposer une taxation suppl\u00e9mentaire aux super-riches. Le diable sera dans les d\u00e9tails, m\u00eame si plus de 80 pays y ont d\u00e9j\u00e0 souscrit, en plus de l\u2019UE et de l\u2019Union africaine (UA), ainsi que de plusieurs institutions financi\u00e8res et d\u2019une s\u00e9rie d\u2019ONG.<\/p>\n<p>L\u2019alliance devrait, en principe, b\u00e9n\u00e9ficier \u00e0 500 millions de personnes jusqu\u2019en 2030, notamment en d\u00e9veloppant des repas scolaires de qualit\u00e9 pour plus de 150 millions d\u2019enfants. Il reste \u00e0 voir, par exemple, comment l\u2019UA la concr\u00e9tisera dans la pratique.<\/p>\n<p>Finalement, dans une certaine mesure, le G20 de Rio a fonctionn\u00e9 comme une sorte de compl\u00e9ment au\u00a0<a target=\"_blank\" href=\"https:\/\/thecradle.co\/articles\/brics-post-kazan-a-laboratory-of-the-future\" target=\"_blank\" rel=\"noopener\" title=\"\">sommet des BRICS \u00e0 Kazan<\/a>, en essayant d\u2019ouvrir la voie \u00e0 un monde\u00a0<em>multi-n\u0153udal<\/em>\u00a0inclusif encadr\u00e9 par la justice sociale.<\/p>\n<p>Lula a insist\u00e9 sur le lien essentiel qui unit les derniers G20 : le Sud mondial, qui va de l\u2019Indon\u00e9sie, de l\u2019Inde et maintenant du Br\u00e9sil \u00e0 l\u2019Afrique du Sud, qui accueillera le G20 l\u2019ann\u00e9e prochaine, apporte \u00ab<em>des perspectives qui int\u00e9ressent la grande majorit\u00e9 de la population mondiale<\/em>\u00bb. Soit dit en passant, cela comprend notamment trois BRICS et un partenaire des BRICS.<\/p>\n<p>D\u2019un point de vue personnel, ce fut une v\u00e9ritable exp\u00e9rience d\u2019observer le G20 apr\u00e8s une\u00a0<a target=\"_blank\" href=\"https:\/\/thecradle.co\/articles\/series%20of%20rich%20dialogues%20in%20South%20Africa%20itself\" target=\"_blank\" rel=\"noopener\" title=\"\">s\u00e9rie de dialogues riches en Afrique du Sud<\/a>, centr\u00e9s sur la construction de l\u2019unit\u00e9 africaine dans un monde multipolaire.<\/p>\n<p>Le pr\u00e9sident sud-africain Cyril Ramaphosa l\u2019a rappel\u00e9 en d\u00e9clarant \u00e0 Rio que ce passage de t\u00e9moin de la part du Br\u00e9sil est \u00ab<em>l\u2019expression concr\u00e8te des liens historiques, \u00e9conomiques, sociaux et culturels qui unissent l\u2019Am\u00e9rique latine et l\u2019Afrique<\/em>\u00bb. Et unissent, esp\u00e9rons-le, l\u2019ensemble de la Majorit\u00e9 mondiale.<\/p>\n<p><a target=\"_blank\" href=\"https:\/\/reseauinternational.net\/author\/pepeescobar\/\" target=\"_blank\" rel=\"noreferrer noopener\">Pepe Escobar<\/a><\/p>\n<p>source : <a target=\"_blank\" href=\"https:\/\/thecradle.co\/articles\/g20-knocks-out-g7-agendas\" target=\"_blank\" rel=\"noopener\" title=\"\">The Cradle<\/a><\/p>\n<div class=\"sharedaddy sd-block sd-like jetpack-likes-widget-wrapper jetpack-likes-widget-unloaded\" id=\"like-post-wrapper-237719536-432442-6741ccfd7df41\" data-src=\"https:\/\/widgets.wp.com\/likes\/?ver=14.0#blog_id=237719536&amp;post_id=432442&amp;origin=reseauinternational.net&amp;obj_id=237719536-432442-6741ccfd7df41&amp;n=1\" data-name=\"like-post-frame-237719536-432442-6741ccfd7df41\" data-title=\"Aimer ou rebloguer\">\n<h3 class=\"sd-title\">J\u2019aime \u00e7a\u00a0:<\/h3>\n<p><span class=\"button\"><span>J\u2019aime<\/span><\/span> <span class=\"loading\">chargement\u2026<\/span><\/p>\n<p><span class=\"sd-text-color\"\/><a target=\"_blank\" class=\"sd-link-color\"\/><\/div>\n<p><meta itemscope=\"\" itemprop=\"mainEntityOfPage\" itemtype=\"https:\/\/schema.org\/WebPage\" itemid=\"https:\/\/reseauinternational.net\/le-g20-met-k-o-les-agendas-du-g7\/\"\/><meta itemprop=\"headline\" content=\"Le G20 met K.O. les agendas du G7\"\/><span style=\"display: none;\" itemprop=\"author\" itemscope=\"\" itemtype=\"https:\/\/schema.org\/Person\"><meta itemprop=\"name\" content=\"Pepe Escobar\"\/><\/span><span style=\"display: none;\" itemprop=\"image\" itemscope=\"\" itemtype=\"https:\/\/schema.org\/ImageObject\"><meta itemprop=\"url\" content=\"https:\/\/i0.wp.com\/reseauinternational.net\/wp-content\/uploads\/2024\/11\/Sans-titre-49-1.png?fit=800%2C467&amp;ssl=1\"\/><meta itemprop=\"width\" content=\"800\"\/><meta itemprop=\"height\" content=\"467\"\/><\/span><span style=\"display: none;\" itemprop=\"publisher\" itemscope=\"\" itemtype=\"https:\/\/schema.org\/Organization\"><span style=\"display: none;\" itemprop=\"logo\" itemscope=\"\" itemtype=\"https:\/\/schema.org\/ImageObject\"><meta itemprop=\"url\" content=\"https:\/\/reseauinternational.net\/wp-content\/uploads\/2022\/06\/Capture-de\u0301cran-2022-06-14-a\u0300-16.51.07.png\"\/><\/span><meta itemprop=\"name\" content=\"Pepe Escobar\"\/><\/span><meta itemprop=\"datePublished\" content=\"2024-11-23T13:38:45+00:00\"\/><meta itemprop=\"dateModified\" content=\"2024-11-23T13:39:07+00:00\"\/><\/div>\n<p><br \/>\n<br \/><a href=\"https:\/\/reseauinternational.net\/le-g20-met-k-o-les-agendas-du-g7\/\" target=\"_blank\"\">Source link <\/a><\/p>\n","protected":false},"excerpt":{"rendered":"<p>par\u00a0Pepe Escobar Le G20 de Rio \u00e9tait enti\u00e8rement consacr\u00e9 au pouvoir du Sud mondial, l\u2019\u00e9radication de la pauvret\u00e9 et le progr\u00e8s \u00e9conomique r\u00e9el l\u2019emportant sur les anciens agendas du G7,&hellip; <\/p>\n","protected":false},"author":1,"featured_media":745,"comment_status":"open","ping_status":"open","sticky":false,"template":"","format":"standard","meta":{"footnotes":""},"categories":[1],"tags":[],"class_list":["post-744","post","type-post","status-publish","format-standard","has-post-thumbnail","hentry","category-non-classe"],"_links":{"self":[{"href":"https:\/\/monde25.info\/index.php\/wp-json\/wp\/v2\/posts\/744","targetHints":{"allow":["GET"]}}],"collection":[{"href":"https:\/\/monde25.info\/index.php\/wp-json\/wp\/v2\/posts"}],"about":[{"href":"https:\/\/monde25.info\/index.php\/wp-json\/wp\/v2\/types\/post"}],"author":[{"embeddable":true,"href":"https:\/\/monde25.info\/index.php\/wp-json\/wp\/v2\/users\/1"}],"replies":[{"embeddable":true,"href":"https:\/\/monde25.info\/index.php\/wp-json\/wp\/v2\/comments?post=744"}],"version-history":[{"count":0,"href":"https:\/\/monde25.info\/index.php\/wp-json\/wp\/v2\/posts\/744\/revisions"}],"wp:featuredmedia":[{"embeddable":true,"href":"https:\/\/monde25.info\/index.php\/wp-json\/wp\/v2\/media\/745"}],"wp:attachment":[{"href":"https:\/\/monde25.info\/index.php\/wp-json\/wp\/v2\/media?parent=744"}],"wp:term":[{"taxonomy":"category","embeddable":true,"href":"https:\/\/monde25.info\/index.php\/wp-json\/wp\/v2\/categories?post=744"},{"taxonomy":"post_tag","embeddable":true,"href":"https:\/\/monde25.info\/index.php\/wp-json\/wp\/v2\/tags?post=744"}],"curies":[{"name":"wp","href":"https:\/\/api.w.org\/{rel}","templated":true}]}}