{"id":7442,"date":"2025-05-01T20:40:39","date_gmt":"2025-05-01T18:40:39","guid":{"rendered":"https:\/\/monde25.info\/index.php\/2025\/05\/01\/aleksandar-vucic-confirme-sa-venue-a-moscou-le-9-mai-malgre-les-menaces-de-lunion-europeenne-rt-en-francais\/"},"modified":"2025-05-01T20:40:39","modified_gmt":"2025-05-01T18:40:39","slug":"aleksandar-vucic-confirme-sa-venue-a-moscou-le-9-mai-malgre-les-menaces-de-lunion-europeenne-rt-en-francais","status":"publish","type":"post","link":"https:\/\/monde25.info\/index.php\/2025\/05\/01\/aleksandar-vucic-confirme-sa-venue-a-moscou-le-9-mai-malgre-les-menaces-de-lunion-europeenne-rt-en-francais\/","title":{"rendered":"Aleksandar Vucic confirme sa venue \u00e0 Moscou le 9 mai malgr\u00e9 les menaces de l\u2019Union europ\u00e9enne \u2014 RT en fran\u00e7ais"},"content":{"rendered":"<p> <br \/>\n<br \/><img decoding=\"async\" src=\"https:\/\/mf.b37mrtl.ru\/french\/images\/2025.05\/thumbnail\/6813b1936f7ccc4853577602.jpg\" \/><\/p>\n<div>\n<p class=\"text__summary\">\n                                        Le pr\u00e9sident serbe Aleksandar Vucic a r\u00e9affirm\u00e9 son intention d\u2019assister au d\u00e9fil\u00e9 de la Victoire \u00e0 Moscou le 9 mai, d\u00e9fiant les pressions et menaces de sanctions brandies par Bruxelles. Il a d\u00e9clar\u00e9 qu\u2019il n\u2019annulerait sa visite qu\u2019en cas de menace extr\u00eame ou d\u2019emp\u00eachement personnel.\n                                    <\/p>\n<p>Le pr\u00e9sident serbe, Aleksandar Vucic, a confirm\u00e9 ce 1er mai qu\u2019il se rendrait \u00e0 Moscou pour les comm\u00e9morations du 9 mai, malgr\u00e9 les vives critiques de l\u2019Union europ\u00e9enne. Il a rappel\u00e9 avoir donn\u00e9 sa parole au pr\u00e9sident russe Vladimir Poutine et ne compte pas revenir dessus. \u00ab\u00a0J\u2019ai dit au pr\u00e9sident Poutine que je viendrais en Russie le 9 mai. Je tiens ma parole\u00a0\u00bb, a d\u00e9clar\u00e9 Aleksandar Vucic, selon le journal serbe\u00a0<em>Vecernje novosti<\/em>. Seule une menace grave pour la Serbie ou un emp\u00eachement personnel pourrait, selon lui, l\u2019amener \u00e0 annuler son d\u00e9placement.<\/p>\n<h2><strong>Des menaces claires de l\u2019Union europ\u00e9enne<\/strong><\/h2>\n<p>L\u2019Union europ\u00e9enne a averti que la pr\u00e9sence d\u2019Aleksandar Vucic au d\u00e9fil\u00e9 de Moscou pourrait nuire \u00e0 l\u2019adh\u00e9sion de la Serbie au bloc europ\u00e9en. Le 29 avril, la commissaire \u00e0 l\u2019\u00e9largissement Marta Kos a transmis un avertissement officiel, expliquant que les candidats \u00e0 l\u2019entr\u00e9e dans l\u2019UE \u00ab\u00a0ne doivent pas continuer \u00e0 agir avec la Russie comme si de rien n\u2019\u00e9tait\u00a0\u00bb. Une d\u00e9claration \u00e9galement formul\u00e9e par le repr\u00e9sentant de la Commission, Guillaume Mercier, lors d\u2019un point presse. Le pr\u00e9sident serbe a r\u00e9pondu fermement\u00a0: \u00ab\u00a0M\u00eame s\u2019ils me passent les menottes, je n\u2019annulerai pas\u00a0\u00bb, a-t-il d\u00e9clar\u00e9 toujours selon\u00a0<em>Vecernje novosti<\/em>.<\/p>\n<h2><strong>Une r\u00e9action ferme c\u00f4t\u00e9 russe<\/strong><\/h2>\n<p>Le minist\u00e8re russe des Affaires \u00e9trang\u00e8res, par la voix de Maria Zakharova, a d\u00e9nonc\u00e9 les pressions de l\u2019UE contre Aleksandar Vucic, qualifiant ces m\u00e9thodes de \u00ab\u00a0banditisme\u00a0\u00bb. Selon elle, ces menaces rel\u00e8veraient du \u00ab\u00a0chantage\u00a0\u00bb. Le pr\u00e9sident serbe a exprim\u00e9 son incompr\u00e9hension face \u00e0 l\u2019obsession europ\u00e9enne pour son voyage\u00a0: \u00ab\u00a0Le monde est en feu, l\u2019Ukraine, l\u2019\u00e9lectricit\u00e9, ils ne savent pas quoi faire. Mais pour eux, le probl\u00e8me principal, c\u2019est que je vais \u00e0 Moscou\u00a0\u00bb, a-t-il lanc\u00e9. Le Kremlin a confirm\u00e9 la venue de nombreux dirigeants \u00e9trangers le 9 mai, dont Xi Jinping, Robert Fico et plusieurs chefs d\u2019\u00c9tat d\u2019Am\u00e9rique latine, d\u2019Afrique et de l\u2019espace post-sovi\u00e9tique. Aleksandar Vucic a conclu en affirmant que, malgr\u00e9 son engagement europ\u00e9en, il reste fid\u00e8le \u00e0 la m\u00e9moire historique partag\u00e9e avec la Russie.<\/p>\n<\/div>\n<p><br \/>\n<br \/><a href=\"https:\/\/francais.rt.com\/russie\/120221-aleksandar-vucic-confirme-venue-moscou-9-mai-malgre-pression-union-europeenne\" target=\"_blank\"\">Source link <\/a><\/p>\n","protected":false},"excerpt":{"rendered":"<p>Le pr\u00e9sident serbe Aleksandar Vucic a r\u00e9affirm\u00e9 son intention d\u2019assister au d\u00e9fil\u00e9 de la Victoire \u00e0 Moscou le 9 mai, d\u00e9fiant les pressions et menaces de sanctions brandies par Bruxelles.&hellip; <\/p>\n","protected":false},"author":1,"featured_media":7443,"comment_status":"open","ping_status":"open","sticky":false,"template":"","format":"standard","meta":{"footnotes":""},"categories":[1],"tags":[],"class_list":["post-7442","post","type-post","status-publish","format-standard","has-post-thumbnail","hentry","category-non-classe"],"_links":{"self":[{"href":"https:\/\/monde25.info\/index.php\/wp-json\/wp\/v2\/posts\/7442","targetHints":{"allow":["GET"]}}],"collection":[{"href":"https:\/\/monde25.info\/index.php\/wp-json\/wp\/v2\/posts"}],"about":[{"href":"https:\/\/monde25.info\/index.php\/wp-json\/wp\/v2\/types\/post"}],"author":[{"embeddable":true,"href":"https:\/\/monde25.info\/index.php\/wp-json\/wp\/v2\/users\/1"}],"replies":[{"embeddable":true,"href":"https:\/\/monde25.info\/index.php\/wp-json\/wp\/v2\/comments?post=7442"}],"version-history":[{"count":0,"href":"https:\/\/monde25.info\/index.php\/wp-json\/wp\/v2\/posts\/7442\/revisions"}],"wp:featuredmedia":[{"embeddable":true,"href":"https:\/\/monde25.info\/index.php\/wp-json\/wp\/v2\/media\/7443"}],"wp:attachment":[{"href":"https:\/\/monde25.info\/index.php\/wp-json\/wp\/v2\/media?parent=7442"}],"wp:term":[{"taxonomy":"category","embeddable":true,"href":"https:\/\/monde25.info\/index.php\/wp-json\/wp\/v2\/categories?post=7442"},{"taxonomy":"post_tag","embeddable":true,"href":"https:\/\/monde25.info\/index.php\/wp-json\/wp\/v2\/tags?post=7442"}],"curies":[{"name":"wp","href":"https:\/\/api.w.org\/{rel}","templated":true}]}}