{"id":7449,"date":"2025-05-01T23:25:36","date_gmt":"2025-05-01T21:25:36","guid":{"rendered":"https:\/\/monde25.info\/index.php\/2025\/05\/01\/la-marche-vers-gaza-avec-claude-janvier-abdel-zahiri-et-eric-montana\/"},"modified":"2025-05-01T23:25:36","modified_gmt":"2025-05-01T21:25:36","slug":"la-marche-vers-gaza-avec-claude-janvier-abdel-zahiri-et-eric-montana","status":"publish","type":"post","link":"https:\/\/monde25.info\/index.php\/2025\/05\/01\/la-marche-vers-gaza-avec-claude-janvier-abdel-zahiri-et-eric-montana\/","title":{"rendered":"La Marche vers Gaza \u2013 avec Claude Janvier, Abdel Zahiri et Eric Montana"},"content":{"rendered":"<p> <br \/>\n<\/p>\n<div>\n<p><strong>\u00c0 c\u0153ur ouvert<\/strong><\/p>\n<p>Une \u00e9mission de <strong>Lise Philippe<\/strong><\/p>\n<p>Invit\u00e9s : <strong>Claude Janvier<\/strong>, <strong>Abdel<\/strong> &amp; <strong>Eric Montana<\/strong><\/p>\n<p>Th\u00e8me : La Marche vers Gaza<\/p>\n<p>Claude Janvier, Abdel Zahiri et Eric Montana, sont les invit\u00e9s de Lise Philippe dans son \u00e9mission \u00ab\u00c0 c\u0153ur ouvert\u00bb pour parler de \u00abLa Marche \u00e0 Gaza\u00bb organis\u00e9e par la soci\u00e9t\u00e9 civile de plus de 20 pays du monde pour obtenir l\u2019ouverture de Rafah, l\u2019arr\u00eat des bombardements et la distribution de l\u2019aide humanitaire aux survivants de Gaza.<\/p>\n<p><iframe loading=\"lazy\" width=\"560\" height=\"315\" src=\"https:\/\/crowdbunker.com\/embed\/ok94iVqoXtS\" frameborder=\"0\" allow=\"accelerometer; clipboard-write; encrypted-media; gyroscope; picture-in-picture\" allowfullscreen=\"\" scrolling=\"no\"><\/iframe><\/p>\n<p><a target=\"_blank\" href=\"https:\/\/reseauinternational.net\/author\/ericmontana\/\" target=\"_blank\" rel=\"noopener\" title=\"\">Eric Montana<\/a> \u2013 <a target=\"_blank\" href=\"https:\/\/reseauinternational.net\/author\/ClaudeJanvier\/\" target=\"_blank\" rel=\"noopener\" title=\"\">Claude Janvier<\/a><\/p>\n<p>source : <a target=\"_blank\" href=\"https:\/\/crowdbunker.com\/v\/e7ER8juc\" target=\"_blank\" rel=\"noopener\" title=\"\">TV-ADP<\/a><\/p>\n<div class=\"sharedaddy sd-block sd-like jetpack-likes-widget-wrapper jetpack-likes-widget-unloaded\" id=\"like-post-wrapper-237719536-455400-6813e55cd9041\" data-src=\"https:\/\/widgets.wp.com\/likes\/?ver=14.5#blog_id=237719536&amp;post_id=455400&amp;origin=reseauinternational.net&amp;obj_id=237719536-455400-6813e55cd9041\" data-name=\"like-post-frame-237719536-455400-6813e55cd9041\" data-title=\"Aimer ou rebloguer\">\n<h3 class=\"sd-title\">J\u2019aime \u00e7a\u00a0:<\/h3>\n<p><span class=\"button\"><span>J\u2019aime<\/span><\/span> <span class=\"loading\">chargement\u2026<\/span><\/p>\n<p><span class=\"sd-text-color\"\/><a target=\"_blank\" class=\"sd-link-color\"\/><\/div>\n<p><meta itemscope=\"\" itemprop=\"mainEntityOfPage\" itemtype=\"https:\/\/schema.org\/WebPage\" itemid=\"https:\/\/reseauinternational.net\/la-marche-vers-gaza-avec-claude-janvier-abdel-zahiri-et-eric-montana\/\"\/><meta itemprop=\"headline\" content=\"La Marche vers Gaza \u2013 avec Claude Janvier, Abdel Zahiri et Eric Montana\"\/><span style=\"display: none;\" itemprop=\"author\" itemscope=\"\" itemtype=\"https:\/\/schema.org\/Person\"><meta itemprop=\"name\" content=\"Claude Janvier\"\/><\/span><span style=\"display: none;\" itemprop=\"image\" itemscope=\"\" itemtype=\"https:\/\/schema.org\/ImageObject\"><meta itemprop=\"url\" content=\"https:\/\/i0.wp.com\/reseauinternational.net\/wp-content\/uploads\/2025\/05\/Sans-titre.png?fit=800%2C467&amp;quality=100&amp;ssl=1\"\/><meta itemprop=\"width\" content=\"800\"\/><meta itemprop=\"height\" content=\"467\"\/><\/span><span style=\"display: none;\" itemprop=\"publisher\" itemscope=\"\" itemtype=\"https:\/\/schema.org\/Organization\"><span style=\"display: none;\" itemprop=\"logo\" itemscope=\"\" itemtype=\"https:\/\/schema.org\/ImageObject\"><meta itemprop=\"url\" content=\"https:\/\/reseauinternational.net\/wp-content\/uploads\/2022\/06\/Capture-de\u0301cran-2022-06-14-a\u0300-16.51.07.png\"\/><\/span><meta itemprop=\"name\" content=\"Claude Janvier\"\/><\/span><meta itemprop=\"datePublished\" content=\"2025-05-01T12:54:19+00:00\"\/><meta itemprop=\"dateModified\" content=\"2025-05-01T12:54:57+00:00\"\/><\/div>\n<p><br \/>\n<br \/><a href=\"https:\/\/reseauinternational.net\/la-marche-vers-gaza-avec-claude-janvier-abdel-zahiri-et-eric-montana\/\" target=\"_blank\"\">Source link <\/a><\/p>\n","protected":false},"excerpt":{"rendered":"<p>\u00c0 c\u0153ur ouvert Une \u00e9mission de Lise Philippe Invit\u00e9s : Claude Janvier, Abdel &amp; Eric Montana Th\u00e8me : La Marche vers Gaza Claude Janvier, Abdel Zahiri et Eric Montana, sont&hellip; <\/p>\n","protected":false},"author":1,"featured_media":7450,"comment_status":"open","ping_status":"open","sticky":false,"template":"","format":"standard","meta":{"footnotes":""},"categories":[1],"tags":[],"class_list":["post-7449","post","type-post","status-publish","format-standard","has-post-thumbnail","hentry","category-non-classe"],"_links":{"self":[{"href":"https:\/\/monde25.info\/index.php\/wp-json\/wp\/v2\/posts\/7449","targetHints":{"allow":["GET"]}}],"collection":[{"href":"https:\/\/monde25.info\/index.php\/wp-json\/wp\/v2\/posts"}],"about":[{"href":"https:\/\/monde25.info\/index.php\/wp-json\/wp\/v2\/types\/post"}],"author":[{"embeddable":true,"href":"https:\/\/monde25.info\/index.php\/wp-json\/wp\/v2\/users\/1"}],"replies":[{"embeddable":true,"href":"https:\/\/monde25.info\/index.php\/wp-json\/wp\/v2\/comments?post=7449"}],"version-history":[{"count":0,"href":"https:\/\/monde25.info\/index.php\/wp-json\/wp\/v2\/posts\/7449\/revisions"}],"wp:featuredmedia":[{"embeddable":true,"href":"https:\/\/monde25.info\/index.php\/wp-json\/wp\/v2\/media\/7450"}],"wp:attachment":[{"href":"https:\/\/monde25.info\/index.php\/wp-json\/wp\/v2\/media?parent=7449"}],"wp:term":[{"taxonomy":"category","embeddable":true,"href":"https:\/\/monde25.info\/index.php\/wp-json\/wp\/v2\/categories?post=7449"},{"taxonomy":"post_tag","embeddable":true,"href":"https:\/\/monde25.info\/index.php\/wp-json\/wp\/v2\/tags?post=7449"}],"curies":[{"name":"wp","href":"https:\/\/api.w.org\/{rel}","templated":true}]}}