{"id":7458,"date":"2025-05-02T03:49:39","date_gmt":"2025-05-02T01:49:39","guid":{"rendered":"https:\/\/monde25.info\/index.php\/2025\/05\/02\/la-nouvelle-caledonie-interdit-lexploitation-des-fonds-marins\/"},"modified":"2025-05-02T03:49:39","modified_gmt":"2025-05-02T01:49:39","slug":"la-nouvelle-caledonie-interdit-lexploitation-des-fonds-marins","status":"publish","type":"post","link":"https:\/\/monde25.info\/index.php\/2025\/05\/02\/la-nouvelle-caledonie-interdit-lexploitation-des-fonds-marins\/","title":{"rendered":"La Nouvelle-Cal\u00e9donie interdit l&#039;exploitation des fonds marins"},"content":{"rendered":"<p> <br \/>\n<br \/><img loading=\"lazy\" decoding=\"async\" src=\"https:\/\/reporterre.net\/local\/cache-vignettes\/L700xH467\/recif_corallien_de_nouvelle-caledonie_1_-f40fe.jpg?1746016807\" class=\"spip_logo\" width=\"700\" height=\"467\" alt=\"\" \/><\/p>\n<p>Cinquante\u00a0ans de paix. C&rsquo;est ce qu&rsquo;a accord\u00e9 la Nouvelle-Cal\u00e9donie \u00e0 ses fonds marins le 29\u00a0avril indique La 1<sup class=\"typo_exposants\">re<\/sup>.francetvinfo. Les \u00e9lus du Congr\u00e8s cal\u00e9donien ont adopt\u00e9 un moratoire qui suspend jusqu&rsquo;en 2075 l&rsquo;exploration et l&rsquo;exploitation des abysses de l&rsquo;archipel du Pacifique Sud. <br class=\"autobr\" \/><br \/>\n\u00c0 l&rsquo;heure o\u00f9 Donald Trump d\u00e9r\u00e9gule l&rsquo;extraction sous-marine, les Cal\u00e9doniens ont fait le choix de pr\u00e9server leur territoire en n&rsquo;autorisant que les missions de recherches scientifiques non invasives. Consid\u00e9r\u00e9\u00a0(\u2026)<\/p>\n<p>                    <a target=\"_blank\" href=\"https:\/\/reporterre.net\/La-Nouvelle-Caledonie-interdit-l-exploitation-des-fonds-marins?utm_source=RSS&amp;utm_medium=RSS\">Lire la suite<\/a><\/p>\n<p>                    &#8211;<br \/>\n                        <a target=\"_blank\" href=\"https:\/\/reporterre.net\/Breves-20\" rel=\"directory\">En bref<\/a><\/p>\n<p>                    \/<br \/>\n                        <a target=\"_blank\" href=\"https:\/\/reporterre.net\/Politique\" rel=\"tag\">Politique<\/a><br \/>\n                    ,<br \/>\n                        <a target=\"_blank\" href=\"https:\/\/reporterre.net\/Mers-et-oceans\" rel=\"tag\">Oc\u00e9ans<\/a><br \/>\n<br \/><br \/>\n<br \/><a href=\"https:\/\/reporterre.net\/La-Nouvelle-Caledonie-interdit-l-exploitation-des-fonds-marins\" target=\"_blank\"\">Source link <\/a><\/p>\n","protected":false},"excerpt":{"rendered":"<p>Cinquante\u00a0ans de paix. C&rsquo;est ce qu&rsquo;a accord\u00e9 la Nouvelle-Cal\u00e9donie \u00e0 ses fonds marins le 29\u00a0avril indique La 1re.francetvinfo. Les \u00e9lus du Congr\u00e8s cal\u00e9donien ont adopt\u00e9 un moratoire qui suspend jusqu&rsquo;en&hellip; <\/p>\n","protected":false},"author":1,"featured_media":0,"comment_status":"open","ping_status":"open","sticky":false,"template":"","format":"standard","meta":{"footnotes":""},"categories":[1],"tags":[],"class_list":["post-7458","post","type-post","status-publish","format-standard","hentry","category-non-classe"],"_links":{"self":[{"href":"https:\/\/monde25.info\/index.php\/wp-json\/wp\/v2\/posts\/7458","targetHints":{"allow":["GET"]}}],"collection":[{"href":"https:\/\/monde25.info\/index.php\/wp-json\/wp\/v2\/posts"}],"about":[{"href":"https:\/\/monde25.info\/index.php\/wp-json\/wp\/v2\/types\/post"}],"author":[{"embeddable":true,"href":"https:\/\/monde25.info\/index.php\/wp-json\/wp\/v2\/users\/1"}],"replies":[{"embeddable":true,"href":"https:\/\/monde25.info\/index.php\/wp-json\/wp\/v2\/comments?post=7458"}],"version-history":[{"count":0,"href":"https:\/\/monde25.info\/index.php\/wp-json\/wp\/v2\/posts\/7458\/revisions"}],"wp:attachment":[{"href":"https:\/\/monde25.info\/index.php\/wp-json\/wp\/v2\/media?parent=7458"}],"wp:term":[{"taxonomy":"category","embeddable":true,"href":"https:\/\/monde25.info\/index.php\/wp-json\/wp\/v2\/categories?post=7458"},{"taxonomy":"post_tag","embeddable":true,"href":"https:\/\/monde25.info\/index.php\/wp-json\/wp\/v2\/tags?post=7458"}],"curies":[{"name":"wp","href":"https:\/\/api.w.org\/{rel}","templated":true}]}}