{"id":7459,"date":"2025-05-02T04:22:37","date_gmt":"2025-05-02T02:22:37","guid":{"rendered":"https:\/\/monde25.info\/index.php\/2025\/05\/02\/israel-est-en-feu-des-incendies-puissants-ravagent-le-pays\/"},"modified":"2025-05-02T04:22:37","modified_gmt":"2025-05-02T02:22:37","slug":"israel-est-en-feu-des-incendies-puissants-ravagent-le-pays","status":"publish","type":"post","link":"https:\/\/monde25.info\/index.php\/2025\/05\/02\/israel-est-en-feu-des-incendies-puissants-ravagent-le-pays\/","title":{"rendered":"Isra\u00ebl est en feu, des incendies puissants ravagent le pays"},"content":{"rendered":"<p> <br \/>\n<\/p>\n<div>\n<p>par <strong>Khalil Rajehi<\/strong><\/p>\n<p>Plusieurs incendies d\u00e9vastateurs ont \u00e9t\u00e9 constat\u00e9s, ce mercredi 30 avril, \u00e0 l\u2019ouest de J\u00e9rusalem. Les secours isra\u00e9liens sont mobilis\u00e9s et des vid\u00e9os montrant la gravit\u00e9 de la situation ont fait le tour des r\u00e9seaux sociaux.<\/p>\n<p>Des flammes qui font craindre le pire. Ce mercredi 30 avril, la police <a target=\"_blank\" href=\"https:\/\/www.cnews.fr\/monde\/2025-04-30\/londres-un-palestinien-arme-dun-couteau-arrete-alors-quil-tentait-de-sintroduire\" target=\"_blank\" rel=\"noopener\" title=\"\">isra\u00e9lienne<\/a> a ferm\u00e9 l\u2019autoroute entre <a target=\"_blank\" href=\"https:\/\/www.cnews.fr\/france\/2024-11-08\/jerusalem-voici-les-quatre-domaines-dont-la-france-est-proprietaire-1584690\" target=\"_blank\" rel=\"noopener\" title=\"\">J\u00e9rusalem<\/a> et Tel-Aviv et \u00e9vacu\u00e9 des communes le long de cet axe routier en raison d\u2019incendies dans la zone, d\u00e9j\u00e0 ravag\u00e9e par le feu il y a une semaine.<\/p>\n<p>\u00c0 l\u2019heure o\u00f9 les secours sont fortement mobilis\u00e9s pour faire face aux flammes, qui ne cessent de se propager en raison des vents violents et des temp\u00e9ratures \u00e9lev\u00e9es, l\u2019arm\u00e9e a \u00e9t\u00e9 d\u00e9ploy\u00e9e sous l\u2019ordre du ministre de la D\u00e9fense, Isra\u00ebl Katz.<\/p>\n<p>Au moins 22 personnes ont \u00e9t\u00e9 l\u00e9g\u00e8rement bless\u00e9es. Elles ont \u00e9t\u00e9 prises en charge par les services d\u2019urgence du Magen David Adom (MDA) et la situation a \u00e9t\u00e9 qualifi\u00e9e d\u2019\u00aburgence nationale\u00bb.<\/p>\n<p>Sur les r\u00e9seaux sociaux, plusieurs vid\u00e9os ont \u00e9t\u00e9 publi\u00e9es, t\u00e9moignant de la gravit\u00e9 de la situation. La passag\u00e8re d\u2019un v\u00e9hicule a film\u00e9 ces flammes qui d\u00e9vorent l\u2019axe routier entre J\u00e9rusalem et <a target=\"_blank\" href=\"https:\/\/www.cnews.fr\/monde\/2025-01-22\/attaque-au-couteau-tel-aviv-ce-que-lon-sait-du-suspect-1622718\" target=\"_blank\" rel=\"noopener\" title=\"\">Tel-Aviv<\/a>. La vid\u00e9o, d\u2019une dur\u00e9e de 34 secondes, montre des v\u00e9hicules l\u2019importance des fum\u00e9es et du feu.<\/p>\n<figure class=\"wp-block-embed is-type-rich is-provider-twitter wp-block-embed-twitter\"\/>\n<p>Sur une autre vid\u00e9o, on peut voir les automobilistes abandonner leur voiture au milieu des voies alors que les flammes ravagent les zones bois\u00e9es pr\u00e8s de l\u2019autoroute.<\/p>\n<figure class=\"wp-block-embed is-type-rich is-provider-twitter wp-block-embed-twitter\"\/>\n<p>\u00ab<em>C\u2019est l\u2019un des \u00e9v\u00e9nements les plus difficiles dont je me souvienne<\/em>\u00bb, a comment\u00e9 un commissaire des pompiers et des secours, dont les propos ont \u00e9t\u00e9 relat\u00e9s par le m\u00e9dia isra\u00e9lien <em>N12 News<\/em>.<\/p>\n<p>D\u2019autres images montrent des militaires et des secouristes courir sur les voies tandis que les voitures \u00e9taient \u00e0 l\u2019arr\u00eat, compl\u00e8tement vides.<\/p>\n<figure class=\"wp-block-embed is-type-rich is-provider-twitter wp-block-embed-twitter\"\/>\n<p>En raison de cette situation catastrophique, le Premier ministre isra\u00e9lien Benjamin Netanyahou a annonc\u00e9 l\u2019arriv\u00e9e imminente de trois avions d\u2019Italie et de Croatie pour aider \u00e0 lutter contre les importants incendies.<\/p>\n<p>\u00ab<em>Il a \u00e9t\u00e9 convenu jusqu\u2019\u00e0 pr\u00e9sent que trois avions provenant d\u2019Italie et de Croatie arriveront en Isra\u00ebl d\u00e8s que possible<\/em>\u00bb, selon un communiqu\u00e9 du bureau du Premier ministre.<\/p>\n<div class=\"wp-block-image\">\n<figure class=\"aligncenter size-full\"><img data-recalc-dims=\"1\" decoding=\"async\" width=\"300\" height=\"366\" src=\"https:\/\/i0.wp.com\/reseauinternational.net\/wp-content\/uploads\/2025\/05\/image-10.png?resize=300%2C366&amp;quality=100&amp;ssl=1\" alt=\"\" class=\"wp-image-455422\" loading=\"lazy\" srcset=\"https:\/\/i0.wp.com\/reseauinternational.net\/wp-content\/uploads\/2025\/05\/image-10.png?w=300&amp;quality=100&amp;ssl=1 300w, https:\/\/i0.wp.com\/reseauinternational.net\/wp-content\/uploads\/2025\/05\/image-10.png?resize=246%2C300&amp;quality=100&amp;ssl=1 246w\" sizes=\"auto, (max-width: 300px) 100vw, 300px\"\/><\/figure>\n<\/div>\n<p>source : <a target=\"_blank\" href=\"https:\/\/www.cnews.fr\/monde\/2025-04-30\/israel-les-images-impressionnantes-des-incendies-devastateurs-louest-de-jerusalem\" target=\"_blank\" rel=\"noopener\" title=\"\">CNews<\/a> via <a target=\"_blank\" href=\"https:\/\/fr.sott.net\/article\/44320-Israel-est-en-feu-des-incendies-puissants-ravagent-le-pays\" target=\"_blank\" rel=\"noopener\" title=\"\">SOTT<\/a><\/p>\n<div class=\"sharedaddy sd-block sd-like jetpack-likes-widget-wrapper jetpack-likes-widget-unloaded\" id=\"like-post-wrapper-237719536-455398-681428cdaab3c\" data-src=\"https:\/\/widgets.wp.com\/likes\/?ver=14.5#blog_id=237719536&amp;post_id=455398&amp;origin=reseauinternational.net&amp;obj_id=237719536-455398-681428cdaab3c\" data-name=\"like-post-frame-237719536-455398-681428cdaab3c\" data-title=\"Aimer ou rebloguer\">\n<h3 class=\"sd-title\">J\u2019aime \u00e7a\u00a0:<\/h3>\n<p><span class=\"button\"><span>J\u2019aime<\/span><\/span> <span class=\"loading\">chargement\u2026<\/span><\/p>\n<p><span class=\"sd-text-color\"\/><a target=\"_blank\" class=\"sd-link-color\"\/><\/div>\n<p><meta itemscope=\"\" itemprop=\"mainEntityOfPage\" itemtype=\"https:\/\/schema.org\/WebPage\" itemid=\"https:\/\/reseauinternational.net\/israel-est-en-feu-des-incendies-puissants-ravagent-le-pays\/\"\/><meta itemprop=\"headline\" content=\"Isra\u00ebl est en feu, des incendies puissants ravagent le pays\"\/><span style=\"display: none;\" itemprop=\"author\" itemscope=\"\" itemtype=\"https:\/\/schema.org\/Person\"><meta itemprop=\"name\" content=\"R\u00e9seau International\"\/><\/span><span style=\"display: none;\" itemprop=\"image\" itemscope=\"\" itemtype=\"https:\/\/schema.org\/ImageObject\"><meta itemprop=\"url\" content=\"https:\/\/i0.wp.com\/reseauinternational.net\/wp-content\/uploads\/2025\/05\/Sans-titre-18.png?fit=800%2C467&amp;quality=100&amp;ssl=1\"\/><meta itemprop=\"width\" content=\"800\"\/><meta itemprop=\"height\" content=\"467\"\/><\/span><span style=\"display: none;\" itemprop=\"publisher\" itemscope=\"\" itemtype=\"https:\/\/schema.org\/Organization\"><span style=\"display: none;\" itemprop=\"logo\" itemscope=\"\" itemtype=\"https:\/\/schema.org\/ImageObject\"><meta itemprop=\"url\" content=\"https:\/\/reseauinternational.net\/wp-content\/uploads\/2022\/06\/Capture-de\u0301cran-2022-06-14-a\u0300-16.51.07.png\"\/><\/span><meta itemprop=\"name\" content=\"R\u00e9seau International\"\/><\/span><meta itemprop=\"datePublished\" content=\"2025-05-01T12:54:17+00:00\"\/><meta itemprop=\"dateModified\" content=\"2025-05-01T12:54:54+00:00\"\/><\/div>\n<p><br \/>\n<br \/><a href=\"https:\/\/reseauinternational.net\/israel-est-en-feu-des-incendies-puissants-ravagent-le-pays\/\" target=\"_blank\"\">Source link <\/a><\/p>\n","protected":false},"excerpt":{"rendered":"<p>par Khalil Rajehi Plusieurs incendies d\u00e9vastateurs ont \u00e9t\u00e9 constat\u00e9s, ce mercredi 30 avril, \u00e0 l\u2019ouest de J\u00e9rusalem. Les secours isra\u00e9liens sont mobilis\u00e9s et des vid\u00e9os montrant la gravit\u00e9 de la&hellip; <\/p>\n","protected":false},"author":1,"featured_media":7460,"comment_status":"open","ping_status":"open","sticky":false,"template":"","format":"standard","meta":{"footnotes":""},"categories":[1],"tags":[],"class_list":["post-7459","post","type-post","status-publish","format-standard","has-post-thumbnail","hentry","category-non-classe"],"_links":{"self":[{"href":"https:\/\/monde25.info\/index.php\/wp-json\/wp\/v2\/posts\/7459","targetHints":{"allow":["GET"]}}],"collection":[{"href":"https:\/\/monde25.info\/index.php\/wp-json\/wp\/v2\/posts"}],"about":[{"href":"https:\/\/monde25.info\/index.php\/wp-json\/wp\/v2\/types\/post"}],"author":[{"embeddable":true,"href":"https:\/\/monde25.info\/index.php\/wp-json\/wp\/v2\/users\/1"}],"replies":[{"embeddable":true,"href":"https:\/\/monde25.info\/index.php\/wp-json\/wp\/v2\/comments?post=7459"}],"version-history":[{"count":0,"href":"https:\/\/monde25.info\/index.php\/wp-json\/wp\/v2\/posts\/7459\/revisions"}],"wp:featuredmedia":[{"embeddable":true,"href":"https:\/\/monde25.info\/index.php\/wp-json\/wp\/v2\/media\/7460"}],"wp:attachment":[{"href":"https:\/\/monde25.info\/index.php\/wp-json\/wp\/v2\/media?parent=7459"}],"wp:term":[{"taxonomy":"category","embeddable":true,"href":"https:\/\/monde25.info\/index.php\/wp-json\/wp\/v2\/categories?post=7459"},{"taxonomy":"post_tag","embeddable":true,"href":"https:\/\/monde25.info\/index.php\/wp-json\/wp\/v2\/tags?post=7459"}],"curies":[{"name":"wp","href":"https:\/\/api.w.org\/{rel}","templated":true}]}}