{"id":7474,"date":"2025-05-02T10:26:11","date_gmt":"2025-05-02T08:26:11","guid":{"rendered":"https:\/\/monde25.info\/index.php\/2025\/05\/02\/pourquoi-trouve-t-on-des-matieres-fecales-dans-le-perrier\/"},"modified":"2025-05-02T10:26:11","modified_gmt":"2025-05-02T08:26:11","slug":"pourquoi-trouve-t-on-des-matieres-fecales-dans-le-perrier","status":"publish","type":"post","link":"https:\/\/monde25.info\/index.php\/2025\/05\/02\/pourquoi-trouve-t-on-des-matieres-fecales-dans-le-perrier\/","title":{"rendered":"Pourquoi trouve-t-on des mati\u00e8res f\u00e9cales dans le Perrier\u00a0?"},"content":{"rendered":"<p> <br \/>\n<br \/><img loading=\"lazy\" decoding=\"async\" src=\"https:\/\/reporterre.net\/local\/cache-vignettes\/L700xH467\/image-3-bff36.png?1746171058\" class=\"spip_logo\" width=\"700\" height=\"467\" alt=\"\" \/><\/p>\n<p>Plusieurs cas de contamination de l&rsquo;eau Perrier, qui pourrait perdre le statut d&rsquo;\u00ab<small class=\"fine d-inline\">\u00a0<\/small>eau min\u00e9rale<small class=\"fine d-inline\">\u00a0<\/small>\u00bb, proviennent de mati\u00e8res f\u00e9cales. Une pollution fort r\u00e9pandue, due \u00e0 l&rsquo;urbanisation, l&rsquo;agriculture et \u00e0 notre gestion des toilettes. <br class=\"autobr\" \/> La c\u00e9l\u00e8bre eau gazeuse Perrier risque de perdre son statut \u00ab<small class=\"fine d-inline\">\u00a0<\/small>d&rsquo;eau min\u00e9rale<small class=\"fine d-inline\">\u00a0<\/small>\u00bb dans les prochains jours \u00e0 cause d&rsquo;un polluant aussi tenace que r\u00e9pandu\u00a0: la mati\u00e8re f\u00e9cale. Des centaines de milliers de bouteilles produites entre f\u00e9vrier et avril ont \u00e9t\u00e9 retenues\u00a0(\u2026)<\/p>\n<p>                    <a target=\"_blank\" href=\"https:\/\/reporterre.net\/Pourquoi-trouve-t-on-des-matieres-fecales-dans-le-Perrier?utm_source=RSS&amp;utm_medium=RSS\">Lire la suite<\/a><\/p>\n<p>                    &#8211;<br \/>\n                        <a target=\"_blank\" href=\"https:\/\/reporterre.net\/Autres-infos\" rel=\"directory\">Info<\/a><\/p>\n<p>                    \/<br \/>\n                        <a target=\"_blank\" href=\"https:\/\/reporterre.net\/Sante\" rel=\"tag\">Sant\u00e9<\/a><br \/>\n                    ,<br \/>\n                        <a target=\"_blank\" href=\"https:\/\/reporterre.net\/Eau-rivieres-oceans\" rel=\"tag\">Eau et rivi\u00e8res<\/a><br \/>\n<br \/><br \/>\n<br \/><a href=\"https:\/\/reporterre.net\/Pourquoi-trouve-t-on-des-matieres-fecales-dans-le-Perrier\" target=\"_blank\"\">Source link <\/a><\/p>\n","protected":false},"excerpt":{"rendered":"<p>Plusieurs cas de contamination de l&rsquo;eau Perrier, qui pourrait perdre le statut d&rsquo;\u00ab\u00a0eau min\u00e9rale\u00a0\u00bb, proviennent de mati\u00e8res f\u00e9cales. Une pollution fort r\u00e9pandue, due \u00e0 l&rsquo;urbanisation, l&rsquo;agriculture et \u00e0 notre gestion&hellip; <\/p>\n","protected":false},"author":1,"featured_media":0,"comment_status":"open","ping_status":"open","sticky":false,"template":"","format":"standard","meta":{"footnotes":""},"categories":[1],"tags":[],"class_list":["post-7474","post","type-post","status-publish","format-standard","hentry","category-non-classe"],"_links":{"self":[{"href":"https:\/\/monde25.info\/index.php\/wp-json\/wp\/v2\/posts\/7474","targetHints":{"allow":["GET"]}}],"collection":[{"href":"https:\/\/monde25.info\/index.php\/wp-json\/wp\/v2\/posts"}],"about":[{"href":"https:\/\/monde25.info\/index.php\/wp-json\/wp\/v2\/types\/post"}],"author":[{"embeddable":true,"href":"https:\/\/monde25.info\/index.php\/wp-json\/wp\/v2\/users\/1"}],"replies":[{"embeddable":true,"href":"https:\/\/monde25.info\/index.php\/wp-json\/wp\/v2\/comments?post=7474"}],"version-history":[{"count":0,"href":"https:\/\/monde25.info\/index.php\/wp-json\/wp\/v2\/posts\/7474\/revisions"}],"wp:attachment":[{"href":"https:\/\/monde25.info\/index.php\/wp-json\/wp\/v2\/media?parent=7474"}],"wp:term":[{"taxonomy":"category","embeddable":true,"href":"https:\/\/monde25.info\/index.php\/wp-json\/wp\/v2\/categories?post=7474"},{"taxonomy":"post_tag","embeddable":true,"href":"https:\/\/monde25.info\/index.php\/wp-json\/wp\/v2\/tags?post=7474"}],"curies":[{"name":"wp","href":"https:\/\/api.w.org\/{rel}","templated":true}]}}