{"id":7478,"date":"2025-05-02T12:06:22","date_gmt":"2025-05-02T10:06:22","guid":{"rendered":"https:\/\/monde25.info\/index.php\/2025\/05\/02\/5-exemples-de-societes-post-capitalistes\/"},"modified":"2025-05-02T12:06:22","modified_gmt":"2025-05-02T10:06:22","slug":"5-exemples-de-societes-post-capitalistes","status":"publish","type":"post","link":"https:\/\/monde25.info\/index.php\/2025\/05\/02\/5-exemples-de-societes-post-capitalistes\/","title":{"rendered":"5 exemples de soci\u00e9t\u00e9s post-capitalistes"},"content":{"rendered":"<p> <br \/>\n<\/p>\n<div>\n<h4><strong>Loin d\u2019\u00eatre une simple utopie, de nombreux mod\u00e8les alternatifs \u00e9mergent, proposant des pistes concr\u00e8tes pour repenser notre organisation \u00e9conomique et sociale sans le capitalisme tentaculaire.\u00a0Voici 5 exemples de soci\u00e9t\u00e9s post-capitalistes pour imaginer un futur radieux.<\/strong><\/h4>\n<p><strong>\u00a0<\/strong><i><span style=\"font-weight: 400;\"><em>\u00ab <\/em>There is no alternative <em>\u00bb<\/em><\/span><\/i><span style=\"font-weight: 400;\">\u00a0(il n\u2019y a pas d\u2019alternatives), disait la Premi\u00e8re ministre du Royaume-Uni <a target=\"_blank\" href=\"https:\/\/tenor.com\/fr\/view\/no-thatcher-no-no-no-gif-12956242\">Margaret Thatcher<\/a>, pr\u00e9tendant <strong>avec fatalisme que l\u2019\u00e9conomie de march\u00e9 n\u00e9olib\u00e9rale et capitaliste sont des ph\u00e9nom\u00e8nes naturels<\/strong> et que toute soci\u00e9t\u00e9 qui prend une autre voie court \u00e0 sa perte.\u00a0<\/span><\/p>\n<p><span style=\"font-weight: 400;\">Pour r\u00e9sister \u00e0 cette croyance qui ne fait que multiplier les destructions socio-environnementales au profit d\u2019une minorit\u00e9, <strong>il est n\u00e9cessaire d\u2019imaginer un avenir post-capitaliste. <\/strong><\/span><strong>Voici un tour d\u2019horizon de quelques exemples d\u2019utopies \u00e9conomiques.<\/strong><\/p>\n<h2><strong>1. La coordination n\u00e9goci\u00e9e : La d\u00e9mocratie \u00e9conomique en action<\/strong><\/h2>\n<p><span style=\"font-weight: 400;\">Fond\u00e9e sur <strong>la d\u00e9mocratie \u00e9conomique, la propri\u00e9t\u00e9 sociale et la n\u00e9gociation permanente entre toutes les parties prenantes<\/strong>, la \u00ab coordination n\u00e9goci\u00e9e \u00bb, pens\u00e9e par l\u2019\u00e9conomiste britannique Pat Devine et enrichie par Fikret Adaman, est <\/span><b>l\u2019une des alternatives les plus s\u00e9rieuses au capitalisme, en misant sur la planification d\u00e9mocratique et la d\u00e9lib\u00e9ration collective.<\/b><span style=\"font-weight: 400;\">\u00a0<\/span><\/p>\n<p><span style=\"font-weight: 400;\">Comme l\u2019expliquent Devine et Adaman, <\/span><b>il s\u2019agit de <em>\u00ab\u202fcoordonner les activit\u00e9s \u00e9conomiques entre les acteurs concern\u00e9s\u202f\u00bb<\/em><\/b><span style=\"font-weight: 400;\"> \u2013 qu\u2019il s\u2019agisse des travailleurs, des consommateurs, des membres de la communaut\u00e9 ou d\u2019autres parties prenantes directement affect\u00e9s par les d\u00e9cisions \u00e9conomiques.<\/span><\/p>\n<blockquote>\n<p><strong>\u00ab\u202f<i>Les moyens de production devraient \u00eatre la propri\u00e9t\u00e9 sociale des parties prenantes, personnes ou groupes, directement affect\u00e9s par leur utilisation<\/i>\u202f\u00bb\u00a0<\/strong><\/p>\n<\/blockquote>\n<p><span style=\"font-weight: 400;\">Ainsi, <\/span><b>chaque entreprise serait administr\u00e9e non seulement par ses salari\u00e9s, mais aussi par des repr\u00e9sentants de la communaut\u00e9 locale, des fournisseurs, des clients et des organismes de planification.<\/b><span style=\"font-weight: 400;\"> Ce conseil \u00e9largi n\u00e9gocierait les objectifs \u00e9conomiques, non seulement \u00e0 l\u2019\u00e9chelle de l\u2019entreprise, mais aussi dans des espaces de concertation sectoriels, sur la base d\u2019informations quantitatives et qualitatives issues de l\u2019exp\u00e9rience de chacun.<\/span><\/p>\n<p><span style=\"font-weight: 400;\">Le mod\u00e8le fait une distinction nette entre \u00ab\u202f<em>l\u2019\u00e9change marchand<\/em>\u202f\u00bb, qui subsiste pour la circulation des biens existants, et les \u00ab\u202f<em>forces du march\u00e9<\/em>\u202f\u00bb, qui sont \u00e9limin\u00e9es pour les d\u00e9cisions d\u2019investissement. \u00ab\u202f<em>Les d\u00e9cisions relatives aux changements de capacit\u00e9 productive d\u2019une entreprise affectent un ensemble plus large de groupes\u202f<\/em>\u00bb, souligne Devine, <\/span><b>d\u2019o\u00f9 la n\u00e9cessit\u00e9 d\u2019une n\u00e9gociation collective pour chaque investissement majeur<\/b><span style=\"font-weight: 400;\">. Ce processus, fond\u00e9 sur la d\u00e9lib\u00e9ration, vise \u00e0 <\/span><b>d\u00e9passer les int\u00e9r\u00eats particuliers pour construire un int\u00e9r\u00eat g\u00e9n\u00e9ral socialement d\u00e9fini.<\/b><\/p>\n<p><span style=\"font-weight: 400;\">La coordination n\u00e9goci\u00e9e n\u2019est pas sans critiques, comme le souligne l\u2019\u00e9conomiste Florence Jany-Catrice, \u00e0 travers <\/span><b>le risque d\u2019\u00ab\u202f\u00e9puisement\u202f\u00bb des acteurs engag\u00e9s dans des n\u00e9gociations longues et complexes<\/b><span style=\"font-weight: 400;\">, et s\u2019interrogent sur la capacit\u00e9 du mod\u00e8le \u00e0 favoriser l\u2019innovation.\u00a0<\/span><\/p>\n<p><span style=\"font-weight: 400;\">Devine et Adaman r\u00e9pondent que <\/span><b>le processus d\u00e9lib\u00e9ratif est aussi un processus d\u2019apprentissage collectif\u202f<\/b><span style=\"font-weight: 400;\">: <\/span><b>\u00ab\u202f<em>Les participants apprennent \u00e0 prendre en compte les int\u00e9r\u00eats des autres et modifient leurs pr\u00e9f\u00e9rences en cons\u00e9quence<\/em>\u202f\u00bb<\/b><span style=\"font-weight: 400;\">, \u00e9crivent-ils, misant sur une dynamique transformatrice plut\u00f4t que sur la simple addition d\u2019int\u00e9r\u00eats individuels.<\/span><\/p>\n<p><span style=\"font-weight: 400;\">Pour aller plus loin, voici diff\u00e9rentes ressources :<\/span><\/p>\n<div class=\"td-a-rec td-a-rec-id-content_inline  tdi_1 td_block_template_1\">\n<span class=\"td-adspot-title\">&#8211; Pour une information libre ! &#8211;<\/span><a target=\"_blank\" href=\"https:\/\/fr.tipeee.com\/mr-mondialisation\" class=\"tipeee-project-small\">Soutenir Mr Japanization sur Tipeee<\/a>\n<\/div>\n<ol>\n<li style=\"font-weight: 400;\" aria-level=\"1\"><a target=\"_blank\" href=\"https:\/\/www.philomag.com\/articles\/sortir-du-capitalisme-quatre-modeles-novateurs-et-meconnus\"><span style=\"font-weight: 400;\">Sortir du capitalisme : quatre mod\u00e8les novateurs et m\u00e9connus | Philosophie magazine<\/span><\/a><\/li>\n<li style=\"font-weight: 400;\" aria-level=\"1\"><a target=\"_blank\" href=\"https:\/\/www.erudit.org\/fr\/revues\/ncs\/2022-n28-ncs07369\/100099ac\/\"><span style=\"font-weight: 400;\">La coordination n\u00e9goci\u00e9e, un mod\u00e8le \u00e9cosocialiste \u2013 Nouveaux Cahiers du socialisme \u2013 \u00c9rudit<\/span><\/a><\/li>\n<li style=\"font-weight: 400;\" aria-level=\"1\"><a target=\"_blank\" href=\"https:\/\/www.cahiersdusocialisme.org\/la-coordination-negociee-un-modele-ecosocialiste\/\"><span style=\"font-weight: 400;\">La coordination n\u00e9goci\u00e9e, un mod\u00e8le \u00e9cosocialiste | Nouveaux Cahiers du socialisme<\/span><\/a><\/li>\n<\/ol>\n<h2><strong>2. L\u2019\u00e9conomie participaliste : une planification d\u00e9centralis\u00e9e<\/strong><\/h2>\n<p><span style=\"font-weight: 400;\">L\u2019\u00e9conomie participaliste, ou \u00ab\u202f<em>Parecon<\/em>\u202f\u00bb, imagin\u00e9e par Michael Albert et Robin Hahnel, s\u2019affiche comme <\/span><b>une alternative radicale au capitalisme et \u00e0 la planification centralis\u00e9e<\/b><span style=\"font-weight: 400;\">. \u00ab\u202f<em>L\u2019\u00e9conomie participative vise \u00e0 r\u00e9aliser \u00e9conomiquement cinq valeurs\u202f: l\u2019\u00e9quit\u00e9, l\u2019autogestion, la vari\u00e9t\u00e9, la solidarit\u00e9 et l\u2019efficience<\/em>\u202f\u00bb, rappellent les auteurs dans <\/span><i><span style=\"font-weight: 400;\">The Political Economy of Participatory Economics <\/span><\/i><span style=\"font-weight: 400;\">paru en 1991.\u00a0<\/span><\/p>\n<p><span style=\"font-weight: 400;\">Leur mod\u00e8le entend \u00ab<\/span><i><span style=\"font-weight: 400;\">\u202frendre impossible l\u2019existence d\u2019une classe capitaliste\u202f\u00bb<\/span><\/i><b> en supprimant toute propri\u00e9t\u00e9 priv\u00e9e des moyens de production<\/b><span style=\"font-weight: 400;\">\u202f(<i>Parecon:<\/i> <i>Life After Capitalism<\/i>, Michael Albert et Robin Hahnel).<\/span><\/p>\n<blockquote>\n<p><strong>\u00ab\u202f<em>Personne ne d\u00e9tient de propri\u00e9t\u00e9 sur les moyens de production qui lui conf\u00e9rerait des droits, des responsabilit\u00e9s, des richesses ou des revenus diff\u00e9rents de ce que le reste de l\u2019\u00e9conomie lui accorde<\/em>\u202f\u00bb\u00a0<\/strong><\/p>\n<\/blockquote>\n<p><span style=\"font-weight: 400;\">Au c\u0153ur du dispositif, <\/span><b>des conseils de producteurs et de consommateurs prennent ensemble les d\u00e9cisions \u00e9conomiques, sans direction \u00e9tatique ni agence centrale. <\/b><span style=\"font-weight: 400;\">\u00ab\u202f<\/span><i><span style=\"font-weight: 400;\">Toute personne devrait avoir son mot \u00e0 dire pour une d\u00e9cision de mani\u00e8re proportionnelle au degr\u00e9 o\u00f9 cette d\u00e9cision l\u2019affecte<\/span><\/i><span style=\"font-weight: 400;\">\u202f\u00bb, insistent Albert et Hahnel (<em>The Political Economy of Participatory Economics<\/em>, 1991).<\/span><b> Les prix, loin d\u2019\u00eatre fix\u00e9s par le march\u00e9 ou l\u2019\u00c9tat, \u00e9mergent d\u2019une n\u00e9gociation it\u00e9rative\u202f: chaque conseil propose ses besoins et capacit\u00e9s, et le processus se r\u00e9p\u00e8te jusqu\u2019\u00e0 atteindre un \u00e9quilibre collectif<\/b><span style=\"font-weight: 400;\">.<\/span><\/p>\n<p><span style=\"font-weight: 400;\">Autre innovation majeure\u202f: les <\/span><b>\u00ab\u202f<em>complexes d\u2019emplois \u00e9quilibr\u00e9s<\/em>\u202f\u00bb<\/b><span style=\"font-weight: 400;\">, qui visent \u00e0 <\/span><b>abolir la division hi\u00e9rarchique du travail<\/b><span style=\"font-weight: 400;\">. La r\u00e9mun\u00e9ration se base sur l\u2019effort et le sacrifice, et non sur le statut ou le capital initial.<\/span><\/p>\n<p><iframe loading=\"lazy\" title=\"A Participatory Economy: a post-capitalist model\" width=\"1110\" height=\"624\" src=\"https:\/\/www.youtube.com\/embed\/cj_sL9bK6IE?feature=oembed\" frameborder=\"0\" allow=\"accelerometer; autoplay; clipboard-write; encrypted-media; gyroscope; picture-in-picture; web-share\" referrerpolicy=\"strict-origin-when-cross-origin\" allowfullscreen><\/iframe><\/p>\n<p><span style=\"font-weight: 400;\">Face aux critiques sur la compatibilit\u00e9 de la Parecon avec la \u00ab\u202f<em>nature humaine<\/em>\u202f\u00bb, les partisans affirment <strong>parier sur la capacit\u00e9 des institutions d\u00e9mocratiques \u00e0 encourager la solidarit\u00e9 et la coop\u00e9ration \u00e0 long terme<\/strong> (<em>The Political Economy of Participatory Economics<\/em>). <\/span><\/p>\n<p><span style=\"font-weight: 400;\">Enfin,<\/span><b> le mod\u00e8le a \u00e9volu\u00e9 pour mieux int\u00e9grer les enjeux \u00e9cologiques<\/b><span style=\"font-weight: 400;\">, Robin Hahnel ayant r\u00e9cemment insist\u00e9 sur la n\u00e9cessit\u00e9 d\u2019une planification prenant en compte les limites environnementales (<em>Economic Justice and Democracy: From Competition to Cooperation<\/em>, 2005, m\u00eames auteurs).<\/span><\/p>\n<p><span style=\"font-weight: 400;\">Pour aller plus loin, voici diff\u00e9rentes ressources :<\/span><\/p>\n<ol>\n<li style=\"font-weight: 400;\" aria-level=\"1\"><a target=\"_blank\" href=\"https:\/\/innovationsocialeusp.ca\/crits\/blogue\/leconomie-participaliste-de-michael-albert-et-robin-hahnel\"><span style=\"font-weight: 400;\">L\u2019\u00e9conomie participaliste de Michael Albert et Robin Hahnel \u2014 \u00c9cole d\u2019innovation sociale \u00c9lisabeth Bruy\u00e8re<\/span><\/a><span style=\"font-weight: 400;\">?<\/span><\/li>\n<li style=\"font-weight: 400;\" aria-level=\"1\"><a target=\"_blank\" href=\"https:\/\/fr.wikipedia.org\/wiki\/%C3%89conomie_participative\"><span style=\"font-weight: 400;\">\u00c9conomie participative \u2014 Wikip\u00e9dia<\/span><\/a><\/li>\n<\/ol>\n<h2><strong>3. La planification centralis\u00e9e informatis\u00e9e : l\u2019algorithme au service de l\u2019\u00e9conomie<\/strong><\/h2>\n<p><span style=\"font-weight: 400;\">La planification centralis\u00e9e informatis\u00e9e, d\u00e9fendue par Paul Cockshott et Allin Cottrell, propose de <\/span><b>confier l\u2019allocation des ressources \u00e0 <a target=\"_blank\" href=\"https:\/\/mrmondialisation.org\/ia-democratie\/\">des algorithmes puissants,<\/a> capables de traiter en temps r\u00e9el les besoins de la population et d\u2019organiser l\u2019\u00e9conomie de fa\u00e7on centralis\u00e9e.<\/b><span style=\"font-weight: 400;\">\u00a0<\/span><\/p>\n<blockquote>\n<p><strong>\u00ab\u202fle calcul centralis\u00e9 des valeurs-travail de toute une \u00e9conomie est d\u00e9sormais r\u00e9alisable gr\u00e2ce \u00e0 l\u2019informatique moderne\u202f\u00bb<\/strong><\/p>\n<\/blockquote>\n<p><span style=\"font-weight: 400;\">Dans leur ouvrage de r\u00e9f\u00e9rence, <\/span><i><span style=\"font-weight: 400;\">Towards a New Socialism<\/span><\/i><span style=\"font-weight: 400;\"> (1993), ils avancent que \u00ab\u202f<em>le calcul centralis\u00e9 des valeurs-travail de toute une \u00e9conomie est d\u00e9sormais r\u00e9alisable gr\u00e2ce \u00e0 l\u2019informatique moderne<\/em>\u202f\u00bb, <\/span><b>estimant qu\u2019un superordinateur pourrait r\u00e9soudre les \u00e9quations n\u00e9cessaires \u00e0 la coordination de millions de produits en quelques minutes seulement<\/b><span style=\"font-weight: 400;\">. <\/span>Leur mod\u00e8le va jusqu\u2019\u00e0 envisager la suppression de la monnaie au profit d\u2019une comptabilit\u00e9 en heures de travail<span style=\"font-weight: 400;\">.<\/span><\/p>\n<p><span style=\"font-weight: 400;\">Bien qu\u2019on puisse trouver d\u2019autres exemples plus pertinents, <strong>les partisans de cette approche s\u2019appuient sur les progr\u00e8s de la technologie de l\u2019information et comparent leur m\u00e9thode aux <a target=\"_blank\" href=\"https:\/\/mrmondialisation.org\/livres-des-alternatives-en-ligne-pour-oublier-amazon\/\">capacit\u00e9s logistiques d\u2019entreprises comme Amazon<\/a><\/strong>, capables de g\u00e9rer d\u2019immenses flux de donn\u00e9es et de stocks. <\/span><\/p>\n<p><span style=\"font-weight: 400;\">Dans une vid\u00e9o pour Blast, l\u2019\u00e9conomiste Simon Tremblay-Pepin, d\u00e9fend l\u2019utilisation des outils techniques existants pour transformer et planifier d\u00e9mocratiquement l\u2019\u00e9conomie. Cependant, <strong>il met en garde contre une confiance excessive dans la technologie et souligne les questions \u00e9nerg\u00e9tiques et \u00e9cologiques pos\u00e9es par la gestion informatique d\u2019une telle ampleur.<\/strong><\/span><\/p>\n<p><iframe loading=\"lazy\" title=\"SORTIR DU CAPITALISME, MODE D\u2019EMPLOI\" width=\"1110\" height=\"624\" src=\"https:\/\/www.youtube.com\/embed\/PrWDrTLB7fU?feature=oembed\" frameborder=\"0\" allow=\"accelerometer; autoplay; clipboard-write; encrypted-media; gyroscope; picture-in-picture; web-share\" referrerpolicy=\"strict-origin-when-cross-origin\" allowfullscreen><\/iframe><\/p>\n<p><span style=\"font-weight: 400;\">Pour aller plus loin, voici diff\u00e9rentes ressources :<\/span><\/p>\n<ol>\n<li style=\"font-weight: 400;\" aria-level=\"1\"><a target=\"_blank\" href=\"https:\/\/major-prepa.com\/economie\/planification-economique-france-1947-1997\/\"><span style=\"font-weight: 400;\">La planification \u00e9conomique en France (1947-1997) \u2013 Major Pr\u00e9pa<\/span><\/a><\/li>\n<li style=\"font-weight: 400;\" aria-level=\"1\"><a target=\"_blank\" href=\"https:\/\/fr.wikipedia.org\/wiki\/%C3%89conomie_planifi%C3%A9e\"><span style=\"font-weight: 400;\">\u00c9conomie planifi\u00e9e \u2014 Wikip\u00e9dia<\/span><\/a><\/li>\n<li style=\"font-weight: 400;\" aria-level=\"1\"><a target=\"_blank\" href=\"https:\/\/lc.em-normandie.fr\/Default\/detailstatic.aspx?RSC_BASE=CAIRNOAI&amp;RSC_DOCID=_b64_b2FpLWNhaXJuLmluZm8tQU1YXzA2NV8wMDI2&amp;TITLE=la-planification-centrale-et-ses-alternatives-dans-l-experience-des-economies-socialistes&amp;_lg=en-US\"><span style=\"font-weight: 400;\">La planification centrale et ses alternatives dans l\u2019exp\u00e9rience des \u00e9conomies socialistes \u2013 Default scope<\/span><\/a><\/li>\n<\/ol>\n<h2><strong>4. Les \u00e9conomies communautaires : reconna\u00eetre et investir dans l\u2019existant<\/strong><\/h2>\n<p><span style=\"font-weight: 400;\">Les \u00e9conomies communautaires, conceptualis\u00e9es par Katherine Gibson et Julie Graham sous le nom de plume J.K. Gibson-Graham, proposent <\/span><b>une approche dite \u00ab\u202f<em>anti-mod\u00e8le<\/em>\u202f\u00bb qui valorise la diversit\u00e9 des pratiques \u00e9conomiques existantes en dehors du capitalisme dominant.<\/b><\/p>\n<blockquote>\n<p><b>\u00ab\u202fplus de 50\u202f% de nos activit\u00e9s \u00e9conomiques sont autres ou non capitalistes\u202f\u00bb<\/b><\/p>\n<\/blockquote>\n<p><span style=\"font-weight: 400;\">Plut\u00f4t que de chercher \u00e0 imposer un syst\u00e8me alternatif unique, <\/span><b>elles invitent \u00e0 reconna\u00eetre, soutenir et coordonner les multiples formes d\u2019activit\u00e9s \u00e9conomiques locales, solidaires ou informelles, souvent invisibilis\u00e9es par le \u00ab\u202f<em>capitalocentrisme<\/em>\u202f\u00bb<\/b><span style=\"font-weight: 400;\">.<\/span><\/p>\n<p><span style=\"font-weight: 400;\">Dans <\/span><i><span style=\"font-weight: 400;\">A Postcapitalist Politics<\/span><\/i><span style=\"font-weight: 400;\"> (2006), elles affirment que<\/span><em><b> \u00ab\u202fplus de 50\u202f% de nos activit\u00e9s \u00e9conomiques sont autres ou non capitalistes\u202f\u00bb<\/b><\/em><span style=\"font-weight: 400;\">, utilisant l\u2019image de l\u2019iceberg pour illustrer la richesse cach\u00e9e de ces pratiques.\u00a0<\/span><\/p>\n<p><span style=\"font-weight: 400;\">L\u2019accent est mis sur <\/span><b><a target=\"_blank\" href=\"https:\/\/mrmondialisation.org\/la-privatisation-est-en-train-de-ruiner-le-bien-commun\/\">la gestion collective des biens communs\u202f:<\/a> ressources, savoirs ou services, g\u00e9r\u00e9s et maintenus par des communaut\u00e9s selon des r\u00e8gles partag\u00e9es.<\/b><span style=\"font-weight: 400;\"> Leur d\u00e9marche consiste \u00e0 ouvrir des espaces de d\u00e9lib\u00e9ration \u00e9thique et politique, <\/span><b>o\u00f9 chaque acteur devient un participant actif \u00e0 la transformation de son territoire et \u00e0 la construction d\u2019une \u00e9conomie plus inclusive et r\u00e9siliente<\/b><span style=\"font-weight: 400;\">.<\/span><\/p>\n<p><span style=\"font-weight: 400;\">Le d\u00e9fi majeur reste de trouver des moyens efficaces pour investir dans ces ressources d\u00e9j\u00e0 pr\u00e9sentes et coordonner leur d\u00e9veloppement \u00e0 plus grande \u00e9chelle.<\/span><\/p>\n<p><span style=\"font-weight: 400;\">Pour aller plus loin, voici diff\u00e9rentes ressources :<\/span><\/p>\n<ol>\n<li style=\"font-weight: 400;\" aria-level=\"1\"><a target=\"_blank\" href=\"https:\/\/communityeconomies.org\/sites\/default\/files\/2021-04\/Kruzynski%20%C3%89cologie%20sociale%20Economies%20de%20Communaut%C3%A9.pdf\"><span style=\"font-weight: 400;\">DE L\u2019\u00c9COLOGIE SOCIALE AUX \u00c9CONOMIES DE COMMUNAUT\u00c9 : POUR UN AUTRE VIVRE-ENSEMBLE<\/span><\/a><\/li>\n<li style=\"font-weight: 400;\" aria-level=\"1\"><a target=\"_blank\" href=\"https:\/\/www.socialeconomynews.eu\/fr\/katherine-gibson-conferenciere-invitee-a-la-9e-conference-internationale-de-recherche-du-ciriec-en-economie-sociale-seoul-du-4-au-6-juillet\/\"><span style=\"font-weight: 400;\">Katherine Gibson, conf\u00e9renci\u00e8re invit\u00e9e \u00e0 la 9e Conf\u00e9rence internationale de recherche du CIRIEC en \u00e9conomie sociale \u2013 S\u00e9oul, du 4 au 6 juillet | Social Economy News<\/span><\/a><\/li>\n<li style=\"font-weight: 400;\" aria-level=\"1\"><a target=\"_blank\" href=\"http:\/\/www.economiesdecommunaute.org\/2016\/03\/23\/la-fin-du-capitalisme-tel-que-nous-lavons-connu\/\"><span style=\"font-weight: 400;\">La fin du capitalisme (tel que nous l\u2019avons connu)<\/span><\/a><\/li>\n<\/ol>\n<h2><strong>5. L\u2019approche d\u00e9croissance : moins produire, mieux vivre<\/strong><\/h2>\n<p><strong><img fetchpriority=\"high\" decoding=\"async\" class=\"aligncenter wp-image-716854 size-medium\" src=\"https:\/\/mrmondialisation.org\/wp-content\/uploads\/2025\/04\/adobestock-647080547-11zon-1024x683.jpeg\" alt=\"\" width=\"1024\" height=\"683\" srcset=\"https:\/\/mrmondialisation.org\/wp-content\/uploads\/2025\/04\/adobestock-647080547-11zon-1024x683.jpeg 1024w, https:\/\/mrmondialisation.org\/wp-content\/uploads\/2025\/04\/adobestock-647080547-11zon-1524x1016.jpeg 1524w, https:\/\/mrmondialisation.org\/wp-content\/uploads\/2025\/04\/adobestock-647080547-11zon-768x512.jpeg 768w, https:\/\/mrmondialisation.org\/wp-content\/uploads\/2025\/04\/adobestock-647080547-11zon-1536x1024.jpeg 1536w, https:\/\/mrmondialisation.org\/wp-content\/uploads\/2025\/04\/adobestock-647080547-11zon-2048x1365.jpeg 2048w, https:\/\/mrmondialisation.org\/wp-content\/uploads\/2025\/04\/adobestock-647080547-11zon-696x464.jpeg 696w, https:\/\/mrmondialisation.org\/wp-content\/uploads\/2025\/04\/adobestock-647080547-11zon-1068x712.jpeg 1068w, https:\/\/mrmondialisation.org\/wp-content\/uploads\/2025\/04\/adobestock-647080547-11zon-630x420.jpeg 630w\" sizes=\"(max-width: 1024px) 100vw, 1024px\"\/><\/strong><\/p>\n<p><span style=\"font-weight: 400;\">L\u2019approche de <strong>la d\u00e9croissance<\/strong>, d\u00e9fendue par Serge Latouche et plus r\u00e9cemment par Timoth\u00e9e Parrique, remet en cause le dogme de la croissance \u00e9conomique infinie et propose une transformation profonde de nos soci\u00e9t\u00e9s pour respecter les limites \u00e9cologiques de la plan\u00e8te. <\/span><\/p>\n<p><span style=\"font-weight: 400;\">Dans son <\/span><i><span style=\"font-weight: 400;\">Petit trait\u00e9 de la d\u00e9croissance sereine<\/span><\/i><span style=\"font-weight: 400;\">, Latouche explique que <\/span><i><span style=\"font-weight: 400;\">\u00ab\u202f<\/span><\/i><em><span style=\"font-weight: 400;\">la d\u00e9croissance n\u2019est pas la croissance n\u00e9gative. Il conviendrait de parler d\u2019\u201ca-croissance\u201d, comme on parle d\u2019ath\u00e9isme. C\u2019est d\u2019ailleurs tr\u00e8s pr\u00e9cis\u00e9ment <strong>de l\u2019abandon d\u2019une foi ou d\u2019une religion (celle de l\u2019\u00e9conomie, du progr\u00e8s et du d\u00e9veloppement) qu\u2019il s\u2019agit\u202f<\/strong><\/span><\/em><strong><i>\u00bb<\/i>.\u00a0<\/strong><\/p>\n<p><span style=\"font-weight: 400;\">Il insiste sur la n\u00e9cessit\u00e9 de <\/span><i><span style=\"font-weight: 400;\">\u00ab\u202fd\u00e9coloniser notre imaginaire\u202f\u00bb<\/span><\/i><span style=\"font-weight: 400;\">, c\u2019est-\u00e0-dire de sortir de <\/span><b>l\u2019addiction \u00e0 la consommation et \u00e0 la croissance<\/b><span style=\"font-weight: 400;\">, pour <\/span><b>inventer de nouveaux modes de vie plus sobres et plus heureux.<\/b><\/p>\n<p><span style=\"font-weight: 400;\">Ce mod\u00e8le invite \u00e0 <\/span><b>r\u00e9duire de mani\u00e8re planifi\u00e9e la production et la consommation, \u00e0 relocaliser l\u2019\u00e9conomie, \u00e0 promouvoir l\u2019agriculture biologique et les circuits courts, et \u00e0 encourager la r\u00e9paration et la durabilit\u00e9 des biens.<\/b><\/p>\n<p><span style=\"font-weight: 400;\">La redistribution \u00e9quitable des ressources est \u00e9galement centrale, avec <\/span><b>une r\u00e9duction du temps de travail pour permettre \u00e0 chacun de mieux \u00e9quilibrer vie professionnelle et personnelle, tout en favorisant la participation d\u00e9mocratique et la justice sociale.<\/b><\/p>\n<p><span style=\"font-weight: 400;\">Pour Latouche, la d\u00e9croissance est avant tout une invitation \u00e0 \u00ab\u202f<em>retrouver le sens de la mesure\u202f<\/em>\u00bb et \u00e0 vivre mieux avec moins, dans le respect de l\u2019environnement et des autres.<\/span><\/p>\n<p><span style=\"font-weight: 400;\">Le mod\u00e8le de d\u00e9croissance de Serge Latouche est critiqu\u00e9 pour son <strong>eurocentrisme<\/strong>, car il pourrait \u00eatre difficilement applicable dans les pays en d\u00e9veloppement qui ont besoin de croissance pour sortir de la pauvret\u00e9.\u00a0<\/span><\/p>\n<p><span style=\"font-weight: 400;\">Pour aller plus loin, voici diff\u00e9rentes ressources :<\/span><\/p>\n<ol>\n<li style=\"font-weight: 400;\" aria-level=\"1\"><a target=\"_blank\" href=\"https:\/\/www.lemonde.fr\/climat\/article\/2018\/12\/13\/serge-latouche-la-decroissance-vise-le-travailler-moins-pour-travailler-mieux_5397115_1652612.html\"><span style=\"font-weight: 400;\">Serge Latouche : \u00ab La d\u00e9croissance vise le travailler moins pour travailler mieux \u00bb<\/span><\/a><\/li>\n<li style=\"font-weight: 400;\" aria-level=\"1\"><a target=\"_blank\" href=\"https:\/\/www.socialter.fr\/article\/serge-latouche-decroissance-economie-developpement-imaginaires\"><span style=\"font-weight: 400;\">Serge Latouche : \u00ab Le d\u00e9veloppement \u00e9conomique s\u2019inscrit dans une d\u00e9marche ethnocidaire \u00bb<\/span><\/a><\/li>\n<li style=\"font-weight: 400;\" aria-level=\"1\"><a target=\"_blank\" href=\"https:\/\/www.melchior.fr\/note-de-lecture\/ralentir-ou-perir-l-economie-de-la-decroissance\"><span style=\"font-weight: 400;\">Ralentir ou p\u00e9rir : L\u2019\u00e9conomie de la d\u00e9croissance | Melchior<\/span><\/a><\/li>\n<li style=\"font-weight: 400;\" aria-level=\"1\"><a target=\"_blank\" href=\"https:\/\/timotheeparrique.com\/reponse-aux-verts-qui-parlent-de-decroissance\/\"><span style=\"font-weight: 400;\">R\u00e9ponse aux verts qui parlent de d\u00e9croissance \u2013 Timoth\u00e9e Parrique<\/span><\/a><\/li>\n<\/ol>\n<p style=\"text-align: right;\">\u2013 <strong>Maureen Damman<\/strong><\/p>\n<hr\/>\n<p>Image par Rudy and Peter Skitterians sur Pixabay.<\/p>\n<div class=\"td-a-rec td-a-rec-id-content_bottom  tdi_2 td_block_template_1\">\n<span class=\"td-adspot-title\">&#8211; Cet article gratuit et ind\u00e9pendant existe gr\u00e2ce \u00e0 vous &#8211;<\/span><\/p>\n<div class=\"td-all-devices\">\n    <a target=\"_blank\" href=\"https:\/\/mrmondialisation.org\/donation\/\" title=\"Faire_un_don\"><img decoding=\"async\" class=\"donationArticle\" src=\"https:\/\/mrmondialisation.org\/wp-content\/uploads\/2022\/12\/220405-flikalicious-final.jpg\" alt=\"Donation\"\/><\/a>\n<\/div>\n<\/div><\/div>\n<p><br \/>\n<br \/><a href=\"https:\/\/mrmondialisation.org\/5-exemples-societes-post-capitalistes\/\" target=\"_blank\"\">Source link <\/a><\/p>\n","protected":false},"excerpt":{"rendered":"<p>Loin d\u2019\u00eatre une simple utopie, de nombreux mod\u00e8les alternatifs \u00e9mergent, proposant des pistes concr\u00e8tes pour repenser notre organisation \u00e9conomique et sociale sans le capitalisme tentaculaire.\u00a0Voici 5 exemples de soci\u00e9t\u00e9s post-capitalistes&hellip; <\/p>\n","protected":false},"author":1,"featured_media":7479,"comment_status":"open","ping_status":"open","sticky":false,"template":"","format":"standard","meta":{"footnotes":""},"categories":[1],"tags":[],"class_list":["post-7478","post","type-post","status-publish","format-standard","has-post-thumbnail","hentry","category-non-classe"],"_links":{"self":[{"href":"https:\/\/monde25.info\/index.php\/wp-json\/wp\/v2\/posts\/7478","targetHints":{"allow":["GET"]}}],"collection":[{"href":"https:\/\/monde25.info\/index.php\/wp-json\/wp\/v2\/posts"}],"about":[{"href":"https:\/\/monde25.info\/index.php\/wp-json\/wp\/v2\/types\/post"}],"author":[{"embeddable":true,"href":"https:\/\/monde25.info\/index.php\/wp-json\/wp\/v2\/users\/1"}],"replies":[{"embeddable":true,"href":"https:\/\/monde25.info\/index.php\/wp-json\/wp\/v2\/comments?post=7478"}],"version-history":[{"count":0,"href":"https:\/\/monde25.info\/index.php\/wp-json\/wp\/v2\/posts\/7478\/revisions"}],"wp:featuredmedia":[{"embeddable":true,"href":"https:\/\/monde25.info\/index.php\/wp-json\/wp\/v2\/media\/7479"}],"wp:attachment":[{"href":"https:\/\/monde25.info\/index.php\/wp-json\/wp\/v2\/media?parent=7478"}],"wp:term":[{"taxonomy":"category","embeddable":true,"href":"https:\/\/monde25.info\/index.php\/wp-json\/wp\/v2\/categories?post=7478"},{"taxonomy":"post_tag","embeddable":true,"href":"https:\/\/monde25.info\/index.php\/wp-json\/wp\/v2\/tags?post=7478"}],"curies":[{"name":"wp","href":"https:\/\/api.w.org\/{rel}","templated":true}]}}