{"id":7496,"date":"2025-05-02T19:16:59","date_gmt":"2025-05-02T17:16:59","guid":{"rendered":"https:\/\/monde25.info\/index.php\/2025\/05\/02\/viktor-orban-fustige-lintegration-acceleree-de-lukraine-dans-lue-et-declare-qu-il-est-temps-de-sortir-de-ce-monde-imaginaire\/"},"modified":"2025-05-02T19:16:59","modified_gmt":"2025-05-02T17:16:59","slug":"viktor-orban-fustige-lintegration-acceleree-de-lukraine-dans-lue-et-declare-qu-il-est-temps-de-sortir-de-ce-monde-imaginaire","status":"publish","type":"post","link":"https:\/\/monde25.info\/index.php\/2025\/05\/02\/viktor-orban-fustige-lintegration-acceleree-de-lukraine-dans-lue-et-declare-qu-il-est-temps-de-sortir-de-ce-monde-imaginaire\/","title":{"rendered":"Viktor Orban fustige l\u2019int\u00e9gration acc\u00e9l\u00e9r\u00e9e de l&rsquo;Ukraine dans l&rsquo;UE et d\u00e9clare qu&rsquo;\u00ab il est temps de sortir de ce monde imaginaire \u00bb"},"content":{"rendered":"<p> <br \/>\n<br \/><img decoding=\"async\" src=\"https:\/\/mf.b37mrtl.ru\/french\/images\/2025.05\/thumbnail\/6814f8ff6f7ccc47f11437e1.jpg\" \/><\/p>\n<div>\n<p class=\"text__summary\">\n                                        Le PM hongrois Viktor Orban met en garde contre l&rsquo;adh\u00e9sion acc\u00e9l\u00e9r\u00e9e de l&rsquo;Ukraine \u00e0 l&rsquo;UE dans un post sur X. Il y d\u00e9clare que \u00abBruxelles veut acc\u00e9l\u00e9rer l&rsquo;adh\u00e9sion de l&rsquo;Ukraine \u00e0 l&rsquo;UE, quel qu&rsquo;en soit le prix. Nous ne pouvons pas laisser nos enfants payer les fantasmes mondialistes de Bruxelles. Il est temps de sortir de ce monde imaginaire\u00bb.\n                                    <\/p>\n<\/div>\n<p><br \/>\n<br \/><a href=\"https:\/\/francais.rt.com\/news\/120255-viktor-orban-fustige-integration-acceleree-ukraine-dans-ue\" target=\"_blank\"\">Source link <\/a><\/p>\n","protected":false},"excerpt":{"rendered":"<p>Le PM hongrois Viktor Orban met en garde contre l&rsquo;adh\u00e9sion acc\u00e9l\u00e9r\u00e9e de l&rsquo;Ukraine \u00e0 l&rsquo;UE dans un post sur X. Il y d\u00e9clare que \u00abBruxelles veut acc\u00e9l\u00e9rer l&rsquo;adh\u00e9sion de l&rsquo;Ukraine&hellip; <\/p>\n","protected":false},"author":1,"featured_media":7497,"comment_status":"open","ping_status":"open","sticky":false,"template":"","format":"standard","meta":{"footnotes":""},"categories":[1],"tags":[],"class_list":["post-7496","post","type-post","status-publish","format-standard","has-post-thumbnail","hentry","category-non-classe"],"_links":{"self":[{"href":"https:\/\/monde25.info\/index.php\/wp-json\/wp\/v2\/posts\/7496","targetHints":{"allow":["GET"]}}],"collection":[{"href":"https:\/\/monde25.info\/index.php\/wp-json\/wp\/v2\/posts"}],"about":[{"href":"https:\/\/monde25.info\/index.php\/wp-json\/wp\/v2\/types\/post"}],"author":[{"embeddable":true,"href":"https:\/\/monde25.info\/index.php\/wp-json\/wp\/v2\/users\/1"}],"replies":[{"embeddable":true,"href":"https:\/\/monde25.info\/index.php\/wp-json\/wp\/v2\/comments?post=7496"}],"version-history":[{"count":0,"href":"https:\/\/monde25.info\/index.php\/wp-json\/wp\/v2\/posts\/7496\/revisions"}],"wp:featuredmedia":[{"embeddable":true,"href":"https:\/\/monde25.info\/index.php\/wp-json\/wp\/v2\/media\/7497"}],"wp:attachment":[{"href":"https:\/\/monde25.info\/index.php\/wp-json\/wp\/v2\/media?parent=7496"}],"wp:term":[{"taxonomy":"category","embeddable":true,"href":"https:\/\/monde25.info\/index.php\/wp-json\/wp\/v2\/categories?post=7496"},{"taxonomy":"post_tag","embeddable":true,"href":"https:\/\/monde25.info\/index.php\/wp-json\/wp\/v2\/tags?post=7496"}],"curies":[{"name":"wp","href":"https:\/\/api.w.org\/{rel}","templated":true}]}}