{"id":75,"date":"2024-11-14T09:19:29","date_gmt":"2024-11-14T08:19:29","guid":{"rendered":"https:\/\/monde25.info\/index.php\/2024\/11\/14\/le-president-bolivien-luis-arce-aurait-planifie-lassassinat-de-son-rival-evo-morales\/"},"modified":"2024-11-14T09:19:29","modified_gmt":"2024-11-14T08:19:29","slug":"le-president-bolivien-luis-arce-aurait-planifie-lassassinat-de-son-rival-evo-morales","status":"publish","type":"post","link":"https:\/\/monde25.info\/index.php\/2024\/11\/14\/le-president-bolivien-luis-arce-aurait-planifie-lassassinat-de-son-rival-evo-morales\/","title":{"rendered":"Le pr\u00e9sident bolivien, Luis Arce, aurait planifi\u00e9 l\u2019assassinat de son rival, Evo Morales"},"content":{"rendered":"<p> <br \/>\n<\/p>\n<div>\n<div align=\"center\"><img loading=\"lazy\" decoding=\"async\" src=\"https:\/\/www.voltairenet.org\/local\/cache-vignettes\/L400xH250\/voltairenet.org_-_1-599-37f58.jpg?1730782990\" class=\"spip_logo\" width=\"400\" height=\"250\" alt=\"\"\/><\/div>\n<p>\u2022 En d\u00e9cembre 2023, l\u2019ancien pr\u00e9sident Evo Morales d\u00e9non\u00e7ait un \u00ab\u00a0plan noir\u00a0\u00bb visant \u00e0 l\u2019\u00e9liminer avec les leaders de son parti, Andronica Rodriguez, Leonardo Loza et Gualberto Arispe.<\/p>\n<p>\u2022 Une enqu\u00eate de 2015 a \u00e9t\u00e9 rouverte contre Evo Morales pour \u00ab\u00a0viol, trafic et traite d\u2019\u00eatres humains\u00a0\u00bb, apr\u00e8s avoir \u00e9t\u00e9 class\u00e9e en 2020, puis six autres enqu\u00eates ont \u00e9t\u00e9 ouvertes contre lui pour des motifs divers.<\/p>\n<p>\u2022 Depuis le 14 octobre, ses partisans bloquent les principales routes du pays pour protester contre la \u00ab\u00a0pers\u00e9cution judiciaire\u00a0\u00bb de leur leader, mais aussi contre la gestion par le gouvernement de la crise dans laquelle est plong\u00e9 le pays.<br class=\"autobr\"\/><br \/>\nLes violences se succ\u00e8dent, opposant la police aux manifestants, tandis que les blocages provoquent de nouveaux troubles \u00e9conomiques. Selon Bloomberg, les affrontements ont d\u00e9j\u00e0 provoqu\u00e9 5 milliards de dollars de pertes, soit 3,5\u00a0% du produit int\u00e9rieur brut (PIB).<\/p>\n<p>\u2022 Le 26 octobre, l\u2019ensemble du haut commandement militaire a \u00e9t\u00e9 renouvel\u00e9 par le pr\u00e9sident Luis Arce.<\/p>\n<p>\u2022 Le 27 octobre, Evo Morales, a \u00e9t\u00e9 victime d\u2019une tentative d\u2019assassinat lorsqu\u2019il circulait dans la r\u00e9gion de Chapare, dans le centre du pays. Ses deux v\u00e9hicules ont \u00e9t\u00e9 cribl\u00e9e de 14 balles et son chauffeur a \u00e9t\u00e9 bless\u00e9. Il avait d\u00e9j\u00e0 fait l\u2019objet de tentatives d\u2019assassinat en 2009 et lors du coup d\u2019\u00c9tat de 2019.<br class=\"autobr\"\/><br \/>\nIl a d\u00e9clar\u00e9\u00a0: \u00ab\u00a0La voiture avec laquelle je suis arriv\u00e9 a re\u00e7u 14 balles. Moi, \u00e7a m\u2019a surpris. Heureusement, aujourd\u2019hui, nous sommes en vie[&#8230;]. Ce sont des hommes encagoul\u00e9s qui ont tir\u00e9 [&#8230;]. C\u2019\u00e9tait planifi\u00e9, c\u2019\u00e9tait pour tuer Evo [&#8230;]. [Le pr\u00e9sident] Luis Arce a d\u00e9truit la Bolivie, et maintenant il veut \u00e9liminer notre mouvement en en finissant avec la vie d\u2019Evo. On va voir comment on va se pr\u00e9parer [&#8230;]. Un \u00e9tat de si\u00e8ge est en marche.\u00a0\u00bb<\/p>\n<p>\u2022 Les assaillants ont utilis\u00e9 des h\u00e9licopt\u00e8res militaires et se sont repli\u00e9s dans la caserne de la 9\u00b0 division.<\/p>\n<p>\u2022 Eduardo del Castillo, ministre de l\u2019Int\u00e9rieur, a r\u00e9fut\u00e9 cette version, affirmant qu\u2019il s\u2019agissait d\u2019une \u00ab\u00a0mise en sc\u00e8ne\u00a0\u00bb d\u2019Evo Morales. Il a expliqu\u00e9 lors d\u2019une conf\u00e9rence de presse que l\u2019incident \u00e9tait survenu lors d\u2019un contr\u00f4le routier mis en place dans le cadre de la lutte contre le trafic de drogue dans le Chapare. Roberto Rios, vice-ministre de la S\u00e9curit\u00e9, a avanc\u00e9 l\u2019hypoth\u00e8se d\u2019un \u00ab\u00a0auto-attentat\u00a0\u00bb de la part d\u2019Evo Morales.<\/p>\n<p>\u2022 Evo Morales a admis que sa voiture et son v\u00e9hicule d\u2019escorte appartiennent au Venezuela. Il a d\u00e9clar\u00e9\u00a0: \u00ab\u00a0Je ne quitterai pas la Bolivie, je suis avec mon peuple et avec les gens nous allons r\u00e9sister et nous allons faire face et vaincre un gouvernement corrompu, un gouvernement de narcos.\u00a0\u00bb<\/p>\n<p>\u2022 Les avocats d\u2019Evo Morales ont saisi la Commission interam\u00e9ricaine des droits de l\u2019homme.<\/p>\n<p>\u2022 Le pr\u00e9sident Luis Arce envisage de d\u00e9cr\u00e9ter l\u2019\u00e9tat d\u2019urgence.<\/p>\n<p>\u261e Depuis quatre ans, la gauche latino-am\u00e9ricaine se divise et s\u2019aligne progressivement sur la gauche nord-am\u00e9ricaine et europ\u00e9enne. Elle abandonne la d\u00e9fense des prol\u00e9taires pour celle des minorit\u00e9s. En \u00c9quateur, le pr\u00e9sident Lenin Moreno a tourn\u00e9 le dos \u00e0 son pr\u00e9d\u00e9cesseur, Rafael Correa, pour s\u2019aligner sur Washington et mener des politiques n\u00e9olib\u00e9rales. Au P\u00e9rou, le pr\u00e9sident Pedro Castillo a \u00e9t\u00e9 renvers\u00e9 et emprisonn\u00e9 pour \u00eatre remplac\u00e9 par son ancienne ministre du D\u00e9veloppement, Dina Boluarte, d\u00e9sormais alli\u00e9e \u00e0 la droite.<\/p>\n<blockquote class=\"spip\">\n<p>Cet article est l\u2019\u00e9ditorial du num\u00e9ro 106 de \u00ab\u00a0Voltaire, actualit\u00e9 internationale\u00a0\u00bb. Le monde change vite. <a target=\"_blank\" href=\"https:\/\/buy.stripe.com\/7sI16i222cRI4UgcN9\" class=\"spip_out\" rel=\"external\">Abonnez-vous<\/a> \u00e0 notre lettre confidentielle hebdomadaire\u00a0; une source exceptionnelle d\u2019information sur la transition vers un monde multipolaire.<\/p>\n<\/blockquote>\n<\/div>\n<p><br \/>\n<br \/><a href=\"https:\/\/www.voltairenet.org\/article221447.html\" target=\"_blank\"\">Source link <\/a><\/p>\n","protected":false},"excerpt":{"rendered":"<p>\u2022 En d\u00e9cembre 2023, l\u2019ancien pr\u00e9sident Evo Morales d\u00e9non\u00e7ait un \u00ab\u00a0plan noir\u00a0\u00bb visant \u00e0 l\u2019\u00e9liminer avec les leaders de son parti, Andronica Rodriguez, Leonardo Loza et Gualberto Arispe. \u2022 Une&hellip; <\/p>\n","protected":false},"author":1,"featured_media":76,"comment_status":"open","ping_status":"open","sticky":false,"template":"","format":"standard","meta":{"footnotes":""},"categories":[1],"tags":[],"class_list":["post-75","post","type-post","status-publish","format-standard","has-post-thumbnail","hentry","category-non-classe"],"_links":{"self":[{"href":"https:\/\/monde25.info\/index.php\/wp-json\/wp\/v2\/posts\/75","targetHints":{"allow":["GET"]}}],"collection":[{"href":"https:\/\/monde25.info\/index.php\/wp-json\/wp\/v2\/posts"}],"about":[{"href":"https:\/\/monde25.info\/index.php\/wp-json\/wp\/v2\/types\/post"}],"author":[{"embeddable":true,"href":"https:\/\/monde25.info\/index.php\/wp-json\/wp\/v2\/users\/1"}],"replies":[{"embeddable":true,"href":"https:\/\/monde25.info\/index.php\/wp-json\/wp\/v2\/comments?post=75"}],"version-history":[{"count":0,"href":"https:\/\/monde25.info\/index.php\/wp-json\/wp\/v2\/posts\/75\/revisions"}],"wp:featuredmedia":[{"embeddable":true,"href":"https:\/\/monde25.info\/index.php\/wp-json\/wp\/v2\/media\/76"}],"wp:attachment":[{"href":"https:\/\/monde25.info\/index.php\/wp-json\/wp\/v2\/media?parent=75"}],"wp:term":[{"taxonomy":"category","embeddable":true,"href":"https:\/\/monde25.info\/index.php\/wp-json\/wp\/v2\/categories?post=75"},{"taxonomy":"post_tag","embeddable":true,"href":"https:\/\/monde25.info\/index.php\/wp-json\/wp\/v2\/tags?post=75"}],"curies":[{"name":"wp","href":"https:\/\/api.w.org\/{rel}","templated":true}]}}