{"id":750,"date":"2024-11-23T16:16:23","date_gmt":"2024-11-23T15:16:23","guid":{"rendered":"https:\/\/monde25.info\/index.php\/2024\/11\/23\/kiev-ne-peut-pas-decider-seul-dentamer-les-negociations-avec-la-russie-rt-en-francais\/"},"modified":"2024-11-23T16:16:23","modified_gmt":"2024-11-23T15:16:23","slug":"kiev-ne-peut-pas-decider-seul-dentamer-les-negociations-avec-la-russie-rt-en-francais","status":"publish","type":"post","link":"https:\/\/monde25.info\/index.php\/2024\/11\/23\/kiev-ne-peut-pas-decider-seul-dentamer-les-negociations-avec-la-russie-rt-en-francais\/","title":{"rendered":"Kiev ne peut pas d\u00e9cider seul d&rsquo;entamer les n\u00e9gociations avec la Russie \u2014 RT en fran\u00e7ais"},"content":{"rendered":"<p> <br \/>\n<br \/><img decoding=\"async\" src=\"https:\/\/mf.b37mrtl.ru\/french\/images\/2024.11\/thumbnail\/6741e47c6f7ccc1c2516d88b.jpg\" \/><\/p>\n<div>\n<p class=\"text__summary\">\n                                        Angela Merkel a affirm\u00e9 que l\u2019Ukraine ne devait pas d\u00e9cider seule d&rsquo;entamer des n\u00e9gociations avec la Russie pour r\u00e9soudre la crise ukrainienne. Selon elle, c\u2019est un choix qui devrait impliquer d&rsquo;autres pays soutenant Kiev.\n                                    <\/p>\n<p>L&rsquo;Ukraine\u00a0lui-m\u00eame ne peut pas prendre seule la d\u00e9cision d&rsquo;entamer des n\u00e9gociations avec la Russie sur une solution diplomatique \u00e0 la crise ukrainienne, a d\u00e9clar\u00e9 l&rsquo;ancienne chanceli\u00e8re Angela Merkel, qui a dirig\u00e9 l&rsquo;Allemagne pendant 16 ans (de 2005 \u00e0 2021), <a target=\"_blank\" href=\"https:\/\/www.corriere.it\/esteri\/24_novembre_23\/angela-merkel-intervista-e75bea54-ef9b-4daf-b17e-1de3a6075xlk.shtml\" target=\"_blank\" rel=\"noopener noreferrer\">dans une interview accord\u00e9e au journal italien <\/a><em><a target=\"_blank\" href=\"https:\/\/www.corriere.it\/esteri\/24_novembre_23\/angela-merkel-intervista-e75bea54-ef9b-4daf-b17e-1de3a6075xlk.shtml\" target=\"_blank\" rel=\"noopener noreferrer\">Corriere della Sera<\/a>.<\/em><\/p>\n<p>\u00abPour ce qui est des n\u00e9gociations, il va sans dire que rien ne doit \u00eatre fait sans l\u2019Ukraine. En m\u00eame temps, je pense que les nombreux pays qui soutiennent l\u2019Ukraine doivent d\u00e9cider avec elle lorsqu\u2019il est possible de discuter avec la Russie d\u2019une solution diplomatique. Kiev ne peut \u00eatre le seul \u00e0 d\u00e9cider. Comme je ne participe plus \u00e0 la vie politique, je ne suis pas en mesure de dire quand cela se produira\u00bb, a-t-elle pr\u00e9cis\u00e9.<\/p>\n<p>Les autorit\u00e9s des \u00c9tats-Unis et d&rsquo;autres pays occidentaux ont soulign\u00e9, depuis le d\u00e9but du conflit en Ukraine, que c&rsquo;est \u00e0 Kiev seul de d\u00e9cider du moment de passer \u00e0 la diplomatie. Cette d\u00e9claration d\u2019Angela Merkel pourrait donc constituer un tournant dans la r\u00e9solution de la crise ukrainienne.<\/p>\n<p>Les autorit\u00e9s russes se sont d\u00e9clar\u00e9es pr\u00eates \u00e0 entamer des n\u00e9gociations, mais seulement aux conditions suivantes : le retrait des troupes ukrainiennes des r\u00e9gions russes (les R\u00e9publiques populaires de Donetsk et Lougansk, ainsi que les r\u00e9gions de Kherson et\u00a0 Zaporoji\u00e9), le renoncement de Kiev \u00e0 ses revendications sur ces r\u00e9gions et sur la Crim\u00e9e, la lev\u00e9e des sanctions internationales et le refus de l&rsquo;Ukraine d&rsquo;int\u00e9grer l&rsquo;OTAN.<\/p>\n<h2>Mensonges des dirigeants occidentaux dans le cadre de la r\u00e9solution de la crise ukrainienne<\/h2>\n<p>Dans une interview accord\u00e9e au quotidien allemand <em>Die Zeit<\/em> le 7 d\u00e9cembre 2022, l&rsquo;ancienne chanceli\u00e8re allemande Angela Merkel avait affirm\u00e9 que les accords de Minsk, auxquelles elle avait particip\u00e9 du c\u00f4t\u00e9 allemand, avaient \u00e9t\u00e9 \u00abune tentative de donner du temps \u00e0 l&rsquo;Ukraine\u00bb de se renforcer militairement en vue d&rsquo;une confrontation future avec Moscou, alors que ces accords avaient \u00e9t\u00e9 conclus avec pour objectif officiel de r\u00e9tablir la paix entre Kiev et les deux R\u00e9publiques du Donbass.<\/p>\n<p>Cet aveu a suscit\u00e9 une vive r\u00e9action du pr\u00e9sident russe Vladimir Poutine, alors que Moscou a, \u00e0 de multiples reprises, d\u00e9plor\u00e9 la non-application de ces accords cens\u00e9s ent\u00e9riner la fin des hostilit\u00e9s entre les forces ukrainiennes et les R\u00e9publiques populaires de Donetsk et Lougansk, qui avaient fait s\u00e9cession apr\u00e8s le coup d&rsquo;\u00c9tat de 2014 en Ukraine. \u00abIl s&rsquo;av\u00e8re que personne n&rsquo;allait mettre en \u0153uvre tous ces accords de Minsk\u00bb, a ainsi d\u00e9plor\u00e9 le chef d&rsquo;\u00c9tat russe en conf\u00e9rence de presse le 9 d\u00e9cembre 2022. \u00abJ&rsquo;esp\u00e9rais encore que les autres parties prenantes \u00e0 ce processus \u00e9taient sinc\u00e8res avec nous. Il s&rsquo;av\u00e8re qu&rsquo;ils nous trompaient aussi. Il s&rsquo;agissait uniquement de renforcer l&rsquo;Ukraine avec des armes, en la pr\u00e9parant aux hostilit\u00e9s\u00bb, a-t-il ajout\u00e9.<\/p>\n<p>L&rsquo;ancien pr\u00e9sident fran\u00e7ais Fran\u00e7ois Hollande, directement impliqu\u00e9 dans la proc\u00e9dure de r\u00e8glement du conflit dans le Donbass et dans les accords de Minsk du c\u00f4t\u00e9 fran\u00e7ais, dans un entretien accord\u00e9 au quotidien ukrainien <em>Kyiv Independent<\/em> le 28 d\u00e9cembre 2022, a confirm\u00e9\u00a0que les accords de Minsk avaient amen\u00e9 la Russie sur le terrain diplomatique, laissant \u00e0 l&rsquo;arm\u00e9e de Kiev le temps de se renforcer. Un aveu contredisant les d\u00e9clarations pacifiques d&rsquo;alors. \u00abDepuis 2014, l&rsquo;Ukraine a renforc\u00e9 ses capacit\u00e9s militaires. En effet, l&rsquo;arm\u00e9e ukrainienne est compl\u00e8tement diff\u00e9rente de celle de 2014. Elle est mieux entra\u00een\u00e9e et mieux \u00e9quip\u00e9e. C&rsquo;est le m\u00e9rite des accords de Minsk d&rsquo;avoir donn\u00e9 \u00e0 l&rsquo;arm\u00e9e ukrainienne cette opportunit\u00e9\u00bb, a-t-il confi\u00e9.<\/p>\n<p>Sign\u00e9s le 12 f\u00e9vrier 2015, les accords de Minsk II mettaient en place un nouveau cessez-le-feu suite \u00e0 l&rsquo;\u00e9chec des accords de Minsk I du 5 septembre 2014. Minsk II a \u00e9t\u00e9 sign\u00e9 selon le format dit \u00abNormandie\u00bb, regroupant Vladimir Poutine, Angela Merkel, Fran\u00e7ois Hollande, Petro Porochenko (c\u00f4t\u00e9 ukrainien) et des repr\u00e9sentants des R\u00e9publiques populaires russes de Donetsk et de Lougansk.<\/p>\n<\/div>\n<p><br \/>\n<br \/><a href=\"https:\/\/francais.rt.com\/international\/114900-angela-merkel-kiev-ne-peut-pas-decider-seul-entamer-negociations\" target=\"_blank\"\">Source link <\/a><\/p>\n","protected":false},"excerpt":{"rendered":"<p>Angela Merkel a affirm\u00e9 que l\u2019Ukraine ne devait pas d\u00e9cider seule d&rsquo;entamer des n\u00e9gociations avec la Russie pour r\u00e9soudre la crise ukrainienne. Selon elle, c\u2019est un choix qui devrait impliquer&hellip; <\/p>\n","protected":false},"author":1,"featured_media":751,"comment_status":"open","ping_status":"open","sticky":false,"template":"","format":"standard","meta":{"footnotes":""},"categories":[1],"tags":[],"class_list":["post-750","post","type-post","status-publish","format-standard","has-post-thumbnail","hentry","category-non-classe"],"_links":{"self":[{"href":"https:\/\/monde25.info\/index.php\/wp-json\/wp\/v2\/posts\/750","targetHints":{"allow":["GET"]}}],"collection":[{"href":"https:\/\/monde25.info\/index.php\/wp-json\/wp\/v2\/posts"}],"about":[{"href":"https:\/\/monde25.info\/index.php\/wp-json\/wp\/v2\/types\/post"}],"author":[{"embeddable":true,"href":"https:\/\/monde25.info\/index.php\/wp-json\/wp\/v2\/users\/1"}],"replies":[{"embeddable":true,"href":"https:\/\/monde25.info\/index.php\/wp-json\/wp\/v2\/comments?post=750"}],"version-history":[{"count":0,"href":"https:\/\/monde25.info\/index.php\/wp-json\/wp\/v2\/posts\/750\/revisions"}],"wp:featuredmedia":[{"embeddable":true,"href":"https:\/\/monde25.info\/index.php\/wp-json\/wp\/v2\/media\/751"}],"wp:attachment":[{"href":"https:\/\/monde25.info\/index.php\/wp-json\/wp\/v2\/media?parent=750"}],"wp:term":[{"taxonomy":"category","embeddable":true,"href":"https:\/\/monde25.info\/index.php\/wp-json\/wp\/v2\/categories?post=750"},{"taxonomy":"post_tag","embeddable":true,"href":"https:\/\/monde25.info\/index.php\/wp-json\/wp\/v2\/tags?post=750"}],"curies":[{"name":"wp","href":"https:\/\/api.w.org\/{rel}","templated":true}]}}