{"id":7506,"date":"2025-05-03T00:14:02","date_gmt":"2025-05-02T22:14:02","guid":{"rendered":"https:\/\/monde25.info\/index.php\/2025\/05\/03\/marco-rubio-denonce-une-tyrannie-deguisee-rt-en-francais\/"},"modified":"2025-05-03T00:14:02","modified_gmt":"2025-05-02T22:14:02","slug":"marco-rubio-denonce-une-tyrannie-deguisee-rt-en-francais","status":"publish","type":"post","link":"https:\/\/monde25.info\/index.php\/2025\/05\/03\/marco-rubio-denonce-une-tyrannie-deguisee-rt-en-francais\/","title":{"rendered":"Marco Rubio d\u00e9nonce une \u00abtyrannie d\u00e9guis\u00e9e\u00bb \u2014 RT en fran\u00e7ais"},"content":{"rendered":"<p> <br \/>\n<br \/><img decoding=\"async\" src=\"https:\/\/mf.b37mrtl.ru\/french\/images\/2025.05\/thumbnail\/681525116f7ccc47f11437ef.jpg\" \/><\/p>\n<div>\n<p class=\"text__summary\">\n                                        Quelques jours avant l&rsquo;investiture de Friedrich Merz comme chancelier, le parti Alternative pour l&rsquo;Allemagne (AfD) a \u00e9t\u00e9 class\u00e9 comme \u00abextr\u00e9miste de droite av\u00e9r\u00e9\u00bb par le renseignement int\u00e9rieur allemand, suscitant des r\u00e9actions vari\u00e9es dans le pays ainsi qu\u2019\u00e0 l\u2019international.\n                                    <\/p>\n<p>Le classement du parti Alternative pour l\u2019Allemagne (AfD) comme \u00ab\u00a0extr\u00e9miste de droite av\u00e9r\u00e9e\u00a0\u00bb par l\u2019Office f\u00e9d\u00e9ral de protection de la constitution (BfV) ce 2 mai, a vivement fait r\u00e9agir en Allemagne ainsi qu\u2019au-del\u00e0 des fronti\u00e8res du pays.<\/p>\n<p>\u00ab\u00a0Ce n&rsquo;est pas de la d\u00e9mocratie, c&rsquo;est de la <a target=\"_blank\" href=\"https:\/\/twitter.com\/SecRubio\/status\/1918344238468649055?\">tyrannie d\u00e9guis\u00e9e<\/a>\u00bb, a notamment r\u00e9agi le chef de la diplomatie am\u00e9ricaine, Marco Rubio, dans un message post\u00e9 sur X, appelant les autorit\u00e9s allemandes \u00e0 faire \u00ab\u00a0marche arri\u00e8re\u00a0\u00bb. \u00ab\u00a0Interdire l&rsquo;AfD centriste, le parti le plus populaire d&rsquo;Allemagne, serait une attaque extr\u00eame contre la d\u00e9mocratie\u00a0\u00bb <a target=\"_blank\" href=\"https:\/\/x.com\/elonmusk\/status\/1918347089366667507\">a d\u00e9clar\u00e9<\/a> une dizaine de minutes plus tard, Elon Musk.<\/p>\n<div class=\"rtcode\">\n<blockquote class=\"twitter-tweet\">\n<p lang=\"en\" dir=\"ltr\">Germany just gave its spy agency new powers to surveil the opposition. That\u2019s not democracy\u2014it\u2019s tyranny in disguise. <\/p>\n<p>What is truly extremist is not the popular AfD\u2014which took second in the recent election\u2014but rather the establishment\u2019s deadly open border immigration policies\u2026<\/p>\n<p>\u2014 Secretary Marco Rubio (@SecRubio) <a target=\"_blank\" href=\"https:\/\/twitter.com\/SecRubio\/status\/1918344238468649055?ref_src=twsrc%5Etfw\">May 2, 2025<\/a><\/p><\/blockquote>\n<\/div>\n<p>\u00ab\u00a0Apparemment, la CDU\/CSU, le SPD et d&rsquo;autres partis allemands consid\u00e8rent ceux qui ont des cotes plus \u00e9lev\u00e9es comme des extr\u00e9mistes\u00a0\u00bb <a target=\"_blank\" href=\"https:\/\/x.com\/MedvedevRussiaE\/status\/1918265877943738857\">avait comment\u00e9<\/a> plus t\u00f4t, \u00e9galement sur la plateforme am\u00e9ricaine, le vice-pr\u00e9sident du Conseil de s\u00e9curit\u00e9 russe Dmitri Medvedev.\u00a0L\u2019ex-pr\u00e9sident russe a notamment rappel\u00e9 que le parti AFD \u00e9tait arriv\u00e9 en deuxi\u00e8me position lors des l\u00e9gislatives anticip\u00e9es du 23 f\u00e9vrier.<\/p>\n<div class=\"rtcode\">\n<blockquote class=\"twitter-tweet\">\n<p lang=\"en\" dir=\"ltr\">The AfD is now designated an extremist organization that threatens democracy. Strong words to use against a parliamentary party. Apparently, the CDU\/CSU, SPD and other German party trivia consider those with higher ratings to be extremists.<\/p>\n<p>\u2014 Dmitry Medvedev (@MedvedevRussiaE) <a target=\"_blank\" href=\"https:\/\/twitter.com\/MedvedevRussiaE\/status\/1918265877943738857?ref_src=twsrc%5Etfw\">May 2, 2025<\/a><\/p><\/blockquote>\n<\/div>\n<p>D\u2019apr\u00e8s le BfV, l\u2019id\u00e9ologie de l\u2019AfD \u00ab\u00a0d\u00e9valorise des groupes entiers de la population en Allemagne et porte atteinte \u00e0 leur dignit\u00e9 humaine\u00a0\u00bb, ce qui n\u2019est \u00ab\u00a0pas compatible avec l\u2019ordre d\u00e9mocratique\u00a0\u00bb du pays.<\/p>\n<p>D\u00e9non\u00e7ant un \u00ab coup dur pour la d\u00e9mocratie allemande \u00bb et une d\u00e9cision\u00a0\u00ab motiv\u00e9e politiquement \u00bb, les chefs de l\u2019AfD, Alice Weidel et Tino Chrupalla, ont d\u00e9clar\u00e9 dans un communiqu\u00e9 que leur formation politique \u00ab continuerait \u00e0 se d\u00e9fendre juridiquement contre ces diffamations dangereuses pour la d\u00e9mocratie \u00bb.<\/p>\n<h3>Des \u00e9lus de gauche appellent \u00e0 faire interdire l\u2019AfD<\/h3>\n<p>Dans la foul\u00e9e de cette annonce, plusieurs \u00e9lus y ont vu une ouverture pour faire interdire le parti. Les \u00ab ennemis de la d\u00e9mocratie \u00bb doivent \u00eatre \u00ab\u00a0combattus avec tous les moyens politiques et juridiques disponibles jusqu&rsquo;\u00e0 ce que le danger pour notre d\u00e9mocratie lib\u00e9rale soit \u00e9cart\u00e9\u00a0\u00bb, a ainsi <a target=\"_blank\" href=\"https:\/\/www.handelsblatt.com\/politik\/deutschland\/verfassungsschutz-afd-ist-gesichert-rechtsextremistisch\/100125547.html\">d\u00e9clar\u00e9<\/a> au quotidien <em>Handelsblatt<\/em> le d\u00e9put\u00e9 du Parti social-d\u00e9mocrate (SPD) Ralf Stegner. \u00ab\u00a0Pour moi, c\u2019est clair : <a target=\"_blank\" href=\"https:\/\/www.stuttgarter-nachrichten.de\/inhalt.nach-einstufung-als-rechtsextremistisch-spd-vize-serpil-midyatli-fordert-afd-verbotsverfahren.6579b3c4-6858-4a8e-a9f9-d5698c9b21f7.html\">l\u2019interdiction doit arriver<\/a>\u00a0\u00bb, a d\u00e9clar\u00e9 la vice-pr\u00e9sidente f\u00e9d\u00e9rale du SPD, Serpil Midyatli, cit\u00e9e par la presse allemande.<\/p>\n<p>\u00ab\u00a0Il n&rsquo;existe aucun automatisme\u00a0\u00bb apr\u00e8s ce classement, a pour sa part assur\u00e9 Nancy Faeser, chef du minist\u00e8re f\u00e9d\u00e9ral de l\u2019Int\u00e9rieur, le minist\u00e8re de tutelle du BfV. Si la ministre &#8211; elle-m\u00eame membre du SPD &#8211; estime qu\u2019une proc\u00e9dure d&rsquo;interdiction visant l\u2019AfD ne doit \u00ab\u00a0pas \u00eatre exclue\u00a0\u00bb, celle-ci \u00ab\u00a0a, pour de bonnes raisons, des obstacles constitutionnels tr\u00e8s \u00e9lev\u00e9s\u00a0\u00bb.<\/p>\n<p>Cit\u00e9 par <em>Bild<\/em>, le chancelier Olaf Scholz, qui doit c\u00e9der sa place \u00e0 Friedrich Merz d\u2019ici quelques jours, a mis en garde contre une\u00a0\u00ab\u00a0d\u00e9cision pr\u00e9cipit\u00e9e\u00a0\u00bb, les juges supr\u00eames ayant d\u00e9j\u00e0 rejet\u00e9 les demandes r\u00e9centes d\u2019interdiction.<\/p>\n<\/div>\n<p><script async src=\"\/\/platform.twitter.com\/widgets.js\" charset=\"utf-8\"><\/script><br \/>\n<br \/><br \/>\n<br \/><a href=\"https:\/\/francais.rt.com\/international\/120260-afd-classement-extremiste-droite-rubio\" target=\"_blank\"\">Source link <\/a><\/p>\n","protected":false},"excerpt":{"rendered":"<p>Quelques jours avant l&rsquo;investiture de Friedrich Merz comme chancelier, le parti Alternative pour l&rsquo;Allemagne (AfD) a \u00e9t\u00e9 class\u00e9 comme \u00abextr\u00e9miste de droite av\u00e9r\u00e9\u00bb par le renseignement int\u00e9rieur allemand, suscitant des&hellip; <\/p>\n","protected":false},"author":1,"featured_media":7507,"comment_status":"open","ping_status":"open","sticky":false,"template":"","format":"standard","meta":{"footnotes":""},"categories":[1],"tags":[],"class_list":["post-7506","post","type-post","status-publish","format-standard","has-post-thumbnail","hentry","category-non-classe"],"_links":{"self":[{"href":"https:\/\/monde25.info\/index.php\/wp-json\/wp\/v2\/posts\/7506","targetHints":{"allow":["GET"]}}],"collection":[{"href":"https:\/\/monde25.info\/index.php\/wp-json\/wp\/v2\/posts"}],"about":[{"href":"https:\/\/monde25.info\/index.php\/wp-json\/wp\/v2\/types\/post"}],"author":[{"embeddable":true,"href":"https:\/\/monde25.info\/index.php\/wp-json\/wp\/v2\/users\/1"}],"replies":[{"embeddable":true,"href":"https:\/\/monde25.info\/index.php\/wp-json\/wp\/v2\/comments?post=7506"}],"version-history":[{"count":0,"href":"https:\/\/monde25.info\/index.php\/wp-json\/wp\/v2\/posts\/7506\/revisions"}],"wp:featuredmedia":[{"embeddable":true,"href":"https:\/\/monde25.info\/index.php\/wp-json\/wp\/v2\/media\/7507"}],"wp:attachment":[{"href":"https:\/\/monde25.info\/index.php\/wp-json\/wp\/v2\/media?parent=7506"}],"wp:term":[{"taxonomy":"category","embeddable":true,"href":"https:\/\/monde25.info\/index.php\/wp-json\/wp\/v2\/categories?post=7506"},{"taxonomy":"post_tag","embeddable":true,"href":"https:\/\/monde25.info\/index.php\/wp-json\/wp\/v2\/tags?post=7506"}],"curies":[{"name":"wp","href":"https:\/\/api.w.org\/{rel}","templated":true}]}}