{"id":758,"date":"2024-11-23T18:29:50","date_gmt":"2024-11-23T17:29:50","guid":{"rendered":"https:\/\/monde25.info\/index.php\/2024\/11\/23\/le-sud-du-chili-frappe-par-un-seisme-de-62-degres-changements-terrestres-sott-net\/"},"modified":"2024-11-23T18:29:50","modified_gmt":"2024-11-23T17:29:50","slug":"le-sud-du-chili-frappe-par-un-seisme-de-62-degres-changements-terrestres-sott-net","status":"publish","type":"post","link":"https:\/\/monde25.info\/index.php\/2024\/11\/23\/le-sud-du-chili-frappe-par-un-seisme-de-62-degres-changements-terrestres-sott-net\/","title":{"rendered":"Le sud du Chili frapp\u00e9 par un s\u00e9isme de 6,2 degr\u00e9s \u2014 Changements Terrestres \u2014 Sott.net"},"content":{"rendered":"<p> <br \/>\n<\/p>\n<div id=\"article-44099\">\n<div class=\"article-header\">\n<div class=\"article-icon\">\n        <img decoding=\"async\" src=\"https:\/\/fr.sott.net\/images\/icons\/earthquake.png\" title=\"Earthquake\" alt=\"Earthquake\"\/>\n      <\/div>\n<\/p><\/div>\n<div class=\"article-body\">\n<div class=\"article-image-large to-center\"><a target=\"_blank\" href=\"https:\/\/fr.sott.net\/image\/s35\/715682\/full\/termettti.jpg\" target=\"_blank\"><img decoding=\"async\" src=\"https:\/\/fr.sott.net\/image\/s35\/715682\/large\/termettti.jpg\" alt=\"graphique s\u00e9isme\" title=\"Cliquer pour agrandir\"\/><\/a><\/div>\n<p>Un fort s\u00e9isme de magnitude 6,2 degr\u00e9s sur l&rsquo;\u00e9chelle de Richter a \u00e9t\u00e9 enregistr\u00e9 ce vendredi dans le sud du Chili, ont indiqu\u00e9 les autorit\u00e9s.<\/p>\n<p>Le Centre sismologique de l&rsquo;Universit\u00e9 du Chili a indiqu\u00e9 que le s\u00e9isme s&rsquo;est produit \u00e0 08h37 heure locale (11h37 GMT).<\/p>\n<p>La secousse a \u00e9t\u00e9 signal\u00e9e \u00e0 71 km \u00e0 l&rsquo;ouest de la ville de Cabo Raper, \u00e0 plus de 1 540 km au sud de la capitale chilienne.\n      <\/p>\n<p>Selon la m\u00eame source, le s\u00e9isme s&rsquo;est produit \u00e0 une profondeur de 7 km et a \u00e9t\u00e9 fortement ressenti dans plusieurs localit\u00e9s de la r\u00e9gion.<\/p>\n<p>Le syst\u00e8me de pr\u00e9vention et de r\u00e9ponse aux catastrophes continue d&rsquo;\u00e9valuer les \u00e9ventuels dommages aux infrastructures et aux services de base.<\/p>\n<p>Pour sa part, le service hydrographique et oc\u00e9anographique de la Marine chilienne a \u00e9cart\u00e9 pour le moment l&rsquo;\u00e9ventualit\u00e9 d&rsquo;un tsunami au large des c\u00f4tes chiliennes.<\/p>\n<p>Situ\u00e9 sur la Ceinture de feu du Pacifique, le Chili est consid\u00e9r\u00e9 comme l&rsquo;un des pays les plus sismiques de la plan\u00e8te.\n\t\t<\/p>\n<\/div><\/div>\n<p><br \/>\n<br \/><a href=\"https:\/\/fr.sott.net\/article\/44099-Le-sud-du-Chili-frappe-par-un-seisme-de-6-2-degres\" target=\"_blank\"\">Source link <\/a><\/p>\n","protected":false},"excerpt":{"rendered":"<p>Un fort s\u00e9isme de magnitude 6,2 degr\u00e9s sur l&rsquo;\u00e9chelle de Richter a \u00e9t\u00e9 enregistr\u00e9 ce vendredi dans le sud du Chili, ont indiqu\u00e9 les autorit\u00e9s. Le Centre sismologique de l&rsquo;Universit\u00e9&hellip; <\/p>\n","protected":false},"author":1,"featured_media":759,"comment_status":"open","ping_status":"open","sticky":false,"template":"","format":"standard","meta":{"footnotes":""},"categories":[1],"tags":[],"class_list":["post-758","post","type-post","status-publish","format-standard","has-post-thumbnail","hentry","category-non-classe"],"_links":{"self":[{"href":"https:\/\/monde25.info\/index.php\/wp-json\/wp\/v2\/posts\/758","targetHints":{"allow":["GET"]}}],"collection":[{"href":"https:\/\/monde25.info\/index.php\/wp-json\/wp\/v2\/posts"}],"about":[{"href":"https:\/\/monde25.info\/index.php\/wp-json\/wp\/v2\/types\/post"}],"author":[{"embeddable":true,"href":"https:\/\/monde25.info\/index.php\/wp-json\/wp\/v2\/users\/1"}],"replies":[{"embeddable":true,"href":"https:\/\/monde25.info\/index.php\/wp-json\/wp\/v2\/comments?post=758"}],"version-history":[{"count":0,"href":"https:\/\/monde25.info\/index.php\/wp-json\/wp\/v2\/posts\/758\/revisions"}],"wp:featuredmedia":[{"embeddable":true,"href":"https:\/\/monde25.info\/index.php\/wp-json\/wp\/v2\/media\/759"}],"wp:attachment":[{"href":"https:\/\/monde25.info\/index.php\/wp-json\/wp\/v2\/media?parent=758"}],"wp:term":[{"taxonomy":"category","embeddable":true,"href":"https:\/\/monde25.info\/index.php\/wp-json\/wp\/v2\/categories?post=758"},{"taxonomy":"post_tag","embeddable":true,"href":"https:\/\/monde25.info\/index.php\/wp-json\/wp\/v2\/tags?post=758"}],"curies":[{"name":"wp","href":"https:\/\/api.w.org\/{rel}","templated":true}]}}