{"id":760,"date":"2024-11-23T20:13:06","date_gmt":"2024-11-23T19:13:06","guid":{"rendered":"https:\/\/monde25.info\/index.php\/2024\/11\/23\/paysan-luthier-il-transforme-les-citrouilles-en-instruments-de-musique\/"},"modified":"2024-11-23T20:13:06","modified_gmt":"2024-11-23T19:13:06","slug":"paysan-luthier-il-transforme-les-citrouilles-en-instruments-de-musique","status":"publish","type":"post","link":"https:\/\/monde25.info\/index.php\/2024\/11\/23\/paysan-luthier-il-transforme-les-citrouilles-en-instruments-de-musique\/","title":{"rendered":"Paysan-luthier, il transforme les citrouilles en instruments de musique"},"content":{"rendered":"<p> <br \/>\n<\/p>\n<div>\n<p class=\"indication_lieu\">Puycelsi (Tarn), reportage<\/p>\n<p>Sa t\u00eate slalome entre les calebasses, suspendues comme des luminaires sous une serre de lianes. S\u00e9cateur en main, J\u00e9r\u00f4me D\u00e9signaud d\u00e9croche un cougourdon, nom occitan de ces cucurbitac\u00e9es au ventre dodu et \u00e0 la carapace verte. Comme chaque ann\u00e9e, le 1<sup class=\"typo_exposants\">er<\/sup>\u00a0novembre, c\u2019est jour de r\u00e9colte sur cette parcelle du hameau de Puycelsi, dans le Tarn. <i>\u00ab<small class=\"fine d-inline\">\u00a0<\/small>Il faut \u00e9viter de les entasser pour ne pas les ab\u00eemer<small class=\"fine d-inline\">\u00a0<\/small>\u00bb<\/i>, explique le quarantenaire \u00e0 la douzaine de cueilleurs qui couchent chaque courge dans deux remorques de voiture. Parmi eux, Claire Lascoumes, carr\u00e9 blond et lunettes de soleil, regarde la courge qu\u2019elle tient dans les bras\u00a0: <i>\u00ab<small class=\"fine d-inline\">\u00a0<\/small>Celle-ci pourrait servir de trompette<small class=\"fine d-inline\">\u00a0<\/small>\u00bb<\/i>, dit cette musicienne.<\/p>\n<p>Dans le champ, personne n\u2019est paysan et aucun l\u00e9gume ne finira en cuisine. Ces congourdes constituent la mati\u00e8re premi\u00e8re des instruments de musique fabriqu\u00e9s par J\u00e9r\u00f4me D\u00e9signaud, l\u2019un des deux cougourdonniers-luthiers de France. Un m\u00e9tier rare mais <i>\u00ab<small class=\"fine d-inline\">\u00a0<\/small>pr\u00e9sent au registre des commerces<small class=\"fine d-inline\">\u00a0<\/small>\u00bb<\/i>, pr\u00e9cise l\u2019artisan, cheveux bruns boucl\u00e9s et sandales en cuir. Depuis plus de quinze\u00a0ans, il cultive cette plante sur les terres de ses deux voisines mara\u00eech\u00e8res.<\/p>\n<div class=\"spip_document_86388 spip_document spip_documents spip_document_image spip_documents_center spip_document_center spip_document_avec_legende\" data-legende-len=\"147\" data-legende-lenx=\"xxx\">\n<figure class=\"spip_doc_inner\">\n      <picture><source type=\"image\/webp\" srcset=\"https:\/\/reporterre.net\/local\/cache-vignettes\/L1050xH700\/caroline_peyronel_13-09f96.jpg@.webp?1732034722\"><img decoding=\"async\" src=\"https:\/\/reporterre.net\/IMG\/jpg\/caroline_peyronel_13.jpg\" width=\"1500\" height=\"1000\" loading=\"lazy\" alt=\"\"\/><br \/>\n    <\/source><\/picture><figcaption class=\"spip_doc_legende\">\n<p>Comme chaque ann\u00e9e, le 1<sup class=\"typo_exposants\">er<\/sup>\u00a0novembre, c\u2019est jour de r\u00e9colte sur cette parcelle du hameau de Puycelsi, dans le Tarn.<br \/>\n<i>\u00a9 Caroline Peyronel\/Reporterre<\/i><\/p>\n<\/figcaption><\/figure>\n<\/p><\/div>\n<p>Le cr\u00e9ateur ne se consid\u00e8re pas vraiment comme paysan mais travaille de mani\u00e8re <i>\u00ab<small class=\"fine d-inline\">\u00a0<\/small>ultralocale, bio et fermi\u00e8re<small class=\"fine d-inline\">\u00a0<\/small>\u00bb<\/i>. Cette ann\u00e9e, la pluie a amaigri la r\u00e9colte\u00a0: moins de 300\u00a0calebasses au compteur, dont seulement certaines pourront \u00eatre utilis\u00e9es. Mais J\u00e9r\u00f4me D\u00e9signaud s\u2019en contente car il <i>\u00ab<small class=\"fine d-inline\">\u00a0<\/small>respecte la forme v\u00e9g\u00e9tale<small class=\"fine d-inline\">\u00a0<\/small>\u00bb<\/i> et ne les contraint pas <i>\u00ab<small class=\"fine d-inline\">\u00a0<\/small>en les faisant pousser dans des moules<small class=\"fine d-inline\">\u00a0<\/small>\u00bb<\/i>.\u00a0<\/p>\n<h2 class=\"spip\">Des instruments bio et locaux<\/h2>\n<p>Instruments \u00e0 vent, \u00e0 cordes, percussions\u2026 chaque instrument est unique et associ\u00e9 \u00e0 l\u2019une des cinq vari\u00e9t\u00e9s sem\u00e9es. Les courges serpents, \u00e0 la forme allong\u00e9e, serviront par exemple \u00e0 fabriquer des hautbois. Quelques heures auparavant, dans son atelier en contrebas du hameau, le luthier finalisait une commande. Au plafond pendent plusieurs centaines de cougourdes s\u00e9ch\u00e9es, aux formes fantasques et \u00e0 la coque devenue marron. Et entre les mains de J\u00e9r\u00f4me D\u00e9signaud, une espina, guitare \u00e0 quatre cordes utilis\u00e9e dans la musique traditionnelle occitane, prend forme. Pour fabriquer ses instruments en circuit court, le professionnel \u00e9graine les calebasses apr\u00e8s un s\u00e9chage de plusieurs mois.<\/p>\n<div class=\"spip_document_86383 spip_document spip_documents spip_document_image spip_documents_center spip_document_center spip_document_avec_legende\" data-legende-len=\"110\" data-legende-lenx=\"xx\">\n<figure class=\"spip_doc_inner\">\n      <picture><source type=\"image\/webp\" srcset=\"https:\/\/reporterre.net\/local\/cache-vignettes\/L1050xH700\/caroline_peyronel_5-be492.jpg@.webp?1732034723\"><img decoding=\"async\" src=\"https:\/\/reporterre.net\/IMG\/jpg\/caroline_peyronel_5.jpg\" width=\"1500\" height=\"1000\" loading=\"lazy\" alt=\"\"\/><br \/>\n    <\/source><\/picture><figcaption class=\"spip_doc_legende\">\n<p>R\u00e9aliser des instruments \u00e0 partir de cougourdons est un savoir-faire occitan.<br \/>\n<i>\u00a9 Caroline Peyronel\/Reporterre<\/i><\/p>\n<\/figcaption><\/figure>\n<\/p><\/div>\n<p>Le rev\u00eatement int\u00e9rieur est r\u00e9alis\u00e9 avec de la peau de chevreau ou de brebis fournie par un artisan du d\u00e9partement, et le cordier, petite partie en m\u00e9tal, provient parfois d\u2019une vieille louche en m\u00e9tal. Seules les cordes sont achet\u00e9es dans le commerce. Pour les pi\u00e8ces en bois, J\u00e9r\u00f4me D\u00e9signaud utilise des essences locales. Pas question d\u2019acheter des mati\u00e8res synth\u00e9tiques ou des bois exotiques\u00a0: <i>\u00ab<small class=\"fine d-inline\">\u00a0<\/small>Normalement, on importe des bois d\u2019Afrique ou d\u2019Am\u00e9rique du Sud qui participent \u00e0 la d\u00e9forestation, mais le co\u00fbt environnemental est important pour moi.<small class=\"fine d-inline\">\u00a0<\/small>\u00bb<\/i> Cet ancien \u00e9tudiant en philosophie voit dans sa production un engagement plus global\u00a0: il d\u00e9fend une vision \u00e9cologique de la culture.<\/p>\n<p><i>\u00ab<small class=\"fine d-inline\">\u00a0<\/small>Je pr\u00e9serve le sol du jardin et le patrimoine culturel autour de la cr\u00e9ation artistique locale. Alors que quand on importe des mat\u00e9riaux, on d\u00e9grade la for\u00eat, on externalise et on perd le savoir-faire<small class=\"fine d-inline\">\u00a0<\/small>\u00bb<\/i>, expose-t-il. Depuis un an, il s\u2019efforce de retrouver les graines de cougourdons disparues du commerce en Europe. <i>\u00ab<small class=\"fine d-inline\">\u00a0<\/small>Je suis en contact avec la Tha\u00eflande pour prot\u00e9ger ce patrimoine tr\u00e8s fragile<small class=\"fine d-inline\">\u00a0<\/small>\u00bb<\/i>. En cr\u00e9ant une banque de graines, il esp\u00e8re pr\u00e9server la biodiversit\u00e9 de l\u2019esp\u00e8ce\u00a0: <i>\u00ab<small class=\"fine d-inline\">\u00a0<\/small>Beaucoup de plantes sont hybrid\u00e9es, alors que nous poss\u00e9dons un v\u00e9ritable tr\u00e9sor de semences \u00e0 sauvegarder<small class=\"fine d-inline\">\u00a0<\/small>\u00bb<\/i>.<\/p>\n<blockquote class=\"spip\">\n<p>\u00ab<small class=\"fine d-inline\">\u00a0<\/small>Une calebasse, ce n\u2019est pas comestible et \u00e7a durcit comme du bois<small class=\"fine d-inline\">\u00a0<\/small>\u00bb<\/p>\n<\/blockquote>\n<p>Dans son art, J\u00e9r\u00f4me D\u00e9signaud ne se consid\u00e8re pas comme un inventeur, mais plut\u00f4t comme <i>\u00ab<small class=\"fine d-inline\">\u00a0<\/small>l\u2019h\u00e9ritier d\u2019une tradition occitane<small class=\"fine d-inline\">\u00a0<\/small>\u00bb<\/i>. Fils d\u2019une tisserande et d\u2019un musicien du Tarn-et-Garonne, cet autodidacte a commenc\u00e9 \u00e0 fabriquer des fl\u00fbtes en bambou pour financer ses \u00e9tudes\u00a0: <i>\u00ab<small class=\"fine d-inline\">\u00a0<\/small>Le chalumeau chauffait ma chambre \u00e9tudiante<small class=\"fine d-inline\">\u00a0<\/small>\u00bb<\/i>. \u00c0 la fin des ann\u00e9es\u00a01990, jeune intermittent, il a d\u00e9couvert une calebasse dans un march\u00e9 aux puces et a fabriqu\u00e9 son premier instrument \u00e0 cordes. <i>\u00ab<small class=\"fine d-inline\">\u00a0<\/small>J\u2019\u00e9tais passionn\u00e9 de musiques du monde, je pensais jouer d\u2019un instrument provenant du Balouchistan, une r\u00e9gion du Pakistan<small class=\"fine d-inline\">\u00a0<\/small>\u00bb<\/i>. C\u2019est lors d\u2019un concert, en 2007, qu\u2019il a crois\u00e9 J\u00e9r\u00e9my Couraut, auteur-compositeur du groupe Dj\u00e9 Baleti. <i>\u00ab<small class=\"fine d-inline\">\u00a0<\/small>Il est venu me voir et m\u2019a dit que ce cougourdon venait de Nice<small class=\"fine d-inline\">\u00a0<\/small>! Pour moi, \u00e7a a tout chang\u00e9.<small class=\"fine d-inline\">\u00a0<\/small>\u00bb<\/i><\/p>\n<div class=\"spip_document_86387 spip_document spip_documents spip_document_image spip_documents_center spip_document_center spip_document_avec_legende\" data-legende-len=\"137\" data-legende-lenx=\"xxx\">\n<figure class=\"spip_doc_inner\">\n      <picture><source type=\"image\/webp\" srcset=\"https:\/\/reporterre.net\/local\/cache-vignettes\/L1050xH700\/caroline_peyronel_10-18db1.jpg@.webp?1732034723\"><img decoding=\"async\" src=\"https:\/\/reporterre.net\/IMG\/jpg\/caroline_peyronel_10.jpg\" width=\"1500\" height=\"1000\" loading=\"lazy\" alt=\"\"\/><br \/>\n    <\/source><\/picture><figcaption class=\"spip_doc_legende\">\n<p>J\u00e9r\u00f4me D\u00e9signaud produit environ huit instruments par an et r\u00e9pond \u00e0 des commandes dans toute la r\u00e9gion.<br \/>\n<i>\u00a9 Caroline Peyronel\/Reporterre<\/i><\/p>\n<\/figcaption><\/figure>\n<\/p><\/div>\n<p>Lunettes noires et chemise \u00e0 fleurs d\u00e9boutonn\u00e9e sous le soleil de la Toussaint, <i>\u00ab<small class=\"fine d-inline\">\u00a0<\/small>Dj\u00e9<small class=\"fine d-inline\">\u00a0<\/small>\u00bb<\/i> se souvient bien de cette rencontre\u00a0: <i>\u00ab<small class=\"fine d-inline\">\u00a0<\/small>J\u2019ai beaucoup voyag\u00e9 et je me suis demand\u00e9 ce qu\u2019il y avait vers chez moi. Quand j\u2019ai d\u00e9couvert le cougourdon, j\u2019ai cherch\u00e9 un artisan capable de le travailler<small class=\"fine d-inline\">\u00a0<\/small>\u00bb<\/i>, raconte le Ni\u00e7ois, devenu <i>\u00ab<small class=\"fine d-inline\">\u00a0<\/small>espina\u00efr<small class=\"fine d-inline\">\u00a0<\/small>\u00bb<\/i>, joueur d\u2019espina \u00e9lectrique. Mais ne dites pas \u00e0 J\u00e9r\u00e9my qu\u2019il joue dans une\u00a0courge, ce terme pourrait le vexer. <i>\u00ab<small class=\"fine d-inline\">\u00a0<\/small>Une courge, \u00e7a pourrit alors qu\u2019une calebasse, ce n\u2019est pas comestible et \u00e7a durcit comme du bois. Et puis, <a target=\"_blank\" href=\"https:\/\/reporterre.net\/Les-musiciens-du-Vegetable-Orchestra-jouent-avec-des-legumes\" class=\"spip_in\">les orchestres \u00e0 l\u00e9gumes<\/a>, c\u2019est assez p\u00e9joratif, on dirait qu\u2019on fabrique des fl\u00fbtes avec des carottes<small class=\"fine d-inline\">\u00a0<\/small>\u00bb<\/i>, maugr\u00e9e l\u2019artiste occitan.<\/p>\n<h2 class=\"spip\">Une culture paysanne \u00e0 sauvegarder<\/h2>\n<p>Ensemble, les deux musiciens ont red\u00e9couvert un patrimoine musical riche qu\u2019ils ont souhait\u00e9 faire germer \u00e0 nouveau. <i>\u00ab<small class=\"fine d-inline\">\u00a0<\/small>Nous nous inspirons de la culture populaire<\/i>, dit J\u00e9r\u00f4me D\u00e9signaud, en marquant une pause dans son travail, <i>pas celle de l\u2019intelligentsia.<small class=\"fine d-inline\">\u00a0<\/small>\u00bb<\/i> Une culture intimement li\u00e9e au monde agricole\u00a0: <i>\u00ab<small class=\"fine d-inline\">\u00a0<\/small>Autrefois, les paysans fabriquaient des instruments et les utilisaient pour une musique fonctionnelle, par exemple pour se synchroniser lorsqu\u2019ils battaient le bl\u00e9.<small class=\"fine d-inline\">\u00a0<\/small>\u00bb<\/i><\/p>\n<p>Debout sur une table, le corps \u00e9tir\u00e9 vers le plafond, J\u00e9r\u00f4me D\u00e9signaud d\u00e9tache l\u2019\u00e9quivalent d\u2019un soubassophone. D\u2019un souffle continu, il en sort un bruit grave et strident. <i>\u00ab<small class=\"fine d-inline\">\u00a0<\/small>Ces musiques occitanes ont \u00e9t\u00e9 ridiculis\u00e9es alors qu\u2019elles \u00e9taient belles<\/i>, explique-t-il avec \u00e9motion. <i>J\u2019essaie de retrouver leur caract\u00e8re, leur c\u00f4t\u00e9 rugueux.<small class=\"fine d-inline\">\u00a0<\/small>\u00bb<\/i>\u00a0Dans cette aventure, le Tarnais a acquis un v\u00e9ritable savoir-faire. Aujourd\u2019hui, il produit environ huit instruments par an et r\u00e9pond \u00e0 des commandes dans toute la r\u00e9gion\u00a0: trompe, sonarel, sistres \u2014\u00a0les cousins occitans de la trompette, de la clarinette et des maracas\u00a0\u2014 ainsi que des instruments plus classiques, comme des hautbois ou des banjos. Chaque cucurbitac\u00e9e n\u00e9cessite environ 80\u00a0heures de travail.<\/p>\n<div class=\"spip_document_86391 spip_document spip_documents spip_document_image spip_documents_center spip_document_center spip_document_avec_legende\" data-legende-len=\"177\" data-legende-lenx=\"xxx\">\n<figure class=\"spip_doc_inner\">\n      <picture><source type=\"image\/webp\" srcset=\"https:\/\/reporterre.net\/local\/cache-vignettes\/L1050xH700\/caroline_peyronel_20-97a0f.jpg@.webp?1732034723\"><img decoding=\"async\" src=\"https:\/\/reporterre.net\/IMG\/jpg\/caroline_peyronel_20.jpg\" width=\"1500\" height=\"1000\" loading=\"lazy\" alt=\"\"\/><br \/>\n    <\/source><\/picture><figcaption class=\"spip_doc_legende\">\n<p>\u00c0 la Toussaint, l\u2019association du Pr\u00e9 Vert organise Samhain, une f\u00eate pa\u00efenne inspir\u00e9e d\u2019une ancienne tradition celtique, en hommage aux d\u00e9funts.<br \/>\n<i>\u00a9 Caroline Peyronel\/Reporterre<\/i><\/p>\n<\/figcaption><\/figure>\n<\/p><\/div>\n<p>Lorsqu\u2019il troque ses outils pour jouer, c\u2019est toujours autour des calebasses occitanes que gravite son art. En 2009, J\u00e9r\u00f4me et J\u00e9r\u00e9my ont fond\u00e9 la Vespa Cougourdons Orchestra, en hommage \u00e0 une ancienne formation ni\u00e7oise de 1925, dont ils ont retrouv\u00e9 les archives. Le lendemain de la r\u00e9colte, la bande de douze musiciens s\u2019est retrouv\u00e9e dans un lieu culturel de Rabastens, \u00e0 quinze kilom\u00e8tres de l\u00e0. \u00c0 l\u2019occasion de la Toussaint, l\u2019association du Pr\u00e9 Vert organise Samhain, une f\u00eate pa\u00efenne inspir\u00e9e d\u2019une tradition celtique, en hommage aux d\u00e9funts.<\/p>\n<p>Sous une grande toile noire tendue comme un chapiteau, les instruments prennent vie\u00a0: Lily fait r\u00e9sonner le p\u00e9tadou (<i>\u00ab<small class=\"fine d-inline\">\u00a0<\/small>pet de dieu<small class=\"fine d-inline\">\u00a0<\/small>\u00bb<\/i>, en occitan), sorte de tambour au son profond et mystique. Sur le devant de la sc\u00e8ne, l\u2019espina de J\u00e9r\u00e9my Couraut \u00e9lectrise la foule. \u00c0 la fin du concert, J\u00e9r\u00f4me D\u00e9signaud, maquill\u00e9 de motifs tribaux et coiff\u00e9 de cornes en calebasse, ouvre une cougourde qu\u2019il tient en bandouli\u00e8re et en retire une poign\u00e9e de graines. <i>\u00ab<small class=\"fine d-inline\">\u00a0<\/small>Semez-les au printemps, arrosez-les r\u00e9guli\u00e8rement<small class=\"fine d-inline\">\u00a0<\/small>\u00bb<\/i>, dit-il en les distribuant au public. Une fa\u00e7on de diss\u00e9miner ce patrimoine et de renouveler le cycle allant de la graine au son.<\/p>\n<hr class=\"spip\"\/>\n<p><br class=\"autobr\"\/><br \/>\n<strong>Notre reportage en images\u00a0:<\/strong><\/p>\n<p><center><br \/>\n  <\/p>\n<p><\/center><\/p>\n<aside class=\"boite_encarts\">\n<div class=\"encart encart_gris noprint\">\n<p><strong>Il est de retour.<\/strong><\/p>\n<p>Dans quelques semaines, Donald Trump se r\u00e9-installera \u00e0 la Maison Blanche.<\/p>\n<p>Un milliardaire, pour qui le r\u00e9chauffement climatique est \u00ab<small class=\"fine d-inline\">\u00a0<\/small>un canular<small class=\"fine d-inline\">\u00a0<\/small>\u00bb, sera \u00e0 la t\u00eate de la plus grande puissance mondiale.<\/p>\n<p>Dans une d\u00e9cennie cruciale pour l\u2019\u00e9cologie, nous ne pouvons pas nous permettre de perdre plus de temps.<\/p>\n<p>La soci\u00e9t\u00e9 civile doit continuer de se soulever, de se mobiliser et de faire pression sur les puissants.<\/p>\n<p>Mais pour agir, il faut savoir.<\/p>\n<p><strong>Depuis 11 ans, nous publions des articles de qualit\u00e9 sur l\u2019\u00e9cologie, en acc\u00e8s libre et sans publicit\u00e9, pour tous.<\/strong><\/p>\n<p>Nous avons la conviction que l\u2019urgence \u00e9cologique est l\u2019enjeu majeur de notre \u00e9poque.<br class=\"autobr\"\/><br \/>\n Et comme plus de 2 millions de lectrices et lecteurs chaque mois, vous partagez sans doute cette conviction&#8230;<\/p>\n<p>Alors si vous en avez les moyens, sachez qu\u2019un don, m\u00eame d\u20191\u20ac, est un acte de soutien fort pour l\u2019\u00e9cologie et le journalisme ind\u00e9pendant.<br class=\"autobr\"\/><br \/>\n (Et \u00e7a vous prendra moins de temps que la lecture de ce texte).<\/p>\n<p><strong>Si vous le pouvez, choisissez un soutien mensuel. Merci.<\/strong><\/p>\n<p><a target=\"_blank\" href=\"https:\/\/reporterre.net\/dons\" class=\"bt_soutenir\">Je soutiens <i>Reporterre<\/i><\/a><\/p>\n<\/p><\/div>\n<div class=\"encart encart_vert noprint montre_1023\">\n<div class=\"infolettre-form-container noprint\">\n<p>Abonnez-vous \u00e0 la lettre d\u2019info de Reporterre<\/p>\n<\/div><\/div>\n<\/aside>\n<aside class=\"boite_apresarticle encart_note\">\n<h4>Apr\u00e8s cet article<\/h4>\n<p>      <a target=\"_blank\" href=\"https:\/\/reporterre.net\/Pour-renforcer-l-agriculture-paysanne-des-benevoles-belges-investissent-les-champs\" class=\"lien_article\">\n      <picture class=\"vignette_gauche\"><source type=\"image\/webp\" srcset=\"https:\/\/reporterre.net\/https:\/\/reporterre.net\/local\/cache-gd2\/8c\/940086152cdc0dde19655600735ec9.jpg@.webp?1731420483\"><img decoding=\"async\" src=\"https:\/\/reporterre.net\/local\/cache-gd2\/8c\/940086152cdc0dde19655600735ec9.jpg?1731420483\" width=\"450\" height=\"300\" alt=\"\" class=\"marge12\" loading=\"lazy\"\/><br \/>\n<\/source><\/picture>\n<p class=\"libelle\">\n<p>          Reportage \u2014<\/p>\n<p>      Agriculture\n    <\/p>\n<p class=\"titre pol20\">Pour renforcer l\u2019agriculture paysanne, des b\u00e9n\u00e9voles belges investissent les champs<\/p>\n<p>      <\/a><br \/>\n    <\/aside>\n<aside class=\"boite_complement texte\">\n<p>      <!-- zone_forum --><br \/>\n          <\/aside>\n<aside class=\"boite_lireaussi noprint\">\n<\/aside>\n<aside class=\"colonne\">\n<div class=\"article_info cache_1023 noprint\">\n<p>    <span class=\"date\">23 novembre 2024  \u00e0 09h11<\/span><\/p>\n<p>    <span class=\"date_modif\">Mis \u00e0 jour le 23 novembre 2024 \u00e0 16h35<\/span>      <\/p>\n<p class=\"duree_lecture\">\n        Dur\u00e9e de lecture : 7 minutes\n      <\/p>\n<\/p><\/div>\n<div class=\"bloc_infolettre\">\n<div class=\"infolettre-form-container noprint\">\n<p>Abonnez-vous \u00e0 la lettre d\u2019info de Reporterre<\/p>\n<\/div><\/div>\n<\/aside><\/div>\n<p><br \/>\n<br \/><a href=\"https:\/\/reporterre.net\/Paysan-luthier-il-transforme-les-citrouilles-en-instruments-de-musique\" target=\"_blank\"\">Source link <\/a><\/p>\n","protected":false},"excerpt":{"rendered":"<p>Puycelsi (Tarn), reportage Sa t\u00eate slalome entre les calebasses, suspendues comme des luminaires sous une serre de lianes. S\u00e9cateur en main, J\u00e9r\u00f4me D\u00e9signaud d\u00e9croche un cougourdon, nom occitan de ces&hellip; <\/p>\n","protected":false},"author":1,"featured_media":761,"comment_status":"open","ping_status":"open","sticky":false,"template":"","format":"standard","meta":{"footnotes":""},"categories":[1],"tags":[],"class_list":["post-760","post","type-post","status-publish","format-standard","has-post-thumbnail","hentry","category-non-classe"],"_links":{"self":[{"href":"https:\/\/monde25.info\/index.php\/wp-json\/wp\/v2\/posts\/760","targetHints":{"allow":["GET"]}}],"collection":[{"href":"https:\/\/monde25.info\/index.php\/wp-json\/wp\/v2\/posts"}],"about":[{"href":"https:\/\/monde25.info\/index.php\/wp-json\/wp\/v2\/types\/post"}],"author":[{"embeddable":true,"href":"https:\/\/monde25.info\/index.php\/wp-json\/wp\/v2\/users\/1"}],"replies":[{"embeddable":true,"href":"https:\/\/monde25.info\/index.php\/wp-json\/wp\/v2\/comments?post=760"}],"version-history":[{"count":0,"href":"https:\/\/monde25.info\/index.php\/wp-json\/wp\/v2\/posts\/760\/revisions"}],"wp:featuredmedia":[{"embeddable":true,"href":"https:\/\/monde25.info\/index.php\/wp-json\/wp\/v2\/media\/761"}],"wp:attachment":[{"href":"https:\/\/monde25.info\/index.php\/wp-json\/wp\/v2\/media?parent=760"}],"wp:term":[{"taxonomy":"category","embeddable":true,"href":"https:\/\/monde25.info\/index.php\/wp-json\/wp\/v2\/categories?post=760"},{"taxonomy":"post_tag","embeddable":true,"href":"https:\/\/monde25.info\/index.php\/wp-json\/wp\/v2\/tags?post=760"}],"curies":[{"name":"wp","href":"https:\/\/api.w.org\/{rel}","templated":true}]}}