{"id":7638,"date":"2025-05-05T05:02:22","date_gmt":"2025-05-05T03:02:22","guid":{"rendered":"https:\/\/monde25.info\/index.php\/2025\/05\/05\/hausse-soudaine-darrivees-de-migrants-par-la-mediterranee-rt-en-francais\/"},"modified":"2025-05-05T05:02:22","modified_gmt":"2025-05-05T03:02:22","slug":"hausse-soudaine-darrivees-de-migrants-par-la-mediterranee-rt-en-francais","status":"publish","type":"post","link":"https:\/\/monde25.info\/index.php\/2025\/05\/05\/hausse-soudaine-darrivees-de-migrants-par-la-mediterranee-rt-en-francais\/","title":{"rendered":"hausse soudaine d&rsquo;arriv\u00e9es de migrants par la M\u00e9diterran\u00e9e \u2014 RT en fran\u00e7ais"},"content":{"rendered":"<p> <br \/>\n<br \/><img decoding=\"async\" src=\"https:\/\/mf.b37mrtl.ru\/french\/images\/2025.05\/thumbnail\/68179ef76f7ccc638e0af7cf.jpg\" \/><\/p>\n<div>\n<p class=\"text__summary\">\n                                        Apr\u00e8s avoir annonc\u00e9 une baisse significative du nombre de migrants arrivant par la M\u00e9diterran\u00e9e, les autorit\u00e9s italiennes se retrouvent confront\u00e9es \u00e0 une hausse de 35 % durant le mois d\u2019avril. Cette augmentation soudaine remet en cause la tendance \u00e0 la baisse \u00e9voqu\u00e9e pr\u00e9c\u00e9demment.\n                                    <\/p>\n<p>Le mois d\u2019avril a enregistr\u00e9 6 400 nouvelles arriv\u00e9es de migrants en Italie en provenance de la M\u00e9diterran\u00e9e. Ce chiffre repr\u00e9sente une hausse de 35 % par rapport \u00e0 la m\u00eame p\u00e9riode de l\u2019ann\u00e9e 2024. \u00c0 lui seul, le dernier week-end d\u2019avril a vu d\u00e9barquer plus de 1 800 personnes, portant le total des arriv\u00e9es depuis le d\u00e9but de l\u2019ann\u00e9e \u00e0 15 543, contre 16 000 sur la m\u00eame p\u00e9riode en 2024.<\/p>\n<h2>Un \u00ab\u00a0triomphalisme pr\u00e9matur\u00e9\u00a0\u00bb<\/h2>\n<p>Deux semaines avant la publication de ces chiffres, le gouvernement italien avait annonc\u00e9 une baisse de 30 % des arriv\u00e9es par la M\u00e9diterran\u00e9e, qu\u2019il attribuait \u00e0 sa politique de coop\u00e9ration renforc\u00e9e avec les pays d\u2019Afrique du Nord, en particulier la Tunisie.<\/p>\n<p>L\u2019opposition d\u00e9nonce un \u00ab triomphalisme pr\u00e9matur\u00e9 \u00bb du ministre de l\u2019Int\u00e9rieur, Matteo Piantedosi, qui s\u2019\u00e9tait f\u00e9licit\u00e9 de l\u2019efficacit\u00e9 des efforts diplomatiques. Les critiques pointent l\u2019absence de solutions structurelles durables et rappellent les atteintes aux droits humains constat\u00e9es dans plusieurs pays partenaires.<\/p>\n<p>Sur le terrain, la situation reste tendue : plus de 770 migrants ont d\u00e9barqu\u00e9 \u00e0 Lampedusa le 1er mai, portant le centre d\u2019accueil de l\u2019\u00eele \u00e0 pr\u00e8s de 900 personnes, soit au bord de la saturation. Bien que l\u2019Union europ\u00e9enne ait r\u00e9cemment adopt\u00e9 un pacte sur la migration et l\u2019asile, sa mise en \u0153uvre tarde. L\u2019Italie reste donc en premi\u00e8re ligne face \u00e0 la pression migratoire sur la route de la M\u00e9diterran\u00e9e centrale.<\/p>\n<\/div>\n<p><br \/>\n<br \/><a href=\"https:\/\/francais.rt.com\/international\/120304-italie-hausse-soudaine-arrivees-migrants\" target=\"_blank\"\">Source link <\/a><\/p>\n","protected":false},"excerpt":{"rendered":"<p>Apr\u00e8s avoir annonc\u00e9 une baisse significative du nombre de migrants arrivant par la M\u00e9diterran\u00e9e, les autorit\u00e9s italiennes se retrouvent confront\u00e9es \u00e0 une hausse de 35 % durant le mois d\u2019avril.&hellip; <\/p>\n","protected":false},"author":1,"featured_media":7639,"comment_status":"open","ping_status":"open","sticky":false,"template":"","format":"standard","meta":{"footnotes":""},"categories":[1],"tags":[],"class_list":["post-7638","post","type-post","status-publish","format-standard","has-post-thumbnail","hentry","category-non-classe"],"_links":{"self":[{"href":"https:\/\/monde25.info\/index.php\/wp-json\/wp\/v2\/posts\/7638","targetHints":{"allow":["GET"]}}],"collection":[{"href":"https:\/\/monde25.info\/index.php\/wp-json\/wp\/v2\/posts"}],"about":[{"href":"https:\/\/monde25.info\/index.php\/wp-json\/wp\/v2\/types\/post"}],"author":[{"embeddable":true,"href":"https:\/\/monde25.info\/index.php\/wp-json\/wp\/v2\/users\/1"}],"replies":[{"embeddable":true,"href":"https:\/\/monde25.info\/index.php\/wp-json\/wp\/v2\/comments?post=7638"}],"version-history":[{"count":0,"href":"https:\/\/monde25.info\/index.php\/wp-json\/wp\/v2\/posts\/7638\/revisions"}],"wp:featuredmedia":[{"embeddable":true,"href":"https:\/\/monde25.info\/index.php\/wp-json\/wp\/v2\/media\/7639"}],"wp:attachment":[{"href":"https:\/\/monde25.info\/index.php\/wp-json\/wp\/v2\/media?parent=7638"}],"wp:term":[{"taxonomy":"category","embeddable":true,"href":"https:\/\/monde25.info\/index.php\/wp-json\/wp\/v2\/categories?post=7638"},{"taxonomy":"post_tag","embeddable":true,"href":"https:\/\/monde25.info\/index.php\/wp-json\/wp\/v2\/tags?post=7638"}],"curies":[{"name":"wp","href":"https:\/\/api.w.org\/{rel}","templated":true}]}}