{"id":764,"date":"2024-11-23T21:20:56","date_gmt":"2024-11-23T20:20:56","guid":{"rendered":"https:\/\/monde25.info\/index.php\/2024\/11\/23\/le-patron-de-lotan-mark-rutte-a-rencontre-donald-trump-aux-etats-unis\/"},"modified":"2024-11-23T21:20:56","modified_gmt":"2024-11-23T20:20:56","slug":"le-patron-de-lotan-mark-rutte-a-rencontre-donald-trump-aux-etats-unis","status":"publish","type":"post","link":"https:\/\/monde25.info\/index.php\/2024\/11\/23\/le-patron-de-lotan-mark-rutte-a-rencontre-donald-trump-aux-etats-unis\/","title":{"rendered":"Le patron de l&rsquo;Otan Mark Rutte a rencontr\u00e9 Donald Trump aux Etats-Unis"},"content":{"rendered":"<p> <br \/>\n<\/p>\n<div>\n<p><span data-contrast=\"auto\">Le secr\u00e9taire g\u00e9n\u00e9ral de l&rsquo;Otan Mark Rutte a rencontr\u00e9 vendredi le pr\u00e9sident am\u00e9ricain \u00e9lu Donald Trump \u00e0 Palm Beach, en Floride, a annonc\u00e9 samedi la porte-parole de l&rsquo;Alliance atlantique.<\/span><span data-ccp-props=\"{&quot;134233117&quot;:false,&quot;134233118&quot;:false,&quot;335559738&quot;:300,&quot;335559739&quot;:180}\">\u00a0<\/span><\/p>\n<p><span data-contrast=\"auto\">Ils auraient discut\u00e9 de l&rsquo;ensemble des probl\u00e8mes de s\u00e9curit\u00e9 mondiale auxquels l&rsquo;Alliance est confront\u00e9, a indiqu\u00e9 cette porte-parole, Farah Dakhlallah, dans un court communiqu\u00e9, sans plus de d\u00e9tail.<\/span><span data-ccp-props=\"{&quot;134233117&quot;:false,&quot;134233118&quot;:false,&quot;335559738&quot;:300,&quot;335559739&quot;:180}\">\u00a0<\/span><\/p>\n<p><span data-contrast=\"auto\">L&rsquo;ancien Premier ministre n\u00e9erlandais va t en guerre avait indiqu\u00e9 vouloir rencontrer Donald Trump, deux jours apr\u00e8s son \u00e9lection le 5 novembre.<\/span><span data-ccp-props=\"{&quot;134233117&quot;:false,&quot;134233118&quot;:false,&quot;335559738&quot;:300,&quot;335559739&quot;:180}\">\u00a0<\/span><\/p>\n<p><span data-contrast=\"auto\">Il avait alors affirm\u00e9 vouloir discuter avec lui de la \u00ab\u00a0menace\u00a0\u00bb que repr\u00e9sente le renforcement des liens entre la Russie et la Cor\u00e9e du Nord.<\/span><span data-ccp-props=\"{&quot;134233117&quot;:false,&quot;134233118&quot;:false,&quot;335559738&quot;:300,&quot;335559739&quot;:180}\">\u00a0<\/span><\/p>\n<p><span data-contrast=\"auto\">\u00ab\u00a0J&rsquo;ai h\u00e2te de m&rsquo;asseoir avec le pr\u00e9sident Trump et de voir comment nous allons collectivement nous assurer que nous faisons face \u00e0 cette menace\u00a0\u00bb, avait-t-il d\u00e9clar\u00e9 le 7 novembre, en marge d&rsquo;un sommet de dirigeants europ\u00e9ens \u00e0 Budapest.<\/span><span data-ccp-props=\"{&quot;134233117&quot;:false,&quot;134233118&quot;:false,&quot;335559738&quot;:300,&quot;335559739&quot;:180}\">\u00a0<\/span><\/p>\n<p><span data-contrast=\"auto\">Il est peu vraisemblable que cela se passe tel que Mark Rutte le pense, eut \u00e9gard \u00e0 la volont\u00e9 de Trump de mettre fin au conflit, et \u00e0 sa position de plus en plus r\u00e9fractaire \u00e0 l\u2019Otan.<\/span><span data-ccp-props=\"{&quot;134233117&quot;:false,&quot;134233118&quot;:false,&quot;335559738&quot;:300,&quot;335559739&quot;:180}\">\u00a0<\/span><\/p>\n<p><span data-contrast=\"auto\">Mark Rutte, n&rsquo;avait cess\u00e9 de mettre en garde contre les dangers d&rsquo;un rapprochement entre la Chine, la Cor\u00e9e du Nord et l&rsquo;Iran, trois pays accus\u00e9s d&rsquo;aider la Russie dans son effort de guerre contre l&rsquo;Ukraine.<\/span><span data-ccp-props=\"{&quot;134233117&quot;:false,&quot;134233118&quot;:false,&quot;335559738&quot;:300,&quot;335559739&quot;:180}\">\u00a0<\/span><\/p>\n<p><span data-contrast=\"auto\">Le soutien nord-cor\u00e9en apport\u00e9 \u00e0 Moscou illustre la n\u00e9cessit\u00e9 du soutien des \u00c9tats-Unis, dont la propre s\u00e9curit\u00e9 est mise en cause, avait rappel\u00e9 M. Rutte \u00e0 Paris le 12 novembre.<\/span><span data-ccp-props=\"{&quot;134233117&quot;:false,&quot;134233118&quot;:false,&quot;335559738&quot;:300,&quot;335559739&quot;:180}\">\u00a0<\/span><\/p>\n<p><span data-contrast=\"auto\">La Russie soutient financi\u00e8rement Pyongyang et lui apporte son expertise en mati\u00e8re de technologies de missiles. \u00ab\u00a0C&rsquo;est tr\u00e8s inqui\u00e9tant. Ces missiles posent une menace directe pour le territoire am\u00e9ricain\u00a0\u00bb, avait-il plaid\u00e9.<\/span><span data-ccp-props=\"{&quot;134233117&quot;:false,&quot;134233118&quot;:false,&quot;335559738&quot;:300,&quot;335559739&quot;:180}\">\u00a0<\/span><\/p>\n<p><span data-contrast=\"auto\">De m\u00eame, en collaborant avec la Cor\u00e9e du Nord, l&rsquo;Iran et la Chine, la Russie \u00ab\u00a0ne menace pas seulement l&rsquo;Europe, mais menace aussi la paix et la s\u00e9curit\u00e9 dans l&rsquo;Indo-Pacifique et en Am\u00e9rique du Nord\u00a0\u00bb, selon lui&#8230; Il est fort \u00e0 parier que D. Trump ne l\u2019entende pas comme cela.<\/span><span data-ccp-props=\"{&quot;134233117&quot;:false,&quot;134233118&quot;:false,&quot;335559738&quot;:300,&quot;335559739&quot;:180}\">\u00a0<\/span><\/p>\n<p><span data-contrast=\"auto\">Les pays europ\u00e9ens s&rsquo;inqui\u00e8tent aussi de la promesse du milliardaire am\u00e9ricain de mettre fin \u00e0 la guerre en Ukraine en 24 heures, avec un accord allant \u00e0 l&rsquo;encontre des int\u00e9r\u00eats de Kiev et les laissant \u00e0 l&rsquo;\u00e9cart.<\/span><span data-ccp-props=\"{&quot;134233117&quot;:false,&quot;134233118&quot;:false,&quot;335559738&quot;:300,&quot;335559739&quot;:180}\">\u00a0<\/span><\/p>\n<p><span data-contrast=\"auto\">Fort de tous ces d\u00e9tails, il est n\u00e9anmoins \u00e0 remarquer que le pr\u00e9sident Trump ne s\u2019est non seulement pas encore fendu de commentaires concernant cette rencontre, mais ne l\u2019a m\u00eame pas \u00e9voqu\u00e9e.\u00a0<\/span>\u00a0<\/p>\n<p><span data-contrast=\"auto\">Pas certain que ce soit de bon augure pour le vaillant belliciste batave.<\/span><span data-ccp-props=\"{&quot;134233117&quot;:false,&quot;134233118&quot;:false,&quot;335559738&quot;:300,&quot;335559739&quot;:180}\">\u00a0<\/span><\/p>\n<\/div>\n<p><script>(function(d, s, id) {  var js, fjs = d.getElementsByTagName(s)[0];  if (d.getElementById(id)) return;  js = d.createElement(s); js.id = id;  js.src = \"\/\/connect.facebook.net\/fr_FR\/sdk.js#xfbml=1&version=v2.3\";  fjs.parentNode.insertBefore(js, fjs);}(document, \"script\", \"facebook-jssdk\"));<\/script><br \/>\n<br \/><br \/>\n<br \/><a href=\"https:\/\/www.francesoir.fr\/politique-monde\/le-patron-de-l-otan-mark-rutte-rencontre-donald-trump-aux-etats-unis\" target=\"_blank\"\">Source link <\/a><\/p>\n","protected":false},"excerpt":{"rendered":"<p>Le secr\u00e9taire g\u00e9n\u00e9ral de l&rsquo;Otan Mark Rutte a rencontr\u00e9 vendredi le pr\u00e9sident am\u00e9ricain \u00e9lu Donald Trump \u00e0 Palm Beach, en Floride, a annonc\u00e9 samedi la porte-parole de l&rsquo;Alliance atlantique.\u00a0 Ils&hellip; <\/p>\n","protected":false},"author":1,"featured_media":765,"comment_status":"open","ping_status":"open","sticky":false,"template":"","format":"standard","meta":{"footnotes":""},"categories":[1],"tags":[],"class_list":["post-764","post","type-post","status-publish","format-standard","has-post-thumbnail","hentry","category-non-classe"],"_links":{"self":[{"href":"https:\/\/monde25.info\/index.php\/wp-json\/wp\/v2\/posts\/764","targetHints":{"allow":["GET"]}}],"collection":[{"href":"https:\/\/monde25.info\/index.php\/wp-json\/wp\/v2\/posts"}],"about":[{"href":"https:\/\/monde25.info\/index.php\/wp-json\/wp\/v2\/types\/post"}],"author":[{"embeddable":true,"href":"https:\/\/monde25.info\/index.php\/wp-json\/wp\/v2\/users\/1"}],"replies":[{"embeddable":true,"href":"https:\/\/monde25.info\/index.php\/wp-json\/wp\/v2\/comments?post=764"}],"version-history":[{"count":0,"href":"https:\/\/monde25.info\/index.php\/wp-json\/wp\/v2\/posts\/764\/revisions"}],"wp:featuredmedia":[{"embeddable":true,"href":"https:\/\/monde25.info\/index.php\/wp-json\/wp\/v2\/media\/765"}],"wp:attachment":[{"href":"https:\/\/monde25.info\/index.php\/wp-json\/wp\/v2\/media?parent=764"}],"wp:term":[{"taxonomy":"category","embeddable":true,"href":"https:\/\/monde25.info\/index.php\/wp-json\/wp\/v2\/categories?post=764"},{"taxonomy":"post_tag","embeddable":true,"href":"https:\/\/monde25.info\/index.php\/wp-json\/wp\/v2\/tags?post=764"}],"curies":[{"name":"wp","href":"https:\/\/api.w.org\/{rel}","templated":true}]}}