{"id":772,"date":"2024-11-23T23:34:06","date_gmt":"2024-11-23T22:34:06","guid":{"rendered":"https:\/\/monde25.info\/index.php\/2024\/11\/23\/complicite-de-genocide-les-socialos-et-les-palestiniens-en-moins-dune-minute\/"},"modified":"2024-11-23T23:34:06","modified_gmt":"2024-11-23T22:34:06","slug":"complicite-de-genocide-les-socialos-et-les-palestiniens-en-moins-dune-minute","status":"publish","type":"post","link":"https:\/\/monde25.info\/index.php\/2024\/11\/23\/complicite-de-genocide-les-socialos-et-les-palestiniens-en-moins-dune-minute\/","title":{"rendered":"Complicit\u00e9 de g\u00e9nocide : les socialos et les Palestiniens en moins d\u2019une minute"},"content":{"rendered":"<p> <br \/>\n<\/p>\n<div>\n<p><span class=\"dropcap \" style=\"background-color: #ffffff; color: #000000; border-color: #ffffff;\"><strong>C<\/strong><\/span>e travail d\u2019archiviste qui revient sur les d\u00e9clarations des uns et des autres est tr\u00e8s utile. On peut voir ici \u00e0 quel\u00a0 point les socialos, tra\u00eetres, sont infest\u00e9s par le sionisme ! Leurs d\u00e9clarations ne laissent place \u00e0 aucune ambigu\u00eft\u00e9, quasiment tous complices du g\u00e9nocide sioniste \u00e0 Gaza, au Liban et en Cisjordanie. L\u2019Histoire prend note.<\/p>\n<\/div>\n<p><strong><span class=\"css-1jxf684 r-bcqeeo r-1ttztb7 r-qvutc0 r-poiln3\">Apr\u00e8s plus de 400 jours de massacres, il est imp\u00e9ratif de rappeler ce qu\u2019a \u00e9t\u00e9 le <\/span><span class=\"r-18u37iz\"><a target=\"_blank\" class=\"css-1jxf684 r-bcqeeo r-1ttztb7 r-qvutc0 r-poiln3 r-1loqt21\" dir=\"ltr\" role=\"link\" href=\"https:\/\/x.com\/partisocialiste\">@partisocialiste <\/a><\/span>durant la p\u00e9riode :<\/strong><\/p>\n<p><br \/>\n<br \/><a href=\"https:\/\/www.lelibrepenseur.org\/complicite-de-genocide-les-socialos-et-les-palestiniens-en-moins-dune-minute\/\" target=\"_blank\"\">Source link <\/a><\/p>\n","protected":false},"excerpt":{"rendered":"<p>Ce travail d\u2019archiviste qui revient sur les d\u00e9clarations des uns et des autres est tr\u00e8s utile. On peut voir ici \u00e0 quel\u00a0 point les socialos, tra\u00eetres, sont infest\u00e9s par le&hellip; <\/p>\n","protected":false},"author":1,"featured_media":773,"comment_status":"open","ping_status":"open","sticky":false,"template":"","format":"standard","meta":{"footnotes":""},"categories":[1],"tags":[],"class_list":["post-772","post","type-post","status-publish","format-standard","has-post-thumbnail","hentry","category-non-classe"],"_links":{"self":[{"href":"https:\/\/monde25.info\/index.php\/wp-json\/wp\/v2\/posts\/772","targetHints":{"allow":["GET"]}}],"collection":[{"href":"https:\/\/monde25.info\/index.php\/wp-json\/wp\/v2\/posts"}],"about":[{"href":"https:\/\/monde25.info\/index.php\/wp-json\/wp\/v2\/types\/post"}],"author":[{"embeddable":true,"href":"https:\/\/monde25.info\/index.php\/wp-json\/wp\/v2\/users\/1"}],"replies":[{"embeddable":true,"href":"https:\/\/monde25.info\/index.php\/wp-json\/wp\/v2\/comments?post=772"}],"version-history":[{"count":0,"href":"https:\/\/monde25.info\/index.php\/wp-json\/wp\/v2\/posts\/772\/revisions"}],"wp:featuredmedia":[{"embeddable":true,"href":"https:\/\/monde25.info\/index.php\/wp-json\/wp\/v2\/media\/773"}],"wp:attachment":[{"href":"https:\/\/monde25.info\/index.php\/wp-json\/wp\/v2\/media?parent=772"}],"wp:term":[{"taxonomy":"category","embeddable":true,"href":"https:\/\/monde25.info\/index.php\/wp-json\/wp\/v2\/categories?post=772"},{"taxonomy":"post_tag","embeddable":true,"href":"https:\/\/monde25.info\/index.php\/wp-json\/wp\/v2\/tags?post=772"}],"curies":[{"name":"wp","href":"https:\/\/api.w.org\/{rel}","templated":true}]}}