{"id":79,"date":"2024-11-14T10:27:10","date_gmt":"2024-11-14T09:27:10","guid":{"rendered":"https:\/\/monde25.info\/index.php\/2024\/11\/14\/la-detention-de-paul-watson-prolongee-jusquau-4-decembre-au-groenland\/"},"modified":"2024-11-14T10:27:10","modified_gmt":"2024-11-14T09:27:10","slug":"la-detention-de-paul-watson-prolongee-jusquau-4-decembre-au-groenland","status":"publish","type":"post","link":"https:\/\/monde25.info\/index.php\/2024\/11\/14\/la-detention-de-paul-watson-prolongee-jusquau-4-decembre-au-groenland\/","title":{"rendered":"La d\u00e9tention de Paul Watson prolong\u00e9e jusqu&#039;au 4\u00a0d\u00e9cembre au Groenland"},"content":{"rendered":"<p> <br \/>\n<br \/><img loading=\"lazy\" decoding=\"async\" src=\"https:\/\/reporterre.net\/local\/cache-vignettes\/L700xH467\/sea-2-bef3b.jpg?1731575818\" class=\"spip_logo\" width=\"700\" height=\"467\" alt=\"\" \/><\/p>\n<p>Paul Watson est encore loin d&rsquo;\u00eatre tir\u00e9 d&rsquo;affaire. Arr\u00eat\u00e9 le 21\u00a0juillet \u00e0 Nuuk, au Groenland, le militant \u00e9cologiste, qui a r\u00e9cemment demand\u00e9 la nationalit\u00e9 fran\u00e7aise, restera en prison jusqu&rsquo;au 4\u00a0d\u00e9cembre, a d\u00e9cid\u00e9 la justice. Le temps pour le gouvernement danois de voir s&rsquo;il accepte la demande d&rsquo;extradition du Japon. <br class=\"autobr\" \/><br \/>\nCela va faire bient\u00f4t quatre mois que Paul Watson est priv\u00e9 de libert\u00e9. Dans un entretien exclusif \u00e0 Reporterre, il d\u00e9clarait que \u00ab<small class=\"fine d-inline\">\u00a0<\/small>la prison \u00e9tait devenu son navire<small class=\"fine d-inline\">\u00a0<\/small>\u00bb. \u00ab<small class=\"fine d-inline\">\u00a0<\/small>(\u2026)<\/p>\n<p>                    <a target=\"_blank\" href=\"https:\/\/reporterre.net\/Paul-Watson-voit-sa-detention-prolongee-jusqu-au-4-decembre-au-Groenland?utm_source=RSS&amp;utm_medium=RSS\">Lire la suite<\/a><\/p>\n<p>                    &#8211;<br \/>\n                        <a target=\"_blank\" href=\"https:\/\/reporterre.net\/Breves-20\" rel=\"directory\">En bref<\/a><\/p>\n<p>                    \/<br \/>\n                        <a target=\"_blank\" href=\"https:\/\/reporterre.net\/Luttes\" rel=\"tag\">Luttes<\/a><br \/>\n                    ,<br \/>\n                        <a target=\"_blank\" href=\"https:\/\/reporterre.net\/Mers-et-oceans\" rel=\"tag\">Oc\u00e9ans<\/a><br \/>\n<br \/><br \/>\n<br \/><a href=\"https:\/\/reporterre.net\/Paul-Watson-voit-sa-detention-prolongee-jusqu-au-4-decembre-au-Groenland\" target=\"_blank\"\">Source link <\/a><\/p>\n","protected":false},"excerpt":{"rendered":"<p>Paul Watson est encore loin d&rsquo;\u00eatre tir\u00e9 d&rsquo;affaire. Arr\u00eat\u00e9 le 21\u00a0juillet \u00e0 Nuuk, au Groenland, le militant \u00e9cologiste, qui a r\u00e9cemment demand\u00e9 la nationalit\u00e9 fran\u00e7aise, restera en prison jusqu&rsquo;au 4\u00a0d\u00e9cembre,&hellip; <\/p>\n","protected":false},"author":1,"featured_media":80,"comment_status":"open","ping_status":"open","sticky":false,"template":"","format":"standard","meta":{"footnotes":""},"categories":[1],"tags":[],"class_list":["post-79","post","type-post","status-publish","format-standard","has-post-thumbnail","hentry","category-non-classe"],"_links":{"self":[{"href":"https:\/\/monde25.info\/index.php\/wp-json\/wp\/v2\/posts\/79","targetHints":{"allow":["GET"]}}],"collection":[{"href":"https:\/\/monde25.info\/index.php\/wp-json\/wp\/v2\/posts"}],"about":[{"href":"https:\/\/monde25.info\/index.php\/wp-json\/wp\/v2\/types\/post"}],"author":[{"embeddable":true,"href":"https:\/\/monde25.info\/index.php\/wp-json\/wp\/v2\/users\/1"}],"replies":[{"embeddable":true,"href":"https:\/\/monde25.info\/index.php\/wp-json\/wp\/v2\/comments?post=79"}],"version-history":[{"count":0,"href":"https:\/\/monde25.info\/index.php\/wp-json\/wp\/v2\/posts\/79\/revisions"}],"wp:featuredmedia":[{"embeddable":true,"href":"https:\/\/monde25.info\/index.php\/wp-json\/wp\/v2\/media\/80"}],"wp:attachment":[{"href":"https:\/\/monde25.info\/index.php\/wp-json\/wp\/v2\/media?parent=79"}],"wp:term":[{"taxonomy":"category","embeddable":true,"href":"https:\/\/monde25.info\/index.php\/wp-json\/wp\/v2\/categories?post=79"},{"taxonomy":"post_tag","embeddable":true,"href":"https:\/\/monde25.info\/index.php\/wp-json\/wp\/v2\/tags?post=79"}],"curies":[{"name":"wp","href":"https:\/\/api.w.org\/{rel}","templated":true}]}}