{"id":83,"date":"2024-11-14T11:32:18","date_gmt":"2024-11-14T10:32:18","guid":{"rendered":"https:\/\/monde25.info\/index.php\/2024\/11\/14\/un-grand-fache-par-carlos-pardo-le-monde-diplomatique-novembre-2024\/"},"modified":"2024-11-14T11:32:18","modified_gmt":"2024-11-14T10:32:18","slug":"un-grand-fache-par-carlos-pardo-le-monde-diplomatique-novembre-2024","status":"publish","type":"post","link":"https:\/\/monde25.info\/index.php\/2024\/11\/14\/un-grand-fache-par-carlos-pardo-le-monde-diplomatique-novembre-2024\/","title":{"rendered":"Un grand f\u00e2ch\u00e9, par Carlos Pardo (Le Monde diplomatique, novembre 2024)"},"content":{"rendered":"<p> <br \/>\n<\/p>\n<div couleurfade=\"e5eaec\" couleurclaire=\"cceffe\" couleurpale=\"a4dbf3\" couleurmi=\"028dc9\" couleurfoncee=\"225c76\" couleursombre=\"002332\" couleurfond=\"4c5559\" couleurtexte=\"ffffff\">\n<figure class=\"spip_document_33684 spip_documents spip_documents_right\" style=\"float:right; width:200px;\">\n<div class=\"limage\">\n<p>            <img loading=\"lazy\" decoding=\"async\" src=\"https:\/\/www.monde-diplomatique.fr\/\/local\/cache-vignettes\/L200xH301\/retourdebarbarie-88be6.jpg?1730210706\" width=\"200\" alt=\"\" height=\"301\"\/><\/p><\/div>\n<\/figure>\n<p><span class=\"mot-lettrine\"><span class=\"lettrine\">I<\/span>l<\/span> est l\u2019un de ces grands m\u00e9connus qu\u2019on red\u00e9couvre de temps \u00e0 autre \u00e0 la faveur d\u2019une r\u00e9\u00e9dition, comme le r\u00e9cent <i>Retour de Barbarie<\/i><span class=\"spip_note_ref\">\u00a0(<a target=\"_blank\" href=\"http:\/\/www.monde-diplomatique.fr\/2024\/11\/PARDO\/67762#nb1\" class=\"spip_note\" rel=\"appendix\" title=\"Raymond Gu\u00e9rin, Retour de Barbarie, pr\u00e9face de Jean-Paul Kauffmann, Finitude,\u00a0(...)\" id=\"nh1\">1<\/a>)<\/span>, assemblage de deux textes jusqu\u2019ici \u00e9dit\u00e9s s\u00e9par\u00e9ment mais tir\u00e9s des m\u00eames carnets. Raymond Gu\u00e9rin (1905-1955) a fait entendre une voix percutante, parfois qualifi\u00e9e de c\u00e9linienne, port\u00e9e par la volont\u00e9 de <i>\u00ab<small class=\"fine\">\u00a0<\/small>tout dire<small class=\"fine\">\u00a0<\/small>\u00bb.<\/i> Il vit \u00e0 Bordeaux, o\u00f9 il reprendra le cabinet d\u2019assurances paternel, mais ne se d\u00e9tournera jamais de la litt\u00e9rature. En 1927, il fonde une revue, publie ses premi\u00e8res chroniques et attire l\u2019attention de Jean Paulhan. Le r\u00e9dacteur en chef de <i>La Nouvelle Revue fran\u00e7aise (NRF)<\/i> appuiera en 1936 la publication chez Gallimard de son premier roman, salu\u00e9 par la critique<span class=\"spip_note_ref\">\u00a0(<a target=\"_blank\" href=\"http:\/\/www.monde-diplomatique.fr\/2024\/11\/PARDO\/67762#nb2\" class=\"spip_note\" rel=\"appendix\" title=\"Zobain, Gallimard, Paris, 1936, r\u00e9\u00e9d. Finitude, 2015.\" id=\"nh2\">2<\/a>)<\/span>.<\/p>\n<figure class=\"spip_document_33699 spip_documents spip_documents_left\" style=\"float:left; width:200px;\">\n<div class=\"limage\">\n<p>            <img loading=\"lazy\" decoding=\"async\" src=\"https:\/\/www.monde-diplomatique.fr\/\/local\/cache-vignettes\/L200xH296\/zobain-74577.jpg?1730210706\" width=\"200\" alt=\"\" height=\"296\"\/><\/p><\/div>\n<\/figure>\n<p>Mobilis\u00e9 en 1940, tr\u00e8s t\u00f4t fait prisonnier, il \u00e9crit d\u00e8s que les circonstances le lui permettent. Plus de mille pages de notes et de r\u00e9flexions couvrant la p\u00e9riode de la \u00ab<small class=\"fine\">\u00a0<\/small>dr\u00f4le de guerre<small class=\"fine\">\u00a0<\/small>\u00bb \u00e0 la Lib\u00e9ration, en passant par sa captivit\u00e9, qu\u2019il entend utiliser pour un futur roman<span class=\"spip_note_ref\">\u00a0(<a target=\"_blank\" href=\"http:\/\/www.monde-diplomatique.fr\/2024\/11\/PARDO\/67762#nb3\" class=\"spip_note\" rel=\"appendix\" title=\"Les Poulpes, roman de huit cents pages paru en 1953 chez Gallimard et\u00a0(...)\" id=\"nh3\">3<\/a>)<\/span>.<\/p>\n<figure class=\"spip_document_33700 spip_documents spip_documents_right\" style=\"float:right; width:200px;\">\n<div class=\"limage\">\n<p>            <img loading=\"lazy\" decoding=\"async\" src=\"https:\/\/www.monde-diplomatique.fr\/\/local\/cache-vignettes\/L200xH296\/lapeaudure-5e012.jpg?1730210706\" width=\"200\" alt=\"\" height=\"296\"\/><\/p><\/div>\n<\/figure>\n<p><i>Retour de Barbarie,<\/i> derni\u00e8re partie de ces feuillets, s\u2019ouvre en novembre\u00a01943. Apr\u00e8s plus de trois ans en camp de prisonniers, \u00e0 la veille d\u2019\u00eatre lib\u00e9r\u00e9, Gu\u00e9rin accepte difficilement l\u2019id\u00e9e d\u2019abandonner ses camarades \u00e0 leur sort. Revoir Paris et rendre visite \u00e0 quelques relations dans le milieu litt\u00e9raire ne saurait constituer une consolation. S\u2019il aspire \u00e0 la reconnaissance, il sait qu\u2019il ne fait pas partie du s\u00e9rail<span class=\"spip_note_ref\">\u00a0(<a target=\"_blank\" href=\"http:\/\/www.monde-diplomatique.fr\/2024\/11\/PARDO\/67762#nb4\" class=\"spip_note\" rel=\"appendix\" title=\"Quand vient la fin, publi\u00e9 durant sa captivit\u00e9 en 1941, fr\u00f4le le prix\u00a0(...)\" id=\"nh4\">4<\/a>)<\/span>.<\/p>\n<figure class=\"spip_document_33701 spip_documents spip_documents_left\" style=\"float:left; width:200px;\">\n<div class=\"limage\">\n<p>            <img loading=\"lazy\" decoding=\"async\" src=\"https:\/\/www.monde-diplomatique.fr\/\/local\/cache-vignettes\/L200xH305\/quandvientlafin-a61dd.jpg?1730210706\" width=\"200\" alt=\"\" height=\"305\"\/><\/p><\/div>\n<\/figure>\n<p>Durant ces quinze jours \u00e0 Paris, il retrouve Jean Paulhan, Marcel Arland et Albert Camus, rencontre enfin son \u00e9diteur, Gaston Gallimard. Intimid\u00e9 par ces illustres confr\u00e8res qui l\u2019interrogent sur sa captivit\u00e9, il se sent inint\u00e9ressant, et pr\u00e9f\u00e9rerait se taire. Oblig\u00e9 de rendre visite au p\u00e9tainiste Jacques Chardonne, qui a \u0153uvr\u00e9 \u00e0 sa lib\u00e9ration, il n\u2019h\u00e9sitera pas \u00e0 lui dire ce qu\u2019il pense de ses positions\u2026 Souvent accompagn\u00e9 par Henri Cartier-Bresson, qu\u2019il a connu au stalag, Gu\u00e9rin traverse la capitale dans sa <i>\u00ab<small class=\"fine\">\u00a0<\/small>d\u00e9froque pisseuse de clochard<small class=\"fine\">\u00a0<\/small>\u00bb,<\/i> surpris de croiser des Parisiens qui s\u2019accommodent fort bien de l\u2019Occupation\u00a0: la bourgeoisie n\u2019a rien perdu de sa superbe. La guerre, se demande Gu\u00e9rin, ne frappe-t-elle finalement que les classes d\u00e9favoris\u00e9es<small class=\"fine\">\u00a0<\/small>? D\u00e9sempar\u00e9, \u00e9tranger dans son propre pays, il s\u2019emporte contre l\u2019<i>\u00ab<small class=\"fine\">\u00a0<\/small>empire de la sottise<\/i><span class=\"spip_note_ref\">\u00a0(<a target=\"_blank\" href=\"http:\/\/www.monde-diplomatique.fr\/2024\/11\/PARDO\/67762#nb5\" class=\"spip_note\" rel=\"appendix\" title=\"Le terme \u00ab\u00a0barbarie\u00a0\u00bb d\u00e9signe chez Gu\u00e9rin l\u2019Allemagne nazie\u00a0; celui de \u00ab\u00a0sottise\u00a0\u00a0(...)\" id=\"nh5\">5<\/a>)<\/span> <i><small class=\"fine\">\u00a0<\/small>\u00bb<\/i> dans lequel triomphe l\u2019id\u00e9ologie barbare. <i>\u00ab<small class=\"fine\">\u00a0<\/small>Je voulais faire confiance \u00e0 l\u2019homme,<\/i> note-t-il, <i>envers et contre tout. Je sais maintenant que je me trompais.<small class=\"fine\">\u00a0<\/small>\u00bb<\/i><\/p>\n<figure class=\"spip_document_33706 spip_documents spip_documents_right\" style=\"float:right; width:200px;\">\n<div class=\"limage\">\n<p>            <img loading=\"lazy\" decoding=\"async\" src=\"https:\/\/www.monde-diplomatique.fr\/\/local\/cache-vignettes\/L200xH303\/letempsdelasottise-345bb.jpg?1730210706\" width=\"200\" alt=\"\" height=\"303\"\/><\/p><\/div>\n<\/figure>\n<p>Il rejoint alors sa future \u00e9pouse, victime des lois antijuives et cach\u00e9e \u00e0 P\u00e9rigueux. Il assistera avec soulagement et bonheur \u00e0 la Lib\u00e9ration, tout en d\u00e9plorant l\u2019opportunisme des r\u00e9sistants de la derni\u00e8re heure, et, lors de l\u2019\u00e9puration, l\u2019indigence des proc\u00e8s comme les ex\u00e9cutions exp\u00e9ditives qui s\u2019ensuivent. Gu\u00e9rin s\u2019isole dans le travail. En 1950, cet amoureux de la M\u00e9diterran\u00e9e accepte l\u2019invitation \u00e0 Capri de Curzio Malaparte, qu\u2019il admire. Trois semaines riches en \u00e9changes, restitu\u00e9s par le menu<span class=\"spip_note_ref\">\u00a0(<a target=\"_blank\" href=\"http:\/\/www.monde-diplomatique.fr\/2024\/11\/PARDO\/67762#nb6\" class=\"spip_note\" rel=\"appendix\" title=\"Du c\u00f4t\u00e9 de chez Malaparte, Finitude, 2024, 96 pages, 14,50 euros.\" id=\"nh6\">6<\/a>)<\/span>.<\/p>\n<figure class=\"spip_document_33702 spip_documents spip_documents_left\" style=\"float:left; width:200px;\">\n<div class=\"limage\">\n<p>            <img loading=\"lazy\" decoding=\"async\" src=\"https:\/\/www.monde-diplomatique.fr\/\/local\/cache-vignettes\/L200xH296\/du-cote-de-chez-malaparte-new-223x330-b69b3.jpg?1730210706\" width=\"200\" alt=\"\" height=\"296\"\/><\/p><\/div>\n<\/figure>\n<p>L\u2019auteur de <i>La Peau,<\/i> l\u00e9gende vivante et beau parleur, est d\u00e9peint dans toute sa complexit\u00e9. Il inspirera l\u2019un des personnages des <i>Poulpes,<\/i> le roman le plus ambitieux de Gu\u00e9rin, boud\u00e9 par la critique et le public. Deux ans plus tard, il est emport\u00e9 par une pleur\u00e9sie, dans une certaine indiff\u00e9rence.<\/p>\n<\/p><\/div>\n<div>\n<div id=\"nb1\">\n<p><span class=\"spip_note_ref\">(<a target=\"_blank\" href=\"http:\/\/www.monde-diplomatique.fr\/2024\/11\/PARDO\/67762#nh1\" class=\"spip_note\" title=\"Notes 1\" rev=\"appendix\">1<\/a>)\u00a0<\/span>Raymond Gu\u00e9rin, <i>Retour de Barbarie,<\/i> pr\u00e9face de Jean-Paul Kauffmann, Finitude, Le Bouscat, 2024, 204 pages, 18 euros.<\/p>\n<\/div>\n<div id=\"nb2\">\n<p><span class=\"spip_note_ref\">(<a target=\"_blank\" href=\"http:\/\/www.monde-diplomatique.fr\/2024\/11\/PARDO\/67762#nh2\" class=\"spip_note\" title=\"Notes 2\" rev=\"appendix\">2<\/a>)\u00a0<\/span><i>Zobain,<\/i> Gallimard, Paris, 1936, r\u00e9\u00e9d. Finitude, 2015.<\/p>\n<\/div>\n<div id=\"nb3\">\n<p><span class=\"spip_note_ref\">(<a target=\"_blank\" href=\"http:\/\/www.monde-diplomatique.fr\/2024\/11\/PARDO\/67762#nh3\" class=\"spip_note\" title=\"Notes 3\" rev=\"appendix\">3<\/a>)\u00a0<\/span><i>Les Poulpes,<\/i> roman de huit cents pages paru en 1953 chez Gallimard et republi\u00e9 en 1983 par Le Tout sur le tout, n\u2019est plus disponible. En revanche, le n\u00e9cessaire <i>La Peau dure<\/i> (1947) a \u00e9t\u00e9 r\u00e9\u00e9dit\u00e9 par Finitude (2017).<\/p>\n<\/div>\n<div id=\"nb4\">\n<p><span class=\"spip_note_ref\">(<a target=\"_blank\" href=\"http:\/\/www.monde-diplomatique.fr\/2024\/11\/PARDO\/67762#nh4\" class=\"spip_note\" title=\"Notes 4\" rev=\"appendix\">4<\/a>)\u00a0<\/span><i>Quand vient la fin,<\/i> publi\u00e9 durant sa captivit\u00e9 en 1941, fr\u00f4le le prix Goncourt. Henri Pourrat lui sera pr\u00e9f\u00e9r\u00e9.<\/p>\n<\/div>\n<div id=\"nb5\">\n<p><span class=\"spip_note_ref\">(<a target=\"_blank\" href=\"http:\/\/www.monde-diplomatique.fr\/2024\/11\/PARDO\/67762#nh5\" class=\"spip_note\" title=\"Notes 5\" rev=\"appendix\">5<\/a>)\u00a0<\/span>Le terme \u00ab<small class=\"fine\">\u00a0<\/small>barbarie<small class=\"fine\">\u00a0<\/small>\u00bb d\u00e9signe chez Gu\u00e9rin l\u2019Allemagne nazie<small class=\"fine\">\u00a0<\/small>; celui de \u00ab<small class=\"fine\">\u00a0<\/small>sottise<small class=\"fine\">\u00a0<\/small>\u00bb, la guerre et ses d\u00e9sastres. <i>Cf. Le Temps de la sottise,<\/i> Le Dilettante, Paris, 1988, puis Gallimard, 2003.<\/p>\n<\/div>\n<div id=\"nb6\">\n<p><span class=\"spip_note_ref\">(<a target=\"_blank\" href=\"http:\/\/www.monde-diplomatique.fr\/2024\/11\/PARDO\/67762#nh6\" class=\"spip_note\" title=\"Notes 6\" rev=\"appendix\">6<\/a>)\u00a0<\/span><i>Du c\u00f4t\u00e9 de chez Malaparte,<\/i> Finitude, 2024, 96 pages, 14,50 euros.<\/p>\n<\/div>\n<\/div>\n<p><br \/>\n<br \/><a href=\"https:\/\/www.monde-diplomatique.fr\/2024\/11\/PARDO\/67762\" target=\"_blank\"\">Source link <\/a><\/p>\n","protected":false},"excerpt":{"rendered":"<p>Il est l\u2019un de ces grands m\u00e9connus qu\u2019on red\u00e9couvre de temps \u00e0 autre \u00e0 la faveur d\u2019une r\u00e9\u00e9dition, comme le r\u00e9cent Retour de Barbarie\u00a0(1), assemblage de deux textes jusqu\u2019ici \u00e9dit\u00e9s&hellip; <\/p>\n","protected":false},"author":1,"featured_media":84,"comment_status":"open","ping_status":"open","sticky":false,"template":"","format":"standard","meta":{"footnotes":""},"categories":[1],"tags":[],"class_list":["post-83","post","type-post","status-publish","format-standard","has-post-thumbnail","hentry","category-non-classe"],"_links":{"self":[{"href":"https:\/\/monde25.info\/index.php\/wp-json\/wp\/v2\/posts\/83","targetHints":{"allow":["GET"]}}],"collection":[{"href":"https:\/\/monde25.info\/index.php\/wp-json\/wp\/v2\/posts"}],"about":[{"href":"https:\/\/monde25.info\/index.php\/wp-json\/wp\/v2\/types\/post"}],"author":[{"embeddable":true,"href":"https:\/\/monde25.info\/index.php\/wp-json\/wp\/v2\/users\/1"}],"replies":[{"embeddable":true,"href":"https:\/\/monde25.info\/index.php\/wp-json\/wp\/v2\/comments?post=83"}],"version-history":[{"count":0,"href":"https:\/\/monde25.info\/index.php\/wp-json\/wp\/v2\/posts\/83\/revisions"}],"wp:featuredmedia":[{"embeddable":true,"href":"https:\/\/monde25.info\/index.php\/wp-json\/wp\/v2\/media\/84"}],"wp:attachment":[{"href":"https:\/\/monde25.info\/index.php\/wp-json\/wp\/v2\/media?parent=83"}],"wp:term":[{"taxonomy":"category","embeddable":true,"href":"https:\/\/monde25.info\/index.php\/wp-json\/wp\/v2\/categories?post=83"},{"taxonomy":"post_tag","embeddable":true,"href":"https:\/\/monde25.info\/index.php\/wp-json\/wp\/v2\/tags?post=83"}],"curies":[{"name":"wp","href":"https:\/\/api.w.org\/{rel}","templated":true}]}}