{"id":85,"date":"2024-11-14T12:05:13","date_gmt":"2024-11-14T11:05:13","guid":{"rendered":"https:\/\/monde25.info\/index.php\/2024\/11\/14\/billets-davion-davantage-taxes-les-pilotes-en-greve\/"},"modified":"2024-11-14T12:05:13","modified_gmt":"2024-11-14T11:05:13","slug":"billets-davion-davantage-taxes-les-pilotes-en-greve","status":"publish","type":"post","link":"https:\/\/monde25.info\/index.php\/2024\/11\/14\/billets-davion-davantage-taxes-les-pilotes-en-greve\/","title":{"rendered":"Billets d&#039;avion davantage tax\u00e9s\u00a0: les pilotes en gr\u00e8ve"},"content":{"rendered":"<p> <br \/>\n<br \/><img loading=\"lazy\" decoding=\"async\" src=\"https:\/\/reporterre.net\/local\/cache-vignettes\/L700xH466\/wing-sky-fly-airport-airplane-aircraft-jet-vehicle-airline-aviation-flight-climb-airliner-airbus-a380-large-span-landing-boeing-takeoff-passenger-aircraft-air-force-jet-aircraft-boeing-777-military-aircraft-air-travel-d7d30.jpg?1731578168\" class=\"spip_logo\" width=\"700\" height=\"466\" alt=\"\" \/><\/p>\n<p>Les pilotes de ligne sont en gr\u00e8ve jeudi 14\u00a0novembre pour protester contre l&rsquo;augmentation de la taxe sur les billets d&rsquo;avion. En effet, l&rsquo;Assembl\u00e9e nationale a adopt\u00e9 le 8\u00a0novembre un amendement du gouvernement qui pr\u00e9voit de collecter 1 milliard d&rsquo;euros suppl\u00e9mentaires en 2025, via la taxe de solidarit\u00e9 sur les billets d&rsquo;avion (<span class=\"caps\">TSBA<\/span>). L&rsquo;entr\u00e9e en vigueur de cette fiscalit\u00e9 est pr\u00e9vue au 1<sup class=\"typo_exposants\">er<\/sup>\u00a0janvier 2025 pour une dur\u00e9e d&rsquo;un an. L&rsquo;outre-mer et la Corse en seraient exempt\u00e9es. Le syndicat\u00a0(\u2026)<\/p>\n<p>                    <a target=\"_blank\" href=\"https:\/\/reporterre.net\/Greve-les-pilotes-de-lignes-se-trompent-de-combat-selon-deux-ONG?utm_source=RSS&amp;utm_medium=RSS\">Lire la suite<\/a><\/p>\n<p>                    &#8211;<br \/>\n                        <a target=\"_blank\" href=\"https:\/\/reporterre.net\/Breves-20\" rel=\"directory\">En bref<\/a><\/p>\n<p>                    \/<br \/>\n                        <a target=\"_blank\" href=\"https:\/\/reporterre.net\/Climat-18\" rel=\"tag\">Climat <\/a><br \/>\n                    ,<br \/>\n                        <a target=\"_blank\" href=\"https:\/\/reporterre.net\/Transports\" rel=\"tag\">Transports<\/a><br \/>\n<br \/><br \/>\n<br \/><a href=\"https:\/\/reporterre.net\/Greve-les-pilotes-de-lignes-se-trompent-de-combat-selon-deux-ONG\" target=\"_blank\"\">Source link <\/a><\/p>\n","protected":false},"excerpt":{"rendered":"<p>Les pilotes de ligne sont en gr\u00e8ve jeudi 14\u00a0novembre pour protester contre l&rsquo;augmentation de la taxe sur les billets d&rsquo;avion. En effet, l&rsquo;Assembl\u00e9e nationale a adopt\u00e9 le 8\u00a0novembre un amendement&hellip; <\/p>\n","protected":false},"author":1,"featured_media":86,"comment_status":"open","ping_status":"open","sticky":false,"template":"","format":"standard","meta":{"footnotes":""},"categories":[1],"tags":[],"class_list":["post-85","post","type-post","status-publish","format-standard","has-post-thumbnail","hentry","category-non-classe"],"_links":{"self":[{"href":"https:\/\/monde25.info\/index.php\/wp-json\/wp\/v2\/posts\/85","targetHints":{"allow":["GET"]}}],"collection":[{"href":"https:\/\/monde25.info\/index.php\/wp-json\/wp\/v2\/posts"}],"about":[{"href":"https:\/\/monde25.info\/index.php\/wp-json\/wp\/v2\/types\/post"}],"author":[{"embeddable":true,"href":"https:\/\/monde25.info\/index.php\/wp-json\/wp\/v2\/users\/1"}],"replies":[{"embeddable":true,"href":"https:\/\/monde25.info\/index.php\/wp-json\/wp\/v2\/comments?post=85"}],"version-history":[{"count":0,"href":"https:\/\/monde25.info\/index.php\/wp-json\/wp\/v2\/posts\/85\/revisions"}],"wp:featuredmedia":[{"embeddable":true,"href":"https:\/\/monde25.info\/index.php\/wp-json\/wp\/v2\/media\/86"}],"wp:attachment":[{"href":"https:\/\/monde25.info\/index.php\/wp-json\/wp\/v2\/media?parent=85"}],"wp:term":[{"taxonomy":"category","embeddable":true,"href":"https:\/\/monde25.info\/index.php\/wp-json\/wp\/v2\/categories?post=85"},{"taxonomy":"post_tag","embeddable":true,"href":"https:\/\/monde25.info\/index.php\/wp-json\/wp\/v2\/tags?post=85"}],"curies":[{"name":"wp","href":"https:\/\/api.w.org\/{rel}","templated":true}]}}