{"id":87,"date":"2024-11-14T12:38:37","date_gmt":"2024-11-14T11:38:37","guid":{"rendered":"https:\/\/monde25.info\/index.php\/2024\/11\/14\/la-lente-descente-aux-enfers-des-prisons-belges\/"},"modified":"2024-11-14T12:38:37","modified_gmt":"2024-11-14T11:38:37","slug":"la-lente-descente-aux-enfers-des-prisons-belges","status":"publish","type":"post","link":"https:\/\/monde25.info\/index.php\/2024\/11\/14\/la-lente-descente-aux-enfers-des-prisons-belges\/","title":{"rendered":"La lente descente aux enfers des prisons belges"},"content":{"rendered":"<p> <br \/>\n<\/p>\n<div>\n<h4 class=\"p1\"><b>Prisons surpeupl\u00e9es et d\u00e9labr\u00e9es, manquements graves aux normes d\u2019hygi\u00e8ne, acc\u00e8s insuffisant aux services de base et aux soins m\u00e9dicaux,\u2026 <a target=\"_blank\" href=\"https:\/\/www.amnesty.be\/infos\/notre-magazine-le-fil\/2024\/article\/manquements-droits-humains-pleuvent-prisons-saturees?utm_source=email&amp;utm_medium=email-newsletter&amp;utm_campaign=2024-newsletter-article-01-36\">Amnesty International d\u00e9nonce une fois de plus les conditions de vie d\u00e9plorables des d\u00e9tenus en Belgique<\/a>. Alors que les membres du personnel carc\u00e9ral et les syndicats se mobilisent en faveur d\u2019une r\u00e9forme majeure du syst\u00e8me p\u00e9nitentiaire, les autorit\u00e9s tardent \u00e0 prendre des mesures pour am\u00e9liorer leurs conditions de d\u00e9tention.<\/b><\/h4>\n<p class=\"p1\"><i>\u00ab\u00a0Ils sont parfois trois, enferm\u00e9s toute la journ\u00e9e dans une cellule pr\u00e9vue pour deux, d\u2019\u00e0 peine 2,50 m sur 3,50 m\u00a0\u00bb, <\/i>relate Philippe Hensmans, ancien directeur de la section belge francophone d\u2019Amnesty International et b\u00e9n\u00e9vole au sein d\u2019un comit\u00e9 de surveillance du Conseil Central de Surveillance P\u00e9nitentiaire (CCSP). Loin de l\u2019image populaire de \u00ab\u00a0l\u2019h\u00f4tel cinq \u00e9toiles\u00a0\u00bb, <strong>le quotidien au sein des prisons belges est marqu\u00e9 par le manque de personnel, un surpeuplement carc\u00e9ral, le manque d\u2019hygi\u00e8ne et des actes de violence r\u00e9currents.<\/strong><\/p>\n<figure id=\"attachment_687702\" aria-describedby=\"caption-attachment-687702\" style=\"width: 1024px\" class=\"wp-caption alignnone\"><img fetchpriority=\"high\" decoding=\"async\" class=\"size-medium wp-image-687702\" src=\"https:\/\/mrmondialisation.org\/wp-content\/uploads\/2024\/09\/barbed-wire-960248-1280-1024x681.jpg\" alt=\"\" width=\"1024\" height=\"681\" srcset=\"https:\/\/mrmondialisation.org\/wp-content\/uploads\/2024\/09\/barbed-wire-960248-1280-1024x681.jpg 1024w, https:\/\/mrmondialisation.org\/wp-content\/uploads\/2024\/09\/barbed-wire-960248-1280-768x511.jpg 768w, https:\/\/mrmondialisation.org\/wp-content\/uploads\/2024\/09\/barbed-wire-960248-1280-696x463.jpg 696w, https:\/\/mrmondialisation.org\/wp-content\/uploads\/2024\/09\/barbed-wire-960248-1280-1068x710.jpg 1068w, https:\/\/mrmondialisation.org\/wp-content\/uploads\/2024\/09\/barbed-wire-960248-1280-632x420.jpg 632w, https:\/\/mrmondialisation.org\/wp-content\/uploads\/2024\/09\/barbed-wire-960248-1280.jpg 1280w\" sizes=\"(max-width: 1024px) 100vw, 1024px\"\/><figcaption id=\"caption-attachment-687702\" class=\"wp-caption-text\">En\u00a02008, un m\u00e9ga plan de construction de sept nouvelles prisons \u00e9tait lanc\u00e9 pour rem\u00e9dier \u00e0 la surpopulation. La prison de Haren (1200 places), ayant vu le jour en\u00a02022, est d\u00e9j\u00e0 surpeupl\u00e9e.<\/figcaption><\/figure>\n<h2 class=\"p1\"><b>Quand les prisons d\u00e9bordent<\/b><\/h2>\n<p class=\"p1\">Le territoire belge compte \u00e0 ce jour 39 \u00e9tablissements p\u00e9nitentiaires, \u00ab\u00a0<i>soit 10 773 places pour les 12 130 d\u00e9tenus, selon les donn\u00e9es du SPF Justice au 15 mai 2024 <\/i>\u00bb, <a target=\"_blank\" href=\"https:\/\/www.amnesty.be\/infos\/notre-magazine-le-fil\/2024\/article\/manquements-droits-humains-pleuvent-prisons-saturees?utm_source=email&amp;utm_medium=email-newsletter&amp;utm_campaign=2024-newsletter-article-01-36\">explique Guylaine Germain dans un article du Fil, la revue trimestrielle publi\u00e9e par Amnesty International Belgique Francophone (AIBF)<\/a>.<\/p>\n<p class=\"p1\">Au printemps 2023, <strong>le taux de surpopulation \u00e9tait encore sup\u00e9rieur pour atteindre les 17%<\/strong>. 250 d\u00e9tenus dormaient alors sur des matelas pos\u00e9s \u00e0 m\u00eame le sol. \u00c0 ce jour, <strong>plus de 280 \u00ab lits \u00bb suppl\u00e9mentaires sont encore install\u00e9s dans les cellules du pays<\/strong>, rapporte Amnesty.<\/p>\n<p class=\"p1\">Parmi les d\u00e9tenus, \u00ab\u00a0<i>30% sont des pr\u00e9venus <\/i>(soit des personnes qui n\u2019ont pas encore \u00e9t\u00e9 d\u00e9finitivement jug\u00e9es et donc pr\u00e9sum\u00e9es innocentes, ndlr.)<i>, qui peuvent attendre longtemps avant de passer en jugement. <strong>Cela illustre le retard que la justice a pu accumuler dans le traitement des dossiers<\/strong><\/i> \u00bb, ass\u00e8ne encore\u00a0Philippe Hensmans.<\/p>\n<h2 class=\"p1\"><b>Une politique d\u2019incarc\u00e9ration stricte<\/b><\/h2>\n<p class=\"p2\"><span class=\"s2\">L\u2019ancienne politique p\u00e9nale, qui permettait aux condamn\u00e9s \u00e0 des peines de moins de trois ans de les <\/span>purger sous bracelet \u00e9lectronique, a \u00e9t\u00e9 r\u00e9vis\u00e9e sous l\u2019impulsion de Vincent Van Quickenborne, ancien ministre de la Justice. D\u00e9sormais, <strong>m\u00eame les courtes peines doivent \u00eatre ex\u00e9cut\u00e9es en prison, ce qui accro\u00eet consid\u00e9rablement le nombre de d\u00e9tenus<\/strong>. Didier Breulheid, d\u00e9l\u00e9gu\u00e9 permanent \u00e0 la CSC, explique\u00a0<a target=\"_blank\" href=\"https:\/\/www.rtl.be\/actu\/decryptage-rtl-info\/decryptage-les-prisons-belges-vont-mal-et-ca-ne-date-pas-dhier-surpopulation\/2024-03-05\/article\/644914\">dans une interview accord\u00e9e \u00e0 RTL :<\/a><\/p>\n<blockquote>\n<p class=\"p2\"><strong><i>\u00ab Le gouvernement actuel a d\u00e9cid\u00e9 de mettre en place la loi d\u2019application des courtes peines, donc on a beaucoup plus de d\u00e9tenus dans nos prisons qui n\u2019y \u00e9taient pas avant \u00bb<\/i><\/strong><\/p>\n<\/blockquote>\n<p class=\"p2\">Il pr\u00e9cise que <strong>cette loi devait \u00eatre accompagn\u00e9e de la cr\u00e9ation de 15 maisons de d\u00e9tention<\/strong>, des \u00e9tablissements \u00e0 petite \u00e9chelle o\u00f9 les d\u00e9tenus b\u00e9n\u00e9ficieraient d\u2019un accompagnement personnalis\u00e9 et de plus de libert\u00e9s. <strong>\u00c0 ce jour, seuls 2 centres de ce type sont en activit\u00e9,<\/strong> un chiffre bien loin des promesses initiales.<\/p>\n<h2 class=\"p1\"><b><i>\u00ab\u00a0La prison est infest\u00e9e de punaises de lit\u00a0\u00bb<\/i><\/b><\/h2>\n<p class=\"p1\">Favoris\u00e9e par cette politique p\u00e9nitentiaire stricte, la surpopulation carc\u00e9rale conduit \u00e0 de nombreux probl\u00e8mes : \u00ab <i>\u00c0 Mons, la prison est infest\u00e9e de punaises de lit \u00bb<\/i>, explique Bastien, avocat, qui s\u2019y rend fr\u00e9quemment pour rendre visite \u00e0 ses clients. \u00ab <strong><i>\u00c0 cause de la surpopulation, il y a des matelas au sol dans les cellules. Il y a des rats, des souris. \u00c0 la prison de Forest, les d\u00e9tenus faisaient leurs besoins dans des seaux hygi\u00e9niques \u00bb<\/i><\/strong>, illustre encore Eliott, un confr\u00e8re, <a target=\"_blank\" href=\"https:\/\/www.rtbf.be\/article\/la-prison-c-est-pas-le-club-med-ils-et-elles-deconstruisent-les-cliches-sur-les-prisons-belges-11353862\">dans les pages de la RTBF<\/a>.<\/p>\n<p class=\"p1\"><i>\u00ab\u00a0Ce sont des situations anormales !\u00a0\u00bb, <\/i>s\u2019alarme<i> <\/i>Pierre Sculier, pr\u00e9sident d\u2019avocats.be.<i> \u00ab\u00a0Il y a aussi le probl\u00e8me des toilettes sans paravent pour prot\u00e9ger l\u2019intimit\u00e9, ce qui entra\u00eene des probl\u00e8mes intestinaux ou m\u00eame de constipation\u00a0\u00bb.<\/i><\/p>\n<hr\/>\n<p><a target=\"_blank\" href=\"https:\/\/fr.tipeee.com\/mr-mondialisation\"><strong>Gratuit, sans subvention et ind\u00e9pendant depuis 10 ans, nous avons besoin de vous pour continuer ce travail en 2024. Sens-toi libre d\u2019activer un abonnement volontaire sur ce lien en offrant un th\u00e9 \u00e0 l\u2019\u00e9quipe. Merci infiniment.<\/strong><\/a><\/p>\n<div class=\"td-a-rec td-a-rec-id-content_inlineright  tdi_1 td_block_template_1\">\n<span class=\"td-adspot-title\">&#8211; Pour une information libre ! &#8211;<\/span><a target=\"_blank\" href=\"https:\/\/fr.tipeee.com\/mr-mondialisation\" class=\"tipeee-project-small\">Soutenir Mr Japanization sur Tipeee<\/a>\n<\/div>\n<hr\/>\n<p class=\"p1\">D\u2019autres risques sanitaires sont \u00e0 d\u00e9plorer : <strong>les \u00e9pid\u00e9mies de gales et de tuberculose font souvent leur apparition au sein des prisons<\/strong>. Durant les fortes chaleurs estivales, l\u2019a\u00e9ration est loin d\u2019\u00eatre suffisante. \u00ab\u00a0<i>De nombreuses prisons du pays d\u00e9veloppent ainsi des soucis de salubrit\u00e9: champignons, moisissures, humidit\u00e9\u2026<\/i>\u00a0\u00bb, rel\u00e8ve Amnesty.<\/p>\n<h2 class=\"p1\"><b>Les gardiens de prison \u00e0 bout<\/b><\/h2>\n<p class=\"p1\">Une situation difficile \u00e0 supporter pour le personnel p\u00e9nitentiaire, qui se trouve dans<span class=\"Apple-converted-space\">\u00a0 <\/span>l\u2019impossibilit\u00e9 de prendre en charge chaque d\u00e9tenu dignement, <strong>donnant lieu \u00e0 davantage de conflits entre les prisonniers et envers les gardiens<\/strong>. En 2023, plusieurs gr\u00e8ves se succ\u00e8dent au sein des prisons du pays pour d\u00e9noncer une \u00ab <i>situation intenable<\/i> \u00bb. Philippe Hensmans ass\u00e8ne :<\/p>\n<blockquote>\n<p class=\"p1\"><strong><i>\u00ab En avril 2023 \u00e0 Nivelles, on m\u2019a d\u00e9clar\u00e9 8 gardiens pour 250 d\u00e9tenus. Impossible d\u2019acc\u00e9der aux services minimums \u00bb. <\/i><\/strong><\/p>\n<\/blockquote>\n<p class=\"p1\"><a target=\"_blank\" href=\"https:\/\/institutfederaldroitshumains.be\/fr\/prisons-et-droits-humains\">Selon l\u2019Institut f\u00e9d\u00e9ral des droits humains<\/a>, <strong>des traitements inhumains, assimil\u00e9s \u00e0 de la torture, en ont d\u00e9coul\u00e9.<\/strong><\/p>\n<figure id=\"attachment_106241\" aria-describedby=\"caption-attachment-106241\" style=\"width: 700px\" class=\"wp-caption alignnone\"><img loading=\"lazy\" decoding=\"async\" class=\"size-full wp-image-106241\" src=\"https:\/\/mrmondialisation.org\/wp-content\/uploads\/2017\/07\/Prison-Radicalisation_Teaser.jpg\" alt=\"\" width=\"700\" height=\"525\" srcset=\"https:\/\/mrmondialisation.org\/wp-content\/uploads\/2017\/07\/Prison-Radicalisation_Teaser.jpg 700w, https:\/\/mrmondialisation.org\/wp-content\/uploads\/2017\/07\/Prison-Radicalisation_Teaser-80x60.jpg 80w, https:\/\/mrmondialisation.org\/wp-content\/uploads\/2017\/07\/Prison-Radicalisation_Teaser-265x198.jpg 265w, https:\/\/mrmondialisation.org\/wp-content\/uploads\/2017\/07\/Prison-Radicalisation_Teaser-696x522.jpg 696w, https:\/\/mrmondialisation.org\/wp-content\/uploads\/2017\/07\/Prison-Radicalisation_Teaser-560x420.jpg 560w\" sizes=\"auto, (max-width: 700px) 100vw, 700px\"\/><figcaption id=\"caption-attachment-106241\" class=\"wp-caption-text\">Cr\u00e9dit : Center on Religion and Geopolitics<\/figcaption><\/figure>\n<p class=\"p1\">En octobre de la m\u00eame ann\u00e9e, <strong>le Conseil de l\u2019Europe a r\u00e9it\u00e9r\u00e9 ses critiques au sujet des probl\u00e8mes structurels du syst\u00e8me carc\u00e9ral belge et de l\u2019absence de recours efficaces<\/strong>. \u00ab<i>\u00a0Il a exhort\u00e9 les autorit\u00e9s \u00e0 prendre des mesures rapides et durables pour r\u00e9duire le nombre de personnes d\u00e9tenues et am\u00e9liorer les conditions de d\u00e9tention\u00a0<\/i>\u00bb, <a target=\"_blank\" href=\"https:\/\/\/Users\/lou\/Downloads\/POL1072002024FRENCH.pdf\">rappelle le rapport d\u2019Amnesty.<\/a><\/p>\n<h2 class=\"p1\"><b>Changer de regard sur le r\u00f4le de la prison<\/b><\/h2>\n<p class=\"p1\">Entre temps, peu de choses ont chang\u00e9. <strong>Avocats, syndicats et d\u00e9fenseurs des droits des d\u00e9tenus militent pour une autre politique carc\u00e9rale : incarc\u00e9rer le moins possible, si ce n\u2019est pas du tout pour certains<\/strong>. <i>\u00ab\u00a0Les solutions sont connues, mais on ne les applique pas\u00a0\u00bb,<\/i> regrette Marc N\u00e8ve, directeur du CCSP, qui cite notamment les travaux d\u2019int\u00e9r\u00eat g\u00e9n\u00e9ral, la surveillance \u00e9lectronique ou par un assistant de justice, la libert\u00e9 conditionnelle, les quotas pour la pr\u00e9ventive ou <strong>des m\u00e9canismes de justice restaurative tels qu\u2019expos\u00e9s dans le film <em>Je verrai toujours vos visages<\/em><\/strong>.<\/p>\n<p><iframe loading=\"lazy\" title=\"JE VERRAI TOUJOURS VOS VISAGES Bande Annonce (Nouvelle, 2023) Ad\u00e8le Exarchopoulos, Le\u00efla Bekhti\" width=\"1110\" height=\"624\" src=\"https:\/\/www.youtube.com\/embed\/eq3py0LHqD8?feature=oembed\" frameborder=\"0\" allow=\"accelerometer; autoplay; clipboard-write; encrypted-media; gyroscope; picture-in-picture; web-share\" referrerpolicy=\"strict-origin-when-cross-origin\" allowfullscreen><\/iframe><\/p>\n<p class=\"p1\">\u00ab\u00a0<i>Dans l\u2019imaginaire collectif, on professe que seule la prison est une vraie peine. La Belgique annonce toujours ouvrir de nouveaux \u00e9tablissements mais cette course \u00e0 toujours plus ne va pas.<a target=\"_blank\" href=\"https:\/\/mrmondialisation.org\/turquie-des-milliers-de-prisonniers-politiques-aux-portes-de-leurope\/\"><strong> La prison ne sert \u00e0 rien, elle aggrave m\u00eame la situation.<\/strong> <\/a>Il faut d\u2019autres initiatives pour diminuer la d\u00e9tention, mais il n\u2019y a aucune r\u00e9flexion au niveau politique\u00a0<\/i>\u00bb, regrette l\u2019avocat.<\/p>\n<p style=\"text-align: right;\"><strong><em>\u2013 L.A.<\/em><\/strong><\/p>\n<hr\/>\n<p>Photo de couverture de <a target=\"_blank\" href=\"https:\/\/www.pexels.com\/fr-fr\/photo\/nourriture-aliments-homme-diner-10473516\/\">Ron Lach<\/a><\/p>\n<div class=\"td-a-rec td-a-rec-id-content_bottom  tdi_2 td_block_template_1\">\n<span class=\"td-adspot-title\">&#8211; Cet article gratuit et ind\u00e9pendant existe gr\u00e2ce \u00e0 vous &#8211;<\/span><\/p>\n<div class=\"td-all-devices\">\n    <a target=\"_blank\" href=\"https:\/\/mrmondialisation.org\/donation\/\" title=\"Faire_un_don\"><img decoding=\"async\" class=\"donationArticle\" src=\"https:\/\/mrmondialisation.org\/wp-content\/uploads\/2022\/12\/220405-flikalicious-final.jpg\" alt=\"Donation\"\/><\/a>\n<\/div>\n<\/div><\/div>\n<p><br \/>\n<br \/><a href=\"https:\/\/mrmondialisation.org\/prisons-belges-le-cauchemar-continue-pour-les-detenus\/\" target=\"_blank\"\">Source link <\/a><\/p>\n","protected":false},"excerpt":{"rendered":"<p>Prisons surpeupl\u00e9es et d\u00e9labr\u00e9es, manquements graves aux normes d\u2019hygi\u00e8ne, acc\u00e8s insuffisant aux services de base et aux soins m\u00e9dicaux,\u2026 Amnesty International d\u00e9nonce une fois de plus les conditions de vie&hellip; <\/p>\n","protected":false},"author":1,"featured_media":88,"comment_status":"open","ping_status":"open","sticky":false,"template":"","format":"standard","meta":{"footnotes":""},"categories":[1],"tags":[],"class_list":["post-87","post","type-post","status-publish","format-standard","has-post-thumbnail","hentry","category-non-classe"],"_links":{"self":[{"href":"https:\/\/monde25.info\/index.php\/wp-json\/wp\/v2\/posts\/87","targetHints":{"allow":["GET"]}}],"collection":[{"href":"https:\/\/monde25.info\/index.php\/wp-json\/wp\/v2\/posts"}],"about":[{"href":"https:\/\/monde25.info\/index.php\/wp-json\/wp\/v2\/types\/post"}],"author":[{"embeddable":true,"href":"https:\/\/monde25.info\/index.php\/wp-json\/wp\/v2\/users\/1"}],"replies":[{"embeddable":true,"href":"https:\/\/monde25.info\/index.php\/wp-json\/wp\/v2\/comments?post=87"}],"version-history":[{"count":0,"href":"https:\/\/monde25.info\/index.php\/wp-json\/wp\/v2\/posts\/87\/revisions"}],"wp:featuredmedia":[{"embeddable":true,"href":"https:\/\/monde25.info\/index.php\/wp-json\/wp\/v2\/media\/88"}],"wp:attachment":[{"href":"https:\/\/monde25.info\/index.php\/wp-json\/wp\/v2\/media?parent=87"}],"wp:term":[{"taxonomy":"category","embeddable":true,"href":"https:\/\/monde25.info\/index.php\/wp-json\/wp\/v2\/categories?post=87"},{"taxonomy":"post_tag","embeddable":true,"href":"https:\/\/monde25.info\/index.php\/wp-json\/wp\/v2\/tags?post=87"}],"curies":[{"name":"wp","href":"https:\/\/api.w.org\/{rel}","templated":true}]}}